{"id":2524,"date":"2018-04-20T10:24:16","date_gmt":"2018-04-20T08:24:16","guid":{"rendered":"http:\/\/agora.xtec.cat\/escolaelviver\/?p=2524"},"modified":"2018-04-20T10:25:19","modified_gmt":"2018-04-20T08:25:19","slug":"fem-mussols-amb-la-mare-i-avia-de-la-vera","status":"publish","type":"post","link":"https:\/\/agora.xtec.cat\/escolaelviver\/infantil\/fem-mussols-amb-la-mare-i-avia-de-la-vera\/","title":{"rendered":"Fem mussols amb la mare i l&#8217;\u00e0via de la Vera"},"content":{"rendered":"<p>Fes click al seg\u00fcent enlla\u00e7 per veure les fotos:<\/p>\n<p><a href=\"https:\/\/photos.app.goo.gl\/oTssjqGM05L7ARrK2\" target=\"_blank\" rel=\"noopener noreferrer\">https:\/\/photos.app.goo.gl\/oTssjqGM05L7ARrK2<\/a><\/p>\n","protected":false},"excerpt":{"rendered":"<p>Fes click al seg\u00fcent enlla\u00e7 per veure les fotos:<br \/>\n<a href=\"https:\/\/photos.app.goo.gl\/oTssjqGM05L7ARrK2\" target=\"_blank\" rel=\"noopener noreferrer\">https:\/\/photos.app.goo.gl\/oTssjqGM05L7ARrK2<\/a><\/p>\n","protected":false},"author":44,"featured_media":0,"comment_status":"open","ping_status":"closed","sticky":false,"template":"","format":"standard","meta":{"_bbp_topic_count":0,"_bbp_reply_count":0,"_bbp_total_topic_count":0,"_bbp_total_reply_count":0,"_bbp_voice_count":0,"_bbp_anonymous_reply_count":0,"_bbp_topic_count_hidden":0,"_bbp_reply_count_hidden":0,"_bbp_forum_subforum_count":0,"footnotes":""},"categories":[2,4,3,90],"tags":[],"class_list":["post-2524","post","type-post","status-publish","format-standard","hentry","category-infantil","category-portada","category-prom2013_p3","category-prom2013_p4"],"post_mailing_queue_ids":[],"_links":{"self":[{"href":"https:\/\/agora.xtec.cat\/escolaelviver\/wp-json\/wp\/v2\/posts\/2524","targetHints":{"allow":["GET"]}}],"collection":[{"href":"https:\/\/agora.xtec.cat\/escolaelviver\/wp-json\/wp\/v2\/posts"}],"about":[{"href":"https:\/\/agora.xtec.cat\/escolaelviver\/wp-json\/wp\/v2\/types\/post"}],"author":[{"embeddable":true,"href":"https:\/\/agora.xtec.cat\/escolaelviver\/wp-json\/wp\/v2\/users\/44"}],"replies":[{"embeddable":true,"href":"https:\/\/agora.xtec.cat\/escolaelviver\/wp-json\/wp\/v2\/comments?post=2524"}],"version-history":[{"count":3,"href":"https:\/\/agora.xtec.cat\/escolaelviver\/wp-json\/wp\/v2\/posts\/2524\/revisions"}],"predecessor-version":[{"id":2527,"href":"https:\/\/agora.xtec.cat\/escolaelviver\/wp-json\/wp\/v2\/posts\/2524\/revisions\/2527"}],"wp:attachment":[{"href":"https:\/\/agora.xtec.cat\/escolaelviver\/wp-json\/wp\/v2\/media?parent=2524"}],"wp:term":[{"taxonomy":"category","embeddable":true,"href":"https:\/\/agora.xtec.cat\/escolaelviver\/wp-json\/wp\/v2\/categories?post=2524"},{"taxonomy":"post_tag","embeddable":true,"href":"https:\/\/agora.xtec.cat\/escolaelviver\/wp-json\/wp\/v2\/tags?post=2524"}],"curies":[{"name":"wp","href":"https:\/\/api.w.org\/{rel}","templated":true}]}}