{"id":2516,"date":"2018-04-19T22:08:11","date_gmt":"2018-04-19T20:08:11","guid":{"rendered":"http:\/\/agora.xtec.cat\/escolaelviver\/?p=2516"},"modified":"2018-04-19T22:09:23","modified_gmt":"2018-04-19T20:09:23","slug":"ens-visita-en-david-nello","status":"publish","type":"post","link":"https:\/\/agora.xtec.cat\/escolaelviver\/general\/ens-visita-en-david-nello\/","title":{"rendered":"Ens visita en David Nel\u00b7lo"},"content":{"rendered":"<p>Ahir al mat\u00ed els nens i nenes de 4t vam poder gaudir de la visita d&#8217;en David Nel\u00b7lo. Aquest trimestre ens hem llegit el seu llibre &#8221; Els Rebels de la cabanya&#8221; i ahir ens va explicar m\u00e9s coses sobre el llibre i va respondre a totes les nostres preguntes! A m\u00e9s ens va regalar un dels seus \u00faltims llibres per nens i nenes. Gr\u00e0cies per venir! Ens ha encantat.\u00a0<a href=\"http:\/\/agora.xtec.cat\/escolaelviver\/wp-content\/uploads\/usu460\/2018\/04\/IMG_1711.jpg\"><img loading=\"lazy\" decoding=\"async\" class=\"alignnone size-large wp-image-2517\" src=\"http:\/\/agora.xtec.cat\/escolaelviver\/wp-content\/uploads\/usu460\/2018\/04\/IMG_1711-1024x768.jpg\" alt=\"\" width=\"1024\" height=\"768\" srcset=\"https:\/\/agora.xtec.cat\/escolaelviver\/wp-content\/uploads\/usu460\/2018\/04\/IMG_1711-1024x768.jpg 1024w, https:\/\/agora.xtec.cat\/escolaelviver\/wp-content\/uploads\/usu460\/2018\/04\/IMG_1711-300x225.jpg 300w, https:\/\/agora.xtec.cat\/escolaelviver\/wp-content\/uploads\/usu460\/2018\/04\/IMG_1711-768x576.jpg 768w, https:\/\/agora.xtec.cat\/escolaelviver\/wp-content\/uploads\/usu460\/2018\/04\/IMG_1711-200x150.jpg 200w\" sizes=\"auto, (max-width: 1024px) 100vw, 1024px\" \/><\/a> <a href=\"http:\/\/agora.xtec.cat\/escolaelviver\/wp-content\/uploads\/usu460\/2018\/04\/IMG_1712.jpg\"><img loading=\"lazy\" decoding=\"async\" class=\"alignnone size-large wp-image-2518\" src=\"http:\/\/agora.xtec.cat\/escolaelviver\/wp-content\/uploads\/usu460\/2018\/04\/IMG_1712-1024x768.jpg\" alt=\"\" width=\"1024\" height=\"768\" srcset=\"https:\/\/agora.xtec.cat\/escolaelviver\/wp-content\/uploads\/usu460\/2018\/04\/IMG_1712-1024x768.jpg 1024w, https:\/\/agora.xtec.cat\/escolaelviver\/wp-content\/uploads\/usu460\/2018\/04\/IMG_1712-300x225.jpg 300w, https:\/\/agora.xtec.cat\/escolaelviver\/wp-content\/uploads\/usu460\/2018\/04\/IMG_1712-768x576.jpg 768w, https:\/\/agora.xtec.cat\/escolaelviver\/wp-content\/uploads\/usu460\/2018\/04\/IMG_1712-200x150.jpg 200w\" sizes=\"auto, (max-width: 1024px) 100vw, 1024px\" \/><\/a> <a href=\"http:\/\/agora.xtec.cat\/escolaelviver\/wp-content\/uploads\/usu460\/2018\/04\/IMG_1715.jpg\"><img loading=\"lazy\" decoding=\"async\" class=\"alignnone size-large wp-image-2519\" src=\"http:\/\/agora.xtec.cat\/escolaelviver\/wp-content\/uploads\/usu460\/2018\/04\/IMG_1715-1024x768.jpg\" alt=\"\" width=\"1024\" height=\"768\" srcset=\"https:\/\/agora.xtec.cat\/escolaelviver\/wp-content\/uploads\/usu460\/2018\/04\/IMG_1715-1024x768.jpg 1024w, https:\/\/agora.xtec.cat\/escolaelviver\/wp-content\/uploads\/usu460\/2018\/04\/IMG_1715-300x225.jpg 300w, https:\/\/agora.xtec.cat\/escolaelviver\/wp-content\/uploads\/usu460\/2018\/04\/IMG_1715-768x576.jpg 768w, https:\/\/agora.xtec.cat\/escolaelviver\/wp-content\/uploads\/usu460\/2018\/04\/IMG_1715-200x150.jpg 200w\" sizes=\"auto, (max-width: 1024px) 100vw, 1024px\" \/><\/a> <a href=\"http:\/\/agora.xtec.cat\/escolaelviver\/wp-content\/uploads\/usu460\/2018\/04\/IMG_1718.jpg\"><img loading=\"lazy\" decoding=\"async\" class=\"alignnone size-large wp-image-2520\" src=\"http:\/\/agora.xtec.cat\/escolaelviver\/wp-content\/uploads\/usu460\/2018\/04\/IMG_1718-1024x768.jpg\" alt=\"\" width=\"1024\" height=\"768\" srcset=\"https:\/\/agora.xtec.cat\/escolaelviver\/wp-content\/uploads\/usu460\/2018\/04\/IMG_1718-1024x768.jpg 1024w, https:\/\/agora.xtec.cat\/escolaelviver\/wp-content\/uploads\/usu460\/2018\/04\/IMG_1718-300x225.jpg 300w, https:\/\/agora.xtec.cat\/escolaelviver\/wp-content\/uploads\/usu460\/2018\/04\/IMG_1718-768x576.jpg 768w, https:\/\/agora.xtec.cat\/escolaelviver\/wp-content\/uploads\/usu460\/2018\/04\/IMG_1718-200x150.jpg 200w\" sizes=\"auto, (max-width: 1024px) 100vw, 1024px\" \/><\/a><\/p>\n","protected":false},"excerpt":{"rendered":"<p>Ahir al mat\u00ed els nens i nenes de 4t vam poder gaudir de la visita d&#8217;en David Nel\u00b7lo. Aquest trimestre ens hem llegit el seu llibre &#8221; Els Rebels de la cabanya&#8221; i ahir ens va explicar m\u00e9s coses sobre el llibre i va respondre&hellip;  <a href=\"https:\/\/agora.xtec.cat\/escolaelviver\/general\/ens-visita-en-david-nello\/\" title=\"Read Ens visita en David Nel\u00b7lo\">Llegeix m\u00e9s\u00bb<\/a><\/p>\n","protected":false},"author":51,"featured_media":0,"comment_status":"open","ping_status":"closed","sticky":false,"template":"","format":"standard","meta":{"_bbp_topic_count":0,"_bbp_reply_count":0,"_bbp_total_topic_count":0,"_bbp_total_reply_count":0,"_bbp_voice_count":0,"_bbp_anonymous_reply_count":0,"_bbp_topic_count_hidden":0,"_bbp_reply_count_hidden":0,"_bbp_forum_subforum_count":0,"footnotes":""},"categories":[95,58,1,4],"tags":[],"class_list":["post-2516","post","type-post","status-publish","format-standard","hentry","category-4t","category-curs-actual","category-general","category-portada"],"post_mailing_queue_ids":[],"_links":{"self":[{"href":"https:\/\/agora.xtec.cat\/escolaelviver\/wp-json\/wp\/v2\/posts\/2516","targetHints":{"allow":["GET"]}}],"collection":[{"href":"https:\/\/agora.xtec.cat\/escolaelviver\/wp-json\/wp\/v2\/posts"}],"about":[{"href":"https:\/\/agora.xtec.cat\/escolaelviver\/wp-json\/wp\/v2\/types\/post"}],"author":[{"embeddable":true,"href":"https:\/\/agora.xtec.cat\/escolaelviver\/wp-json\/wp\/v2\/users\/51"}],"replies":[{"embeddable":true,"href":"https:\/\/agora.xtec.cat\/escolaelviver\/wp-json\/wp\/v2\/comments?post=2516"}],"version-history":[{"count":2,"href":"https:\/\/agora.xtec.cat\/escolaelviver\/wp-json\/wp\/v2\/posts\/2516\/revisions"}],"predecessor-version":[{"id":2522,"href":"https:\/\/agora.xtec.cat\/escolaelviver\/wp-json\/wp\/v2\/posts\/2516\/revisions\/2522"}],"wp:attachment":[{"href":"https:\/\/agora.xtec.cat\/escolaelviver\/wp-json\/wp\/v2\/media?parent=2516"}],"wp:term":[{"taxonomy":"category","embeddable":true,"href":"https:\/\/agora.xtec.cat\/escolaelviver\/wp-json\/wp\/v2\/categories?post=2516"},{"taxonomy":"post_tag","embeddable":true,"href":"https:\/\/agora.xtec.cat\/escolaelviver\/wp-json\/wp\/v2\/tags?post=2516"}],"curies":[{"name":"wp","href":"https:\/\/api.w.org\/{rel}","templated":true}]}}