{"id":2317,"date":"2018-03-08T16:38:52","date_gmt":"2018-03-08T15:38:52","guid":{"rendered":"http:\/\/agora.xtec.cat\/escolaelviver\/?p=2317"},"modified":"2018-03-08T16:42:15","modified_gmt":"2018-03-08T15:42:15","slug":"la-conferencia-tenim-un-bitxo-que-ens-posa-nerviosos","status":"publish","type":"post","link":"https:\/\/agora.xtec.cat\/escolaelviver\/general\/la-conferencia-tenim-un-bitxo-que-ens-posa-nerviosos\/","title":{"rendered":"La confer\u00e8ncia: tenim un bitxo que ens posa nerviosos?"},"content":{"rendered":"<p style=\"text-align: center\">Despr\u00e9s de moltes setmanes, els Dofins de 2B vam acabar el projecte sobre <em>&#8220;Tenim un bitxo a dins que ens posa nerviosos?&#8221;<\/em><\/p>\n<p style=\"text-align: center\">Per saber\u00a0qu\u00e8 hav\u00edem apr\u00e8s, vam decidir preparar una confer\u00e8ncia sobre tot all\u00f2 treballat al llarg del trimestre. Abans de fer-la, \u00a0vam escriure un petit resum del projecte que ens va servir de guia per la confer\u00e8ncia. Esperem que us agradi!<\/p>\n<p style=\"text-align: center\"><strong><em>Per cert! Els bitxos no ens posen nerviosos, sin\u00f3 que tenim unes emocions que hem d&#8217;aprendre a controlar per sentir-nos m\u00e9s b\u00e9.\u00a0<\/em><\/strong><\/p>\n<p><a href=\"http:\/\/agora.xtec.cat\/escolaelviver\/wp-content\/uploads\/usu460\/2018\/03\/Confer\u00e8ncia.bmp\"><img loading=\"lazy\" decoding=\"async\" class=\"alignnone size-full wp-image-2318\" src=\"http:\/\/agora.xtec.cat\/escolaelviver\/wp-content\/uploads\/usu460\/2018\/03\/Confer\u00e8ncia.bmp\" alt=\"\" width=\"622\" height=\"707\" \/><\/a><\/p>\n","protected":false},"excerpt":{"rendered":"<p>Despr\u00e9s de moltes setmanes, els Dofins de 2B vam acabar el projecte sobre &#8220;Tenim un bitxo a dins que ens posa nerviosos?&#8221;<br \/>\nPer saber\u00a0qu\u00e8 hav\u00edem apr\u00e8s, vam decidir preparar una confer\u00e8ncia sobre tot all\u00f2 treballat al llarg del trimestre. Abans de fer-la, \u00a0vam escriure un petit&hellip;  <a href=\"https:\/\/agora.xtec.cat\/escolaelviver\/general\/la-conferencia-tenim-un-bitxo-que-ens-posa-nerviosos\/\" title=\"Read La confer\u00e8ncia: tenim un bitxo que ens posa nerviosos?\">Llegeix m\u00e9s\u00bb<\/a><\/p>\n","protected":false},"author":36,"featured_media":2318,"comment_status":"open","ping_status":"closed","sticky":false,"template":"","format":"standard","meta":{"_bbp_topic_count":0,"_bbp_reply_count":0,"_bbp_total_topic_count":0,"_bbp_total_reply_count":0,"_bbp_voice_count":0,"_bbp_anonymous_reply_count":0,"_bbp_topic_count_hidden":0,"_bbp_reply_count_hidden":0,"_bbp_forum_subforum_count":0,"footnotes":""},"categories":[93,102,1,4,5],"tags":[],"class_list":["post-2317","post","type-post","status-publish","format-standard","has-post-thumbnail","hentry","category-2n","category-el-viver-per-escrit","category-general","category-portada","category-primaria"],"post_mailing_queue_ids":[],"_links":{"self":[{"href":"https:\/\/agora.xtec.cat\/escolaelviver\/wp-json\/wp\/v2\/posts\/2317","targetHints":{"allow":["GET"]}}],"collection":[{"href":"https:\/\/agora.xtec.cat\/escolaelviver\/wp-json\/wp\/v2\/posts"}],"about":[{"href":"https:\/\/agora.xtec.cat\/escolaelviver\/wp-json\/wp\/v2\/types\/post"}],"author":[{"embeddable":true,"href":"https:\/\/agora.xtec.cat\/escolaelviver\/wp-json\/wp\/v2\/users\/36"}],"replies":[{"embeddable":true,"href":"https:\/\/agora.xtec.cat\/escolaelviver\/wp-json\/wp\/v2\/comments?post=2317"}],"version-history":[{"count":1,"href":"https:\/\/agora.xtec.cat\/escolaelviver\/wp-json\/wp\/v2\/posts\/2317\/revisions"}],"predecessor-version":[{"id":2319,"href":"https:\/\/agora.xtec.cat\/escolaelviver\/wp-json\/wp\/v2\/posts\/2317\/revisions\/2319"}],"wp:featuredmedia":[{"embeddable":true,"href":"https:\/\/agora.xtec.cat\/escolaelviver\/wp-json\/wp\/v2\/media\/2318"}],"wp:attachment":[{"href":"https:\/\/agora.xtec.cat\/escolaelviver\/wp-json\/wp\/v2\/media?parent=2317"}],"wp:term":[{"taxonomy":"category","embeddable":true,"href":"https:\/\/agora.xtec.cat\/escolaelviver\/wp-json\/wp\/v2\/categories?post=2317"},{"taxonomy":"post_tag","embeddable":true,"href":"https:\/\/agora.xtec.cat\/escolaelviver\/wp-json\/wp\/v2\/tags?post=2317"}],"curies":[{"name":"wp","href":"https:\/\/api.w.org\/{rel}","templated":true}]}}