{"id":2287,"date":"2018-03-01T19:40:58","date_gmt":"2018-03-01T18:40:58","guid":{"rendered":"http:\/\/agora.xtec.cat\/escolaelviver\/?p=2287"},"modified":"2018-03-01T19:40:58","modified_gmt":"2018-03-01T18:40:58","slug":"fem-planols-de-lescola","status":"publish","type":"post","link":"https:\/\/agora.xtec.cat\/escolaelviver\/general\/fem-planols-de-lescola\/","title":{"rendered":"Fem pl\u00e0nols de l&#8217;escola"},"content":{"rendered":"<p>Seguint amb el nostre projecte, els nens i nenes de 4t B hem fet pl\u00e0nols de l&#8217;escola. Per fer-los ens hem passejat, hem observat com s\u00f3n les diferents plantes, hem mirat els n\u00fameros de les portes de totes les aules,&#8230; Hem treballat molt i els pl\u00e0nols han quedat molt b\u00e9!<\/p>\n<p>Els podeu veure clicant aqu\u00ed:\u00a0\u00a0<a href=\"https:\/\/photos.app.goo.gl\/n1U4BIl2VbZH9hDE3\" target=\"_blank\" rel=\"noopener noreferrer\">https:\/\/photos.app.goo.gl\/n1U4BIl2VbZH9hDE3<\/a><\/p>\n","protected":false},"excerpt":{"rendered":"<p>Seguint amb el nostre projecte, els nens i nenes de 4t B hem fet pl\u00e0nols de l&#8217;escola. Per fer-los ens hem passejat, hem observat com s\u00f3n les diferents plantes, hem mirat els n\u00fameros de les portes de totes les aules,&#8230; Hem treballat molt i els&hellip;  <a href=\"https:\/\/agora.xtec.cat\/escolaelviver\/general\/fem-planols-de-lescola\/\" title=\"Read Fem pl\u00e0nols de l&#8217;escola\">Llegeix m\u00e9s\u00bb<\/a><\/p>\n","protected":false},"author":51,"featured_media":0,"comment_status":"open","ping_status":"closed","sticky":false,"template":"","format":"standard","meta":{"_bbp_topic_count":0,"_bbp_reply_count":0,"_bbp_total_topic_count":0,"_bbp_total_reply_count":0,"_bbp_voice_count":0,"_bbp_anonymous_reply_count":0,"_bbp_topic_count_hidden":0,"_bbp_reply_count_hidden":0,"_bbp_forum_subforum_count":0,"footnotes":""},"categories":[95,58,1,4],"tags":[],"class_list":["post-2287","post","type-post","status-publish","format-standard","hentry","category-4t","category-curs-actual","category-general","category-portada"],"post_mailing_queue_ids":[],"_links":{"self":[{"href":"https:\/\/agora.xtec.cat\/escolaelviver\/wp-json\/wp\/v2\/posts\/2287","targetHints":{"allow":["GET"]}}],"collection":[{"href":"https:\/\/agora.xtec.cat\/escolaelviver\/wp-json\/wp\/v2\/posts"}],"about":[{"href":"https:\/\/agora.xtec.cat\/escolaelviver\/wp-json\/wp\/v2\/types\/post"}],"author":[{"embeddable":true,"href":"https:\/\/agora.xtec.cat\/escolaelviver\/wp-json\/wp\/v2\/users\/51"}],"replies":[{"embeddable":true,"href":"https:\/\/agora.xtec.cat\/escolaelviver\/wp-json\/wp\/v2\/comments?post=2287"}],"version-history":[{"count":1,"href":"https:\/\/agora.xtec.cat\/escolaelviver\/wp-json\/wp\/v2\/posts\/2287\/revisions"}],"predecessor-version":[{"id":2288,"href":"https:\/\/agora.xtec.cat\/escolaelviver\/wp-json\/wp\/v2\/posts\/2287\/revisions\/2288"}],"wp:attachment":[{"href":"https:\/\/agora.xtec.cat\/escolaelviver\/wp-json\/wp\/v2\/media?parent=2287"}],"wp:term":[{"taxonomy":"category","embeddable":true,"href":"https:\/\/agora.xtec.cat\/escolaelviver\/wp-json\/wp\/v2\/categories?post=2287"},{"taxonomy":"post_tag","embeddable":true,"href":"https:\/\/agora.xtec.cat\/escolaelviver\/wp-json\/wp\/v2\/tags?post=2287"}],"curies":[{"name":"wp","href":"https:\/\/api.w.org\/{rel}","templated":true}]}}