{"id":2249,"date":"2018-02-26T12:51:04","date_gmt":"2018-02-26T11:51:04","guid":{"rendered":"http:\/\/agora.xtec.cat\/escolaelviver\/?p=2249"},"modified":"2018-02-26T12:51:04","modified_gmt":"2018-02-26T11:51:04","slug":"treiem-una-cama-a-la-vella-quaresma","status":"publish","type":"post","link":"https:\/\/agora.xtec.cat\/escolaelviver\/infantil\/treiem-una-cama-a-la-vella-quaresma\/","title":{"rendered":"TREIEM UNA CAMA A LA VELLA QUARESMA"},"content":{"rendered":"<p>Cada divendres ens reunim tot Educaci\u00f3 Infantil per cantar la can\u00e7\u00f2 i li treim una cama.<\/p>\n<p><a href=\"https:\/\/photos.app.goo.gl\/ux5Ix62WklQ5RBOD2\" target=\"_blank\" rel=\"noopener noreferrer\">https:\/\/photos.app.goo.gl\/ux5Ix62WklQ5RBOD2<\/a><\/p>\n<p>&nbsp;<\/p>\n","protected":false},"excerpt":{"rendered":"<p>Cada divendres ens reunim tot Educaci\u00f3 Infantil per cantar la can\u00e7\u00f2 i li treim una cama.<br \/>\n<a href=\"https:\/\/photos.app.goo.gl\/ux5Ix62WklQ5RBOD2\" target=\"_blank\" rel=\"noopener noreferrer\">https:\/\/photos.app.goo.gl\/ux5Ix62WklQ5RBOD2<\/a><br \/>\n&nbsp;<\/p>\n","protected":false},"author":10,"featured_media":0,"comment_status":"open","ping_status":"closed","sticky":false,"template":"","format":"standard","meta":{"_bbp_topic_count":0,"_bbp_reply_count":0,"_bbp_total_topic_count":0,"_bbp_total_reply_count":0,"_bbp_voice_count":0,"_bbp_anonymous_reply_count":0,"_bbp_topic_count_hidden":0,"_bbp_reply_count_hidden":0,"_bbp_forum_subforum_count":0,"footnotes":""},"categories":[2,4,8,91,3,90,89],"tags":[],"class_list":["post-2249","post","type-post","status-publish","format-standard","hentry","category-infantil","category-portada","category-prom2012_p4","category-prom2012_p5","category-prom2013_p3","category-prom2013_p4","category-prom2014_p3"],"post_mailing_queue_ids":[],"_links":{"self":[{"href":"https:\/\/agora.xtec.cat\/escolaelviver\/wp-json\/wp\/v2\/posts\/2249","targetHints":{"allow":["GET"]}}],"collection":[{"href":"https:\/\/agora.xtec.cat\/escolaelviver\/wp-json\/wp\/v2\/posts"}],"about":[{"href":"https:\/\/agora.xtec.cat\/escolaelviver\/wp-json\/wp\/v2\/types\/post"}],"author":[{"embeddable":true,"href":"https:\/\/agora.xtec.cat\/escolaelviver\/wp-json\/wp\/v2\/users\/10"}],"replies":[{"embeddable":true,"href":"https:\/\/agora.xtec.cat\/escolaelviver\/wp-json\/wp\/v2\/comments?post=2249"}],"version-history":[{"count":2,"href":"https:\/\/agora.xtec.cat\/escolaelviver\/wp-json\/wp\/v2\/posts\/2249\/revisions"}],"predecessor-version":[{"id":2252,"href":"https:\/\/agora.xtec.cat\/escolaelviver\/wp-json\/wp\/v2\/posts\/2249\/revisions\/2252"}],"wp:attachment":[{"href":"https:\/\/agora.xtec.cat\/escolaelviver\/wp-json\/wp\/v2\/media?parent=2249"}],"wp:term":[{"taxonomy":"category","embeddable":true,"href":"https:\/\/agora.xtec.cat\/escolaelviver\/wp-json\/wp\/v2\/categories?post=2249"},{"taxonomy":"post_tag","embeddable":true,"href":"https:\/\/agora.xtec.cat\/escolaelviver\/wp-json\/wp\/v2\/tags?post=2249"}],"curies":[{"name":"wp","href":"https:\/\/api.w.org\/{rel}","templated":true}]}}