{"id":2097,"date":"2018-02-09T01:14:14","date_gmt":"2018-02-09T00:14:14","guid":{"rendered":"http:\/\/agora.xtec.cat\/escolaelviver\/?p=2097"},"modified":"2018-02-09T01:16:42","modified_gmt":"2018-02-09T00:16:42","slug":"la-xocolatada-dels-superherois","status":"publish","type":"post","link":"https:\/\/agora.xtec.cat\/escolaelviver\/general\/la-xocolatada-dels-superherois\/","title":{"rendered":"LA XOCOLATADA DELS SUPERHEROIS"},"content":{"rendered":"<p>Avui ha arribat al viver el rei carnestoltes!!!! Els companys de P5, 2n,4t i 6\u00e8 ens han fet unes actuacions precioses! I el preg\u00f3 dels companys de 5\u00e8 ha estat espectacular ! Per fer encara millor la festa, l&#8217;AMPA ens ha convidat a xocolata desfeta amb melindros. Us deixem unes quantes fotos perqu\u00e8 veieu el que hem gaudit.<\/p>\n<p><a style=\"font-family: inherit;font-size: 1em\" href=\"https:\/\/photos.app.goo.gl\/xjImgk2oR7tC7oet1\">FOTOS DE LA XOCOLATADA\u00a0<\/a><\/p>\n","protected":false},"excerpt":{"rendered":"<p>Avui ha arribat al viver el rei carnestoltes!!!! Els companys de P5, 2n,4t i 6\u00e8 ens han fet unes actuacions precioses! I el preg\u00f3 dels companys de 5\u00e8 ha estat espectacular ! Per fer encara millor la festa, l&#8217;AMPA ens ha convidat a xocolata desfeta&hellip;  <a href=\"https:\/\/agora.xtec.cat\/escolaelviver\/general\/la-xocolatada-dels-superherois\/\" title=\"Read LA XOCOLATADA DELS SUPERHEROIS\">Llegeix m\u00e9s\u00bb<\/a><\/p>\n","protected":false},"author":5,"featured_media":0,"comment_status":"open","ping_status":"closed","sticky":false,"template":"","format":"standard","meta":{"_bbp_topic_count":0,"_bbp_reply_count":0,"_bbp_total_topic_count":0,"_bbp_total_reply_count":0,"_bbp_voice_count":0,"_bbp_anonymous_reply_count":0,"_bbp_topic_count_hidden":0,"_bbp_reply_count_hidden":0,"_bbp_forum_subforum_count":0,"footnotes":""},"categories":[92,63,58,1,4,5,9,78],"tags":[],"class_list":["post-2097","post","type-post","status-publish","format-standard","hentry","category-1r","category-carnestoltes","category-curs-actual","category-general","category-portada","category-primaria","category-promocio2011_p5","category-setmana-cultural"],"post_mailing_queue_ids":[],"_links":{"self":[{"href":"https:\/\/agora.xtec.cat\/escolaelviver\/wp-json\/wp\/v2\/posts\/2097","targetHints":{"allow":["GET"]}}],"collection":[{"href":"https:\/\/agora.xtec.cat\/escolaelviver\/wp-json\/wp\/v2\/posts"}],"about":[{"href":"https:\/\/agora.xtec.cat\/escolaelviver\/wp-json\/wp\/v2\/types\/post"}],"author":[{"embeddable":true,"href":"https:\/\/agora.xtec.cat\/escolaelviver\/wp-json\/wp\/v2\/users\/5"}],"replies":[{"embeddable":true,"href":"https:\/\/agora.xtec.cat\/escolaelviver\/wp-json\/wp\/v2\/comments?post=2097"}],"version-history":[{"count":2,"href":"https:\/\/agora.xtec.cat\/escolaelviver\/wp-json\/wp\/v2\/posts\/2097\/revisions"}],"predecessor-version":[{"id":2100,"href":"https:\/\/agora.xtec.cat\/escolaelviver\/wp-json\/wp\/v2\/posts\/2097\/revisions\/2100"}],"wp:attachment":[{"href":"https:\/\/agora.xtec.cat\/escolaelviver\/wp-json\/wp\/v2\/media?parent=2097"}],"wp:term":[{"taxonomy":"category","embeddable":true,"href":"https:\/\/agora.xtec.cat\/escolaelviver\/wp-json\/wp\/v2\/categories?post=2097"},{"taxonomy":"post_tag","embeddable":true,"href":"https:\/\/agora.xtec.cat\/escolaelviver\/wp-json\/wp\/v2\/tags?post=2097"}],"curies":[{"name":"wp","href":"https:\/\/api.w.org\/{rel}","templated":true}]}}