{"id":1936,"date":"2017-12-23T10:30:26","date_gmt":"2017-12-23T09:30:26","guid":{"rendered":"http:\/\/agora.xtec.cat\/escolaelviver\/?p=1936"},"modified":"2017-12-23T11:12:07","modified_gmt":"2017-12-23T10:12:07","slug":"lultim-dia-del-primer-trimestre-dels-peixos","status":"publish","type":"post","link":"https:\/\/agora.xtec.cat\/escolaelviver\/portada\/lultim-dia-del-primer-trimestre-dels-peixos\/","title":{"rendered":"L&#8217;\u00daLTIM DIA DEL PRIMER TRIMESTRE DELS PEIXOS!"},"content":{"rendered":"<p>El divendres 22 de desembre va ser l&#8217;\u00faltim dia del primer trimestre i els Peixos ens ho vam passar molt b\u00e9! Ens vam pintar la cara, ens van visitar la S\u00edlvia i l&#8217;Am\u00e0lia, vam fer cagar el Ti\u00f3, vam fer un esmorzar amb tot el Cicle Inicial i vam acabar ballant tots junts. Ara, tindrem uns dies de descans per a agafar forces pel proper trimestre. Bon Nadal!<\/p>\n<p><a href=\"https:\/\/photos.app.goo.gl\/PV1MxJrzDgyDsf373\" target=\"_blank\" rel=\"noopener noreferrer\">Aqu\u00ed teniu les fotos<\/a><\/p>\n<p><a href=\"http:\/\/agora.xtec.cat\/escolaelviver\/wp-content\/uploads\/usu460\/2017\/12\/IMG_0655.jpg\"><img loading=\"lazy\" decoding=\"async\" class=\"aligncenter wp-image-1937 size-full\" src=\"http:\/\/agora.xtec.cat\/escolaelviver\/wp-content\/uploads\/usu460\/2017\/12\/IMG_0655.jpg\" alt=\"\" width=\"448\" height=\"225\" srcset=\"https:\/\/agora.xtec.cat\/escolaelviver\/wp-content\/uploads\/usu460\/2017\/12\/IMG_0655.jpg 448w, https:\/\/agora.xtec.cat\/escolaelviver\/wp-content\/uploads\/usu460\/2017\/12\/IMG_0655-300x151.jpg 300w\" sizes=\"auto, (max-width: 448px) 100vw, 448px\" \/><\/a><\/p>\n<p>&nbsp;<\/p>\n","protected":false},"excerpt":{"rendered":"<p>El divendres 22 de desembre va ser l&#8217;\u00faltim dia del primer trimestre i els Peixos ens ho vam passar molt b\u00e9! Ens vam pintar la cara, ens van visitar la S\u00edlvia i l&#8217;Am\u00e0lia, vam fer cagar el Ti\u00f3, vam fer un esmorzar amb tot el&hellip;  <a href=\"https:\/\/agora.xtec.cat\/escolaelviver\/portada\/lultim-dia-del-primer-trimestre-dels-peixos\/\" title=\"Read L&#8217;\u00daLTIM DIA DEL PRIMER TRIMESTRE DELS PEIXOS!\">Llegeix m\u00e9s\u00bb<\/a><\/p>\n","protected":false},"author":53,"featured_media":0,"comment_status":"open","ping_status":"closed","sticky":false,"template":"","format":"standard","meta":{"_bbp_topic_count":0,"_bbp_reply_count":0,"_bbp_total_topic_count":0,"_bbp_total_reply_count":0,"_bbp_voice_count":0,"_bbp_anonymous_reply_count":0,"_bbp_topic_count_hidden":0,"_bbp_reply_count_hidden":0,"_bbp_forum_subforum_count":0,"footnotes":""},"categories":[92,4,5],"tags":[],"class_list":["post-1936","post","type-post","status-publish","format-standard","hentry","category-1r","category-portada","category-primaria"],"post_mailing_queue_ids":[],"_links":{"self":[{"href":"https:\/\/agora.xtec.cat\/escolaelviver\/wp-json\/wp\/v2\/posts\/1936","targetHints":{"allow":["GET"]}}],"collection":[{"href":"https:\/\/agora.xtec.cat\/escolaelviver\/wp-json\/wp\/v2\/posts"}],"about":[{"href":"https:\/\/agora.xtec.cat\/escolaelviver\/wp-json\/wp\/v2\/types\/post"}],"author":[{"embeddable":true,"href":"https:\/\/agora.xtec.cat\/escolaelviver\/wp-json\/wp\/v2\/users\/53"}],"replies":[{"embeddable":true,"href":"https:\/\/agora.xtec.cat\/escolaelviver\/wp-json\/wp\/v2\/comments?post=1936"}],"version-history":[{"count":3,"href":"https:\/\/agora.xtec.cat\/escolaelviver\/wp-json\/wp\/v2\/posts\/1936\/revisions"}],"predecessor-version":[{"id":1940,"href":"https:\/\/agora.xtec.cat\/escolaelviver\/wp-json\/wp\/v2\/posts\/1936\/revisions\/1940"}],"wp:attachment":[{"href":"https:\/\/agora.xtec.cat\/escolaelviver\/wp-json\/wp\/v2\/media?parent=1936"}],"wp:term":[{"taxonomy":"category","embeddable":true,"href":"https:\/\/agora.xtec.cat\/escolaelviver\/wp-json\/wp\/v2\/categories?post=1936"},{"taxonomy":"post_tag","embeddable":true,"href":"https:\/\/agora.xtec.cat\/escolaelviver\/wp-json\/wp\/v2\/tags?post=1936"}],"curies":[{"name":"wp","href":"https:\/\/api.w.org\/{rel}","templated":true}]}}