{"id":1746,"date":"2017-11-11T13:04:39","date_gmt":"2017-11-11T12:04:39","guid":{"rendered":"http:\/\/agora.xtec.cat\/escolaelviver\/?p=1746"},"modified":"2017-11-13T10:36:38","modified_gmt":"2017-11-13T09:36:38","slug":"els-alumnes-de-3r-i-4t-anem-a-la-vinya","status":"publish","type":"post","link":"https:\/\/agora.xtec.cat\/escolaelviver\/general\/els-alumnes-de-3r-i-4t-anem-a-la-vinya\/","title":{"rendered":"Els alumnes de 3r i 4t anem a la vinya!"},"content":{"rendered":"<p><a href=\"http:\/\/agora.xtec.cat\/escolaelviver\/wp-content\/uploads\/usu460\/2017\/11\/IMG_1465.jpg\"><img loading=\"lazy\" decoding=\"async\" class=\"alignnone size-large wp-image-1749\" src=\"http:\/\/agora.xtec.cat\/escolaelviver\/wp-content\/uploads\/usu460\/2017\/11\/IMG_1465-1024x768.jpg\" alt=\"\" width=\"1024\" height=\"768\" srcset=\"https:\/\/agora.xtec.cat\/escolaelviver\/wp-content\/uploads\/usu460\/2017\/11\/IMG_1465-1024x768.jpg 1024w, https:\/\/agora.xtec.cat\/escolaelviver\/wp-content\/uploads\/usu460\/2017\/11\/IMG_1465-300x225.jpg 300w, https:\/\/agora.xtec.cat\/escolaelviver\/wp-content\/uploads\/usu460\/2017\/11\/IMG_1465-768x576.jpg 768w, https:\/\/agora.xtec.cat\/escolaelviver\/wp-content\/uploads\/usu460\/2017\/11\/IMG_1465-200x150.jpg 200w\" sizes=\"auto, (max-width: 1024px) 100vw, 1024px\" \/><\/a>Els nens i nenes de cicle mitj\u00e0 i les mestres vam anar d&#8217;excursi\u00f3 a la masia Can Batlle (Bleda, Sant Mart\u00ed Sarroca). All\u00e0 ens van ensenyar les vinyes, ens van explicar moltes coses sobre els ceps, el ra\u00efm i com es fa el vi.<\/p>\n<p>Vam poder fer un taller molt bonic i tamb\u00e9 vam trepitjar ra\u00efm!<\/p>\n<p>Moltes gr\u00e0cies als monitors i monitores que ens ho van explicar tot molt b\u00e9!<\/p>\n<p>Aqu\u00ed teniu fotos del fant\u00e0stic dia que vam passar:\u00a0<a href=\"https:\/\/photos.app.goo.gl\/rnShrrNTsAtn5LXA2\" target=\"_blank\" rel=\"noopener noreferrer\">https:\/\/photos.app.goo.gl\/rnShrrNTsAtn5LXA2<\/a><\/p>\n","protected":false},"excerpt":{"rendered":"<p><a href=\"http:\/\/agora.xtec.cat\/escolaelviver\/wp-content\/uploads\/usu460\/2017\/11\/IMG_1465.jpg\"><\/a>Els nens i nenes de cicle mitj\u00e0 i les mestres vam anar d&#8217;excursi\u00f3 a la masia Can Batlle (Bleda, Sant Mart\u00ed Sarroca). All\u00e0 ens van ensenyar les vinyes, ens van explicar moltes coses sobre els ceps, el ra\u00efm i com es fa el vi.<br \/>\nVam&hellip;  <a href=\"https:\/\/agora.xtec.cat\/escolaelviver\/general\/els-alumnes-de-3r-i-4t-anem-a-la-vinya\/\" title=\"Read Els alumnes de 3r i 4t anem a la vinya!\">Llegeix m\u00e9s\u00bb<\/a><\/p>\n","protected":false},"author":51,"featured_media":1749,"comment_status":"open","ping_status":"closed","sticky":false,"template":"","format":"standard","meta":{"_bbp_topic_count":0,"_bbp_reply_count":0,"_bbp_total_topic_count":0,"_bbp_total_reply_count":0,"_bbp_voice_count":0,"_bbp_anonymous_reply_count":0,"_bbp_topic_count_hidden":0,"_bbp_reply_count_hidden":0,"_bbp_forum_subforum_count":0,"footnotes":""},"categories":[94,95,58,1,4],"tags":[],"class_list":["post-1746","post","type-post","status-publish","format-standard","has-post-thumbnail","hentry","category-3r","category-4t","category-curs-actual","category-general","category-portada"],"post_mailing_queue_ids":[],"_links":{"self":[{"href":"https:\/\/agora.xtec.cat\/escolaelviver\/wp-json\/wp\/v2\/posts\/1746","targetHints":{"allow":["GET"]}}],"collection":[{"href":"https:\/\/agora.xtec.cat\/escolaelviver\/wp-json\/wp\/v2\/posts"}],"about":[{"href":"https:\/\/agora.xtec.cat\/escolaelviver\/wp-json\/wp\/v2\/types\/post"}],"author":[{"embeddable":true,"href":"https:\/\/agora.xtec.cat\/escolaelviver\/wp-json\/wp\/v2\/users\/51"}],"replies":[{"embeddable":true,"href":"https:\/\/agora.xtec.cat\/escolaelviver\/wp-json\/wp\/v2\/comments?post=1746"}],"version-history":[{"count":2,"href":"https:\/\/agora.xtec.cat\/escolaelviver\/wp-json\/wp\/v2\/posts\/1746\/revisions"}],"predecessor-version":[{"id":1750,"href":"https:\/\/agora.xtec.cat\/escolaelviver\/wp-json\/wp\/v2\/posts\/1746\/revisions\/1750"}],"wp:featuredmedia":[{"embeddable":true,"href":"https:\/\/agora.xtec.cat\/escolaelviver\/wp-json\/wp\/v2\/media\/1749"}],"wp:attachment":[{"href":"https:\/\/agora.xtec.cat\/escolaelviver\/wp-json\/wp\/v2\/media?parent=1746"}],"wp:term":[{"taxonomy":"category","embeddable":true,"href":"https:\/\/agora.xtec.cat\/escolaelviver\/wp-json\/wp\/v2\/categories?post=1746"},{"taxonomy":"post_tag","embeddable":true,"href":"https:\/\/agora.xtec.cat\/escolaelviver\/wp-json\/wp\/v2\/tags?post=1746"}],"curies":[{"name":"wp","href":"https:\/\/api.w.org\/{rel}","templated":true}]}}