{"id":1691,"date":"2017-11-03T17:36:41","date_gmt":"2017-11-03T16:36:41","guid":{"rendered":"http:\/\/agora.xtec.cat\/escolaelviver\/?p=1691"},"modified":"2018-01-08T15:42:01","modified_gmt":"2018-01-08T14:42:01","slug":"teatre-de-families-la-bella-i-la-bestia","status":"publish","type":"post","link":"https:\/\/agora.xtec.cat\/escolaelviver\/infantil\/teatre-de-families-la-bella-i-la-bestia\/","title":{"rendered":"TEATRE DE FAM\u00cdLIES: LA BELLA I LA B\u00c8STIA"},"content":{"rendered":"<p>Avui hem gaudit de la representaci\u00f3 del musical de la &#8220;Bella i la B\u00e8stia&#8221;, i ha sigut un teatre espectacular. Volem agrair a totes les mares i pares que han col\u00b7laborat amb la seva bona predisposici\u00f3. Motles gr\u00e0cies.<\/p>\n<p><img loading=\"lazy\" decoding=\"async\" class=\"alignnone size-large wp-image-1692\" src=\"http:\/\/agora.xtec.cat\/escolaelviver\/wp-content\/uploads\/usu460\/2017\/11\/DSC02438-1024x409.jpg\" alt=\"\" width=\"1024\" height=\"409\" srcset=\"https:\/\/agora.xtec.cat\/escolaelviver\/wp-content\/uploads\/usu460\/2017\/11\/DSC02438.jpg 1024w, https:\/\/agora.xtec.cat\/escolaelviver\/wp-content\/uploads\/usu460\/2017\/11\/DSC02438-300x120.jpg 300w, https:\/\/agora.xtec.cat\/escolaelviver\/wp-content\/uploads\/usu460\/2017\/11\/DSC02438-768x307.jpg 768w\" sizes=\"auto, (max-width: 1024px) 100vw, 1024px\" \/><\/p>\n<p>Ja podeu gaudir del v\u00eddeo de la representaci\u00f3 del teatre.<\/p>\n<p><iframe loading=\"lazy\" title=\"00519 2\" width=\"500\" height=\"281\" src=\"https:\/\/www.youtube.com\/embed\/oxm2Ij_WGbY?feature=oembed\" frameborder=\"0\" allow=\"accelerometer; autoplay; clipboard-write; encrypted-media; gyroscope; picture-in-picture; web-share\" referrerpolicy=\"strict-origin-when-cross-origin\" allowfullscreen><\/iframe><\/p>\n<p>&nbsp;<\/p>\n<p>&nbsp;<\/p>\n","protected":false},"excerpt":{"rendered":"<p>Avui hem gaudit de la representaci\u00f3 del musical de la &#8220;Bella i la B\u00e8stia&#8221;, i ha sigut un teatre espectacular. Volem agrair a totes les mares i pares que han col\u00b7laborat amb la seva bona predisposici\u00f3. Motles gr\u00e0cies.<\/p>\n<p>Ja podeu gaudir del v\u00eddeo de la representaci\u00f3&hellip;  <a href=\"https:\/\/agora.xtec.cat\/escolaelviver\/infantil\/teatre-de-families-la-bella-i-la-bestia\/\" title=\"Read TEATRE DE FAM\u00cdLIES: LA BELLA I LA B\u00c8STIA\">Llegeix m\u00e9s\u00bb<\/a><\/p>\n","protected":false},"author":3,"featured_media":1692,"comment_status":"open","ping_status":"closed","sticky":false,"template":"","format":"standard","meta":{"_bbp_topic_count":0,"_bbp_reply_count":0,"_bbp_total_topic_count":0,"_bbp_total_reply_count":0,"_bbp_voice_count":0,"_bbp_anonymous_reply_count":0,"_bbp_topic_count_hidden":0,"_bbp_reply_count_hidden":0,"_bbp_forum_subforum_count":0,"footnotes":""},"categories":[92,93,7,2,4,5,91,90,89],"tags":[103,74],"class_list":["post-1691","post","type-post","status-publish","format-standard","has-post-thumbnail","hentry","category-1r","category-2n","category-ampa","category-infantil","category-portada","category-primaria","category-prom2012_p5","category-prom2013_p4","category-prom2014_p3","tag-teatre","tag-teatre-infantil"],"post_mailing_queue_ids":[],"_links":{"self":[{"href":"https:\/\/agora.xtec.cat\/escolaelviver\/wp-json\/wp\/v2\/posts\/1691","targetHints":{"allow":["GET"]}}],"collection":[{"href":"https:\/\/agora.xtec.cat\/escolaelviver\/wp-json\/wp\/v2\/posts"}],"about":[{"href":"https:\/\/agora.xtec.cat\/escolaelviver\/wp-json\/wp\/v2\/types\/post"}],"author":[{"embeddable":true,"href":"https:\/\/agora.xtec.cat\/escolaelviver\/wp-json\/wp\/v2\/users\/3"}],"replies":[{"embeddable":true,"href":"https:\/\/agora.xtec.cat\/escolaelviver\/wp-json\/wp\/v2\/comments?post=1691"}],"version-history":[{"count":3,"href":"https:\/\/agora.xtec.cat\/escolaelviver\/wp-json\/wp\/v2\/posts\/1691\/revisions"}],"predecessor-version":[{"id":1715,"href":"https:\/\/agora.xtec.cat\/escolaelviver\/wp-json\/wp\/v2\/posts\/1691\/revisions\/1715"}],"wp:featuredmedia":[{"embeddable":true,"href":"https:\/\/agora.xtec.cat\/escolaelviver\/wp-json\/wp\/v2\/media\/1692"}],"wp:attachment":[{"href":"https:\/\/agora.xtec.cat\/escolaelviver\/wp-json\/wp\/v2\/media?parent=1691"}],"wp:term":[{"taxonomy":"category","embeddable":true,"href":"https:\/\/agora.xtec.cat\/escolaelviver\/wp-json\/wp\/v2\/categories?post=1691"},{"taxonomy":"post_tag","embeddable":true,"href":"https:\/\/agora.xtec.cat\/escolaelviver\/wp-json\/wp\/v2\/tags?post=1691"}],"curies":[{"name":"wp","href":"https:\/\/api.w.org\/{rel}","templated":true}]}}