{"id":1348,"date":"2017-05-11T21:44:53","date_gmt":"2017-05-11T19:44:53","guid":{"rendered":"http:\/\/agora.xtec.cat\/escolaelviver\/?p=1348"},"modified":"2017-05-11T21:46:28","modified_gmt":"2017-05-11T19:46:28","slug":"les-families-dels-robots-a-lescola","status":"publish","type":"post","link":"https:\/\/agora.xtec.cat\/escolaelviver\/general\/les-families-dels-robots-a-lescola\/","title":{"rendered":"LES FAM\u00cdLIES DELS ROBOTS A L&#8217;ESCOLA"},"content":{"rendered":"<p>Aquesta tarda les fam\u00edlies dels ROBOTS (1r A) han vingut a passar la tarda a l&#8217;escola. Han visitat la classe, on els nens i nenes explicaven aquelles parets i racons que per ells tenen tantes coses a dir. Tamb\u00e9 han deixat un record a la llibreta d&#8217;aula i finalment hem berenat tots junts al porxo. Gr\u00e0cies fam\u00edlies, ha sigut una tarda meravellosa!<\/p>\n<p><a href=\"https:\/\/goo.gl\/photos\/NzshvsJk2Efi8AxB6\">https:\/\/goo.gl\/photos\/NzshvsJk2Efi8AxB6<\/a><\/p>\n<p>En aquest enlla\u00e7 trobareu les fotos<\/p>\n","protected":false},"excerpt":{"rendered":"<p>Aquesta tarda les fam\u00edlies dels ROBOTS (1r A) han vingut a passar la tarda a l&#8217;escola. Han visitat la classe, on els nens i nenes explicaven aquelles parets i racons que per ells tenen tantes coses a dir. Tamb\u00e9 han deixat un record a la&hellip;  <a href=\"https:\/\/agora.xtec.cat\/escolaelviver\/general\/les-families-dels-robots-a-lescola\/\" title=\"Read LES FAM\u00cdLIES DELS ROBOTS A L&#8217;ESCOLA\">Llegeix m\u00e9s\u00bb<\/a><\/p>\n","protected":false},"author":5,"featured_media":0,"comment_status":"open","ping_status":"open","sticky":false,"template":"","format":"standard","meta":{"_bbp_topic_count":0,"_bbp_reply_count":0,"_bbp_total_topic_count":0,"_bbp_total_reply_count":0,"_bbp_voice_count":0,"_bbp_anonymous_reply_count":0,"_bbp_topic_count_hidden":0,"_bbp_reply_count_hidden":0,"_bbp_forum_subforum_count":0,"footnotes":""},"categories":[1,4,5,10],"tags":[],"class_list":["post-1348","post","type-post","status-publish","format-standard","hentry","category-general","category-portada","category-primaria","category-promocio2010_1r"],"post_mailing_queue_ids":[],"_links":{"self":[{"href":"https:\/\/agora.xtec.cat\/escolaelviver\/wp-json\/wp\/v2\/posts\/1348","targetHints":{"allow":["GET"]}}],"collection":[{"href":"https:\/\/agora.xtec.cat\/escolaelviver\/wp-json\/wp\/v2\/posts"}],"about":[{"href":"https:\/\/agora.xtec.cat\/escolaelviver\/wp-json\/wp\/v2\/types\/post"}],"author":[{"embeddable":true,"href":"https:\/\/agora.xtec.cat\/escolaelviver\/wp-json\/wp\/v2\/users\/5"}],"replies":[{"embeddable":true,"href":"https:\/\/agora.xtec.cat\/escolaelviver\/wp-json\/wp\/v2\/comments?post=1348"}],"version-history":[{"count":2,"href":"https:\/\/agora.xtec.cat\/escolaelviver\/wp-json\/wp\/v2\/posts\/1348\/revisions"}],"predecessor-version":[{"id":1350,"href":"https:\/\/agora.xtec.cat\/escolaelviver\/wp-json\/wp\/v2\/posts\/1348\/revisions\/1350"}],"wp:attachment":[{"href":"https:\/\/agora.xtec.cat\/escolaelviver\/wp-json\/wp\/v2\/media?parent=1348"}],"wp:term":[{"taxonomy":"category","embeddable":true,"href":"https:\/\/agora.xtec.cat\/escolaelviver\/wp-json\/wp\/v2\/categories?post=1348"},{"taxonomy":"post_tag","embeddable":true,"href":"https:\/\/agora.xtec.cat\/escolaelviver\/wp-json\/wp\/v2\/tags?post=1348"}],"curies":[{"name":"wp","href":"https:\/\/api.w.org\/{rel}","templated":true}]}}