{"id":1307,"date":"2017-05-10T11:13:10","date_gmt":"2017-05-10T09:13:10","guid":{"rendered":"http:\/\/agora.xtec.cat\/escolaelviver\/?p=1307"},"modified":"2017-05-10T21:32:44","modified_gmt":"2017-05-10T19:32:44","slug":"ja-hem-arribat","status":"publish","type":"post","link":"https:\/\/agora.xtec.cat\/escolaelviver\/general\/ja-hem-arribat\/","title":{"rendered":"JA HEM ARRIBAT! ! SOM A CALA CANYELLES DE COL\u00d2NIES !!"},"content":{"rendered":"<p>Els nens i nenes de 6\u00e8 ja som a la casa de col\u00f2nies Cala Canyelles!<\/p>\n<h4><strong>Mares i pares, a la p\u00e0gina de 6\u00e8 podreu veure les fotografies de les activitats que anem fent cada dia. Cliqueu &#8220;men\u00fa&#8221; i &#8220;6\u00e8&#8221; o cliqueu aquest link: <\/strong><\/h4>\n<h4><a href=\"http:\/\/agora.xtec.cat\/escolaelviver\/categoria\/primaria\/6e\/\"><strong>http:\/\/agora.xtec.cat\/escolaelviver\/categoria\/primaria\/6e\/<\/strong><\/a><\/h4>\n<p>&nbsp;<\/p>\n<p>&nbsp;<\/p>\n<p>Estem esmorzant!<\/p>\n<p><a href=\"http:\/\/agora.xtec.cat\/escolaelviver\/wp-content\/uploads\/usu460\/2017\/05\/IMG_2017-05-10_11-11-08.jpg\"><img loading=\"lazy\" decoding=\"async\" class=\"alignnone size-large wp-image-1308\" src=\"http:\/\/agora.xtec.cat\/escolaelviver\/wp-content\/uploads\/usu460\/2017\/05\/IMG_2017-05-10_11-11-08-1024x1024.jpg\" alt=\"IMG_2017-05-10_11-11-08\" width=\"1024\" height=\"1024\" srcset=\"https:\/\/agora.xtec.cat\/escolaelviver\/wp-content\/uploads\/usu460\/2017\/05\/IMG_2017-05-10_11-11-08-1024x1024.jpg 1024w, https:\/\/agora.xtec.cat\/escolaelviver\/wp-content\/uploads\/usu460\/2017\/05\/IMG_2017-05-10_11-11-08-150x150.jpg 150w, https:\/\/agora.xtec.cat\/escolaelviver\/wp-content\/uploads\/usu460\/2017\/05\/IMG_2017-05-10_11-11-08-300x300.jpg 300w, https:\/\/agora.xtec.cat\/escolaelviver\/wp-content\/uploads\/usu460\/2017\/05\/IMG_2017-05-10_11-11-08-768x768.jpg 768w, https:\/\/agora.xtec.cat\/escolaelviver\/wp-content\/uploads\/usu460\/2017\/05\/IMG_2017-05-10_11-11-08.jpg 1080w\" sizes=\"auto, (max-width: 1024px) 100vw, 1024px\" \/><\/a><\/p>\n<p><a href=\"http:\/\/agora.xtec.cat\/escolaelviver\/wp-content\/uploads\/usu460\/2017\/05\/IMG_2017-05-10_11-10-27.jpg\"><img loading=\"lazy\" decoding=\"async\" class=\"alignnone size-large wp-image-1309\" src=\"http:\/\/agora.xtec.cat\/escolaelviver\/wp-content\/uploads\/usu460\/2017\/05\/IMG_2017-05-10_11-10-27-1024x1024.jpg\" alt=\"IMG_2017-05-10_11-10-27\" width=\"1024\" height=\"1024\" srcset=\"https:\/\/agora.xtec.cat\/escolaelviver\/wp-content\/uploads\/usu460\/2017\/05\/IMG_2017-05-10_11-10-27-1024x1024.jpg 1024w, https:\/\/agora.xtec.cat\/escolaelviver\/wp-content\/uploads\/usu460\/2017\/05\/IMG_2017-05-10_11-10-27-150x150.jpg 150w, https:\/\/agora.xtec.cat\/escolaelviver\/wp-content\/uploads\/usu460\/2017\/05\/IMG_2017-05-10_11-10-27-300x300.jpg 300w, https:\/\/agora.xtec.cat\/escolaelviver\/wp-content\/uploads\/usu460\/2017\/05\/IMG_2017-05-10_11-10-27-768x768.jpg 768w, https:\/\/agora.xtec.cat\/escolaelviver\/wp-content\/uploads\/usu460\/2017\/05\/IMG_2017-05-10_11-10-27.jpg 1080w\" sizes=\"auto, (max-width: 1024px) 100vw, 1024px\" \/><\/a><\/p>\n","protected":false},"excerpt":{"rendered":"<p>Els nens i nenes de 6\u00e8 ja som a la casa de col\u00f2nies Cala Canyelles!<br \/>\nMares i pares, a la p\u00e0gina de 6\u00e8 podreu veure les fotografies de les activitats que anem fent cada dia. Cliqueu &#8220;men\u00fa&#8221; i &#8220;6\u00e8&#8221; o cliqueu aquest link:<br \/>\n<a href=\"http:\/\/agora.xtec.cat\/escolaelviver\/categoria\/primaria\/6e\/\">http:\/\/agora.xtec.cat\/escolaelviver\/categoria\/primaria\/6e\/<\/a><br \/>\n&nbsp;<br \/>\n&nbsp;<br \/>\nEstem esmorzant!<br \/>\n<a&hellip;  <a href=\"https:\/\/agora.xtec.cat\/escolaelviver\/general\/ja-hem-arribat\/\" title=\"Read JA HEM ARRIBAT! ! SOM A CALA CANYELLES DE COL\u00d2NIES !!\">Llegeix m\u00e9s\u00bb<\/a><\/p>\n","protected":false},"author":32,"featured_media":1308,"comment_status":"open","ping_status":"open","sticky":false,"template":"","format":"standard","meta":{"_bbp_topic_count":0,"_bbp_reply_count":0,"_bbp_total_topic_count":0,"_bbp_total_reply_count":0,"_bbp_voice_count":0,"_bbp_anonymous_reply_count":0,"_bbp_topic_count_hidden":0,"_bbp_reply_count_hidden":0,"_bbp_forum_subforum_count":0,"footnotes":""},"categories":[65,1,4,15],"tags":[],"class_list":["post-1307","post","type-post","status-publish","format-standard","has-post-thumbnail","hentry","category-colonies","category-general","category-portada","category-promocio2005"],"post_mailing_queue_ids":[],"_links":{"self":[{"href":"https:\/\/agora.xtec.cat\/escolaelviver\/wp-json\/wp\/v2\/posts\/1307","targetHints":{"allow":["GET"]}}],"collection":[{"href":"https:\/\/agora.xtec.cat\/escolaelviver\/wp-json\/wp\/v2\/posts"}],"about":[{"href":"https:\/\/agora.xtec.cat\/escolaelviver\/wp-json\/wp\/v2\/types\/post"}],"author":[{"embeddable":true,"href":"https:\/\/agora.xtec.cat\/escolaelviver\/wp-json\/wp\/v2\/users\/32"}],"replies":[{"embeddable":true,"href":"https:\/\/agora.xtec.cat\/escolaelviver\/wp-json\/wp\/v2\/comments?post=1307"}],"version-history":[{"count":3,"href":"https:\/\/agora.xtec.cat\/escolaelviver\/wp-json\/wp\/v2\/posts\/1307\/revisions"}],"predecessor-version":[{"id":1338,"href":"https:\/\/agora.xtec.cat\/escolaelviver\/wp-json\/wp\/v2\/posts\/1307\/revisions\/1338"}],"wp:featuredmedia":[{"embeddable":true,"href":"https:\/\/agora.xtec.cat\/escolaelviver\/wp-json\/wp\/v2\/media\/1308"}],"wp:attachment":[{"href":"https:\/\/agora.xtec.cat\/escolaelviver\/wp-json\/wp\/v2\/media?parent=1307"}],"wp:term":[{"taxonomy":"category","embeddable":true,"href":"https:\/\/agora.xtec.cat\/escolaelviver\/wp-json\/wp\/v2\/categories?post=1307"},{"taxonomy":"post_tag","embeddable":true,"href":"https:\/\/agora.xtec.cat\/escolaelviver\/wp-json\/wp\/v2\/tags?post=1307"}],"curies":[{"name":"wp","href":"https:\/\/api.w.org\/{rel}","templated":true}]}}