{"id":1162,"date":"2017-03-30T18:05:38","date_gmt":"2017-03-30T16:05:38","guid":{"rendered":"http:\/\/agora.xtec.cat\/escolaelviver\/?p=1162"},"modified":"2017-03-30T18:07:00","modified_gmt":"2017-03-30T16:07:00","slug":"activitat-amb-families-p3b","status":"publish","type":"post","link":"https:\/\/agora.xtec.cat\/escolaelviver\/infantil\/p5\/prom2013_p3\/activitat-amb-families-p3b\/","title":{"rendered":"Activitat amb fam\u00edlies P3B"},"content":{"rendered":"<p>Avui al passad\u00eds d&#8217;infantil feia olor a xocolata, perqu\u00e8 els nens i nenes de P3B amb la seva fam\u00edlia han fet unes galetes de xocolota bon\u00edssima. Ha sigut una tarda molt divertida i agradable mmmmm&#8230;<\/p>\n<p>&nbsp;<\/p>\n<p><a href=\"https:\/\/goo.gl\/photos\/Xtdvo8qaWCM2BQ7w5\" target=\"_blank\">https:\/\/goo.gl\/photos\/Xtdvo8qaWCM2BQ7w5<\/a><\/p>\n","protected":false},"excerpt":{"rendered":"<p>Avui al passad\u00eds d&#8217;infantil feia olor a xocolata, perqu\u00e8 els nens i nenes de P3B amb la seva fam\u00edlia han fet unes galetes de xocolota bon\u00edssima. Ha sigut una tarda molt divertida i agradable mmmmm&#8230;<br \/>\n&nbsp;<br \/>\n<a href=\"https:\/\/goo.gl\/photos\/Xtdvo8qaWCM2BQ7w5\" target=\"_blank\">https:\/\/goo.gl\/photos\/Xtdvo8qaWCM2BQ7w5<\/a><\/p>\n","protected":false},"author":3,"featured_media":0,"comment_status":"open","ping_status":"open","sticky":false,"template":"","format":"standard","meta":{"_bbp_topic_count":0,"_bbp_reply_count":0,"_bbp_total_topic_count":0,"_bbp_total_reply_count":0,"_bbp_voice_count":0,"_bbp_anonymous_reply_count":0,"_bbp_topic_count_hidden":0,"_bbp_reply_count_hidden":0,"_bbp_forum_subforum_count":0,"footnotes":""},"categories":[4,3],"tags":[],"class_list":["post-1162","post","type-post","status-publish","format-standard","hentry","category-portada","category-prom2013_p3"],"post_mailing_queue_ids":[],"_links":{"self":[{"href":"https:\/\/agora.xtec.cat\/escolaelviver\/wp-json\/wp\/v2\/posts\/1162","targetHints":{"allow":["GET"]}}],"collection":[{"href":"https:\/\/agora.xtec.cat\/escolaelviver\/wp-json\/wp\/v2\/posts"}],"about":[{"href":"https:\/\/agora.xtec.cat\/escolaelviver\/wp-json\/wp\/v2\/types\/post"}],"author":[{"embeddable":true,"href":"https:\/\/agora.xtec.cat\/escolaelviver\/wp-json\/wp\/v2\/users\/3"}],"replies":[{"embeddable":true,"href":"https:\/\/agora.xtec.cat\/escolaelviver\/wp-json\/wp\/v2\/comments?post=1162"}],"version-history":[{"count":2,"href":"https:\/\/agora.xtec.cat\/escolaelviver\/wp-json\/wp\/v2\/posts\/1162\/revisions"}],"predecessor-version":[{"id":1165,"href":"https:\/\/agora.xtec.cat\/escolaelviver\/wp-json\/wp\/v2\/posts\/1162\/revisions\/1165"}],"wp:attachment":[{"href":"https:\/\/agora.xtec.cat\/escolaelviver\/wp-json\/wp\/v2\/media?parent=1162"}],"wp:term":[{"taxonomy":"category","embeddable":true,"href":"https:\/\/agora.xtec.cat\/escolaelviver\/wp-json\/wp\/v2\/categories?post=1162"},{"taxonomy":"post_tag","embeddable":true,"href":"https:\/\/agora.xtec.cat\/escolaelviver\/wp-json\/wp\/v2\/tags?post=1162"}],"curies":[{"name":"wp","href":"https:\/\/api.w.org\/{rel}","templated":true}]}}