{"id":1153,"date":"2017-03-23T16:53:32","date_gmt":"2017-03-23T15:53:32","guid":{"rendered":"http:\/\/agora.xtec.cat\/escolaelviver\/?p=1153"},"modified":"2017-03-30T18:06:20","modified_gmt":"2017-03-30T16:06:20","slug":"visita-a-la-granja-de-can-deu-p3","status":"publish","type":"post","link":"https:\/\/agora.xtec.cat\/escolaelviver\/general\/visita-a-la-granja-de-can-deu-p3\/","title":{"rendered":"Visita a la Granja de Can D\u00e9u &#8211; P3"},"content":{"rendered":"<p style=\"text-align: left;\">Avui hem visitat la granja de Can D\u00e9u els nens i nenes de P3. I hem vist molts animals de granja i tamb\u00e9 ens ho hem passat molt b\u00e9 jugant al costat de la masia.<\/p>\n<p>&nbsp;<\/p>\n<p>&nbsp;<\/p>\n<p><a href=\"https:\/\/goo.gl\/photos\/sfxofCNVQviauu1A8\" target=\"_blank\">https:\/\/goo.gl\/photos\/sfxofCNVQviauu1A8<\/a><\/p>\n","protected":false},"excerpt":{"rendered":"<p>Avui hem visitat la granja de Can D\u00e9u els nens i nenes de P3. I hem vist molts animals de granja i tamb\u00e9 ens ho hem passat molt b\u00e9 jugant al costat de la masia.<br \/>\n&nbsp;<br \/>\n&nbsp;<br \/>\n<a href=\"https:\/\/goo.gl\/photos\/sfxofCNVQviauu1A8\" target=\"_blank\">https:\/\/goo.gl\/photos\/sfxofCNVQviauu1A8<\/a><\/p>\n","protected":false},"author":3,"featured_media":0,"comment_status":"open","ping_status":"open","sticky":false,"template":"","format":"standard","meta":{"_bbp_topic_count":0,"_bbp_reply_count":0,"_bbp_total_topic_count":0,"_bbp_total_reply_count":0,"_bbp_voice_count":0,"_bbp_anonymous_reply_count":0,"_bbp_topic_count_hidden":0,"_bbp_reply_count_hidden":0,"_bbp_forum_subforum_count":0,"footnotes":""},"categories":[1,4,3],"tags":[],"class_list":["post-1153","post","type-post","status-publish","format-standard","hentry","category-general","category-portada","category-prom2013_p3"],"post_mailing_queue_ids":[],"_links":{"self":[{"href":"https:\/\/agora.xtec.cat\/escolaelviver\/wp-json\/wp\/v2\/posts\/1153","targetHints":{"allow":["GET"]}}],"collection":[{"href":"https:\/\/agora.xtec.cat\/escolaelviver\/wp-json\/wp\/v2\/posts"}],"about":[{"href":"https:\/\/agora.xtec.cat\/escolaelviver\/wp-json\/wp\/v2\/types\/post"}],"author":[{"embeddable":true,"href":"https:\/\/agora.xtec.cat\/escolaelviver\/wp-json\/wp\/v2\/users\/3"}],"replies":[{"embeddable":true,"href":"https:\/\/agora.xtec.cat\/escolaelviver\/wp-json\/wp\/v2\/comments?post=1153"}],"version-history":[{"count":3,"href":"https:\/\/agora.xtec.cat\/escolaelviver\/wp-json\/wp\/v2\/posts\/1153\/revisions"}],"predecessor-version":[{"id":1164,"href":"https:\/\/agora.xtec.cat\/escolaelviver\/wp-json\/wp\/v2\/posts\/1153\/revisions\/1164"}],"wp:attachment":[{"href":"https:\/\/agora.xtec.cat\/escolaelviver\/wp-json\/wp\/v2\/media?parent=1153"}],"wp:term":[{"taxonomy":"category","embeddable":true,"href":"https:\/\/agora.xtec.cat\/escolaelviver\/wp-json\/wp\/v2\/categories?post=1153"},{"taxonomy":"post_tag","embeddable":true,"href":"https:\/\/agora.xtec.cat\/escolaelviver\/wp-json\/wp\/v2\/tags?post=1153"}],"curies":[{"name":"wp","href":"https:\/\/api.w.org\/{rel}","templated":true}]}}