{"id":1132,"date":"2017-03-08T17:00:16","date_gmt":"2017-03-08T16:00:16","guid":{"rendered":"http:\/\/agora.xtec.cat\/escolaelviver\/?p=1132"},"modified":"2017-03-08T16:45:45","modified_gmt":"2017-03-08T15:45:45","slug":"8-de-marc-dia-de-la-dona-treballadora","status":"publish","type":"post","link":"https:\/\/agora.xtec.cat\/escolaelviver\/general\/8-de-marc-dia-de-la-dona-treballadora\/","title":{"rendered":"8 DE MAR\u00c7 = DIA DE LA DONA TREBALLADORA!!"},"content":{"rendered":"<p>Avui, aprofitant que \u00e9s el dia de la dona treballadora, els nens i nenes de 6\u00e8 A hem fet un debat.<\/p>\n<p>Primer hem buscat informaci\u00f3 sobre el dia d&#8217;avui i perqu\u00e8 el celebrem. Els alumnes d&#8217;expressi\u00f3 oral han preparat una exposici\u00f3 per a la classe, despr\u00e9s hem parlat sobre els diferents temes en relaci\u00f3 a la dona i, per acabar, hem donat les nostres opinions.<\/p>\n<p>Les nenes i els nens de 6\u00e8 A.<\/p>\n<p><a style=\"font-family: inherit;font-size: 1em\" href=\"http:\/\/agora.xtec.cat\/escolaelviver\/wp-content\/uploads\/usu460\/2017\/03\/IMG-20170308-WA0017.jpg\"><img loading=\"lazy\" decoding=\"async\" class=\"alignnone size-large wp-image-1133\" src=\"http:\/\/agora.xtec.cat\/escolaelviver\/wp-content\/uploads\/usu460\/2017\/03\/IMG-20170308-WA0017-1024x614.jpg\" alt=\"img-20170308-wa0017\" width=\"1024\" height=\"614\" srcset=\"https:\/\/agora.xtec.cat\/escolaelviver\/wp-content\/uploads\/usu460\/2017\/03\/IMG-20170308-WA0017-1024x614.jpg 1024w, https:\/\/agora.xtec.cat\/escolaelviver\/wp-content\/uploads\/usu460\/2017\/03\/IMG-20170308-WA0017-300x180.jpg 300w, https:\/\/agora.xtec.cat\/escolaelviver\/wp-content\/uploads\/usu460\/2017\/03\/IMG-20170308-WA0017-768x461.jpg 768w, https:\/\/agora.xtec.cat\/escolaelviver\/wp-content\/uploads\/usu460\/2017\/03\/IMG-20170308-WA0017.jpg 1600w\" sizes=\"auto, (max-width: 1024px) 100vw, 1024px\" \/><\/a><\/p>\n<p><a style=\"font-family: inherit;font-size: 1em\" href=\"http:\/\/agora.xtec.cat\/escolaelviver\/wp-content\/uploads\/usu460\/2017\/03\/IMG-20170308-WA0015.jpg\"><img loading=\"lazy\" decoding=\"async\" class=\"alignnone size-large wp-image-1134\" src=\"http:\/\/agora.xtec.cat\/escolaelviver\/wp-content\/uploads\/usu460\/2017\/03\/IMG-20170308-WA0015-1024x768.jpg\" alt=\"img-20170308-wa0015\" width=\"1024\" height=\"768\" srcset=\"https:\/\/agora.xtec.cat\/escolaelviver\/wp-content\/uploads\/usu460\/2017\/03\/IMG-20170308-WA0015-1024x768.jpg 1024w, https:\/\/agora.xtec.cat\/escolaelviver\/wp-content\/uploads\/usu460\/2017\/03\/IMG-20170308-WA0015-300x225.jpg 300w, https:\/\/agora.xtec.cat\/escolaelviver\/wp-content\/uploads\/usu460\/2017\/03\/IMG-20170308-WA0015-768x576.jpg 768w, https:\/\/agora.xtec.cat\/escolaelviver\/wp-content\/uploads\/usu460\/2017\/03\/IMG-20170308-WA0015-200x150.jpg 200w, https:\/\/agora.xtec.cat\/escolaelviver\/wp-content\/uploads\/usu460\/2017\/03\/IMG-20170308-WA0015.jpg 1600w\" sizes=\"auto, (max-width: 1024px) 100vw, 1024px\" \/><\/a><\/p>\n<p><a style=\"font-family: inherit;font-size: 1em\" href=\"http:\/\/agora.xtec.cat\/escolaelviver\/wp-content\/uploads\/usu460\/2017\/03\/IMG-20170308-WA0014.jpg\"><img loading=\"lazy\" decoding=\"async\" class=\"alignnone size-large wp-image-1135\" src=\"http:\/\/agora.xtec.cat\/escolaelviver\/wp-content\/uploads\/usu460\/2017\/03\/IMG-20170308-WA0014-1024x768.jpg\" alt=\"img-20170308-wa0014\" width=\"1024\" height=\"768\" srcset=\"https:\/\/agora.xtec.cat\/escolaelviver\/wp-content\/uploads\/usu460\/2017\/03\/IMG-20170308-WA0014-1024x768.jpg 1024w, https:\/\/agora.xtec.cat\/escolaelviver\/wp-content\/uploads\/usu460\/2017\/03\/IMG-20170308-WA0014-300x225.jpg 300w, https:\/\/agora.xtec.cat\/escolaelviver\/wp-content\/uploads\/usu460\/2017\/03\/IMG-20170308-WA0014-768x576.jpg 768w, https:\/\/agora.xtec.cat\/escolaelviver\/wp-content\/uploads\/usu460\/2017\/03\/IMG-20170308-WA0014-200x150.jpg 200w, https:\/\/agora.xtec.cat\/escolaelviver\/wp-content\/uploads\/usu460\/2017\/03\/IMG-20170308-WA0014.jpg 1600w\" sizes=\"auto, (max-width: 1024px) 100vw, 1024px\" \/><\/a><\/p>\n<p><a style=\"font-family: inherit;font-size: 1em\" href=\"http:\/\/agora.xtec.cat\/escolaelviver\/wp-content\/uploads\/usu460\/2017\/03\/IMG-20170308-WA0013.jpg\"><img loading=\"lazy\" decoding=\"async\" class=\"alignnone size-large wp-image-1136\" src=\"http:\/\/agora.xtec.cat\/escolaelviver\/wp-content\/uploads\/usu460\/2017\/03\/IMG-20170308-WA0013-1024x768.jpg\" alt=\"img-20170308-wa0013\" width=\"1024\" height=\"768\" srcset=\"https:\/\/agora.xtec.cat\/escolaelviver\/wp-content\/uploads\/usu460\/2017\/03\/IMG-20170308-WA0013-1024x768.jpg 1024w, https:\/\/agora.xtec.cat\/escolaelviver\/wp-content\/uploads\/usu460\/2017\/03\/IMG-20170308-WA0013-300x225.jpg 300w, https:\/\/agora.xtec.cat\/escolaelviver\/wp-content\/uploads\/usu460\/2017\/03\/IMG-20170308-WA0013-768x576.jpg 768w, https:\/\/agora.xtec.cat\/escolaelviver\/wp-content\/uploads\/usu460\/2017\/03\/IMG-20170308-WA0013-200x150.jpg 200w, https:\/\/agora.xtec.cat\/escolaelviver\/wp-content\/uploads\/usu460\/2017\/03\/IMG-20170308-WA0013.jpg 1600w\" sizes=\"auto, (max-width: 1024px) 100vw, 1024px\" \/><\/a><\/p>\n","protected":false},"excerpt":{"rendered":"<p>Avui, aprofitant que \u00e9s el dia de la dona treballadora, els nens i nenes de 6\u00e8 A hem fet un debat.<br \/>\nPrimer hem buscat informaci\u00f3 sobre el dia d&#8217;avui i perqu\u00e8 el celebrem. Els alumnes d&#8217;expressi\u00f3 oral han preparat una exposici\u00f3 per a la classe, despr\u00e9s&hellip;  <a href=\"https:\/\/agora.xtec.cat\/escolaelviver\/general\/8-de-marc-dia-de-la-dona-treballadora\/\" title=\"Read 8 DE MAR\u00c7 = DIA DE LA DONA TREBALLADORA!!\">Llegeix m\u00e9s\u00bb<\/a><\/p>\n","protected":false},"author":32,"featured_media":0,"comment_status":"open","ping_status":"open","sticky":false,"template":"","format":"standard","meta":{"_bbp_topic_count":0,"_bbp_reply_count":0,"_bbp_total_topic_count":0,"_bbp_total_reply_count":0,"_bbp_voice_count":0,"_bbp_anonymous_reply_count":0,"_bbp_topic_count_hidden":0,"_bbp_reply_count_hidden":0,"_bbp_forum_subforum_count":0,"footnotes":""},"categories":[1,15],"tags":[],"class_list":["post-1132","post","type-post","status-publish","format-standard","hentry","category-general","category-promocio2005"],"post_mailing_queue_ids":[],"_links":{"self":[{"href":"https:\/\/agora.xtec.cat\/escolaelviver\/wp-json\/wp\/v2\/posts\/1132","targetHints":{"allow":["GET"]}}],"collection":[{"href":"https:\/\/agora.xtec.cat\/escolaelviver\/wp-json\/wp\/v2\/posts"}],"about":[{"href":"https:\/\/agora.xtec.cat\/escolaelviver\/wp-json\/wp\/v2\/types\/post"}],"author":[{"embeddable":true,"href":"https:\/\/agora.xtec.cat\/escolaelviver\/wp-json\/wp\/v2\/users\/32"}],"replies":[{"embeddable":true,"href":"https:\/\/agora.xtec.cat\/escolaelviver\/wp-json\/wp\/v2\/comments?post=1132"}],"version-history":[{"count":1,"href":"https:\/\/agora.xtec.cat\/escolaelviver\/wp-json\/wp\/v2\/posts\/1132\/revisions"}],"predecessor-version":[{"id":1137,"href":"https:\/\/agora.xtec.cat\/escolaelviver\/wp-json\/wp\/v2\/posts\/1132\/revisions\/1137"}],"wp:attachment":[{"href":"https:\/\/agora.xtec.cat\/escolaelviver\/wp-json\/wp\/v2\/media?parent=1132"}],"wp:term":[{"taxonomy":"category","embeddable":true,"href":"https:\/\/agora.xtec.cat\/escolaelviver\/wp-json\/wp\/v2\/categories?post=1132"},{"taxonomy":"post_tag","embeddable":true,"href":"https:\/\/agora.xtec.cat\/escolaelviver\/wp-json\/wp\/v2\/tags?post=1132"}],"curies":[{"name":"wp","href":"https:\/\/api.w.org\/{rel}","templated":true}]}}