{"id":1125,"date":"2017-03-06T19:28:54","date_gmt":"2017-03-06T18:28:54","guid":{"rendered":"http:\/\/agora.xtec.cat\/escolaelviver\/?p=1125"},"modified":"2017-03-06T19:32:01","modified_gmt":"2017-03-06T18:32:01","slug":"la-rua-del-carnestoltes-i-la-festa-a-lescola","status":"publish","type":"post","link":"https:\/\/agora.xtec.cat\/escolaelviver\/general\/la-rua-del-carnestoltes-i-la-festa-a-lescola\/","title":{"rendered":"La R\u00faa del Carnestoltes i la festa a l&#8217;escola."},"content":{"rendered":"<p><a href=\"https:\/\/goo.gl\/photos\/q8hwfb7SMGgH4TK6A\" target=\"_blank\"><img loading=\"lazy\" decoding=\"async\" class=\"aligncenter wp-image-1124 size-full\" src=\"http:\/\/agora.xtec.cat\/escolaelviver\/wp-content\/uploads\/usu460\/2017\/03\/Carnestoltes17.jpg\" width=\"640\" height=\"426\" srcset=\"https:\/\/agora.xtec.cat\/escolaelviver\/wp-content\/uploads\/usu460\/2017\/03\/Carnestoltes17.jpg 640w, https:\/\/agora.xtec.cat\/escolaelviver\/wp-content\/uploads\/usu460\/2017\/03\/Carnestoltes17-300x200.jpg 300w\" sizes=\"auto, (max-width: 640px) 100vw, 640px\" \/><\/a><\/p>\n<p>Com cada any, la R\u00faa i la festa del Carnestoltes ha estat tot un \u00e8xit. El dimarts 28, Can Sant Joan, es va omplir de festa amb la m\u00fasica i els colors de les disfresses dels nens i nenes de l&#8217;escola bressol de Can Sant Joan i de la nostra escola. Meduses, submarinistes, tritons i sirenes, pirates, peixos i pescadors, mariners, socorristes&#8230; Tota la mar Mediterr\u00e0nia donat vida als carrers del nostre barri.<\/p>\n<p>Ja a l&#8217;escola, totes les nenes i els nens van lluir la seva disfressa desfilant al ritme de la m\u00fasica. El rei Carnestoltes, orgull\u00f3s, va demanar tornar a sentir el seu discurs de benvinguda i el Consell del Bull ens va oferir una coreografia ben original. La festa va acabar amb un gran ball de disfresses animat pel nostre genial DJ. Francesc.<\/p>\n<p>Dimecres el Rei Carnestoltes va marxar donat pas a la Vella Quaresma.<\/p>\n","protected":false},"excerpt":{"rendered":"<p><a href=\"https:\/\/goo.gl\/photos\/q8hwfb7SMGgH4TK6A\" target=\"_blank\"><\/a><br \/>\nCom cada any, la R\u00faa i la festa del Carnestoltes ha estat tot un \u00e8xit. El dimarts 28, Can Sant Joan, es va omplir de festa amb la m\u00fasica i els colors de les disfresses dels nens i nenes de l&#8217;escola bressol de&hellip;  <a href=\"https:\/\/agora.xtec.cat\/escolaelviver\/general\/la-rua-del-carnestoltes-i-la-festa-a-lescola\/\" title=\"Read La R\u00faa del Carnestoltes i la festa a l&#8217;escola.\">Llegeix m\u00e9s\u00bb<\/a><\/p>\n","protected":false},"author":6,"featured_media":1127,"comment_status":"open","ping_status":"open","sticky":false,"template":"","format":"standard","meta":{"_bbp_topic_count":0,"_bbp_reply_count":0,"_bbp_total_topic_count":0,"_bbp_total_reply_count":0,"_bbp_voice_count":0,"_bbp_anonymous_reply_count":0,"_bbp_topic_count_hidden":0,"_bbp_reply_count_hidden":0,"_bbp_forum_subforum_count":0,"footnotes":""},"categories":[63,1,4,8,3,15,14,13,12,11,10,9],"tags":[],"class_list":["post-1125","post","type-post","status-publish","format-standard","has-post-thumbnail","hentry","category-carnestoltes","category-general","category-portada","category-prom2012_p4","category-prom2013_p3","category-promocio2005","category-promocio2006_5e","category-promocio2007_4t","category-promocio2008_3r","category-promocio2009_2n","category-promocio2010_1r","category-promocio2011_p5"],"post_mailing_queue_ids":[],"_links":{"self":[{"href":"https:\/\/agora.xtec.cat\/escolaelviver\/wp-json\/wp\/v2\/posts\/1125","targetHints":{"allow":["GET"]}}],"collection":[{"href":"https:\/\/agora.xtec.cat\/escolaelviver\/wp-json\/wp\/v2\/posts"}],"about":[{"href":"https:\/\/agora.xtec.cat\/escolaelviver\/wp-json\/wp\/v2\/types\/post"}],"author":[{"embeddable":true,"href":"https:\/\/agora.xtec.cat\/escolaelviver\/wp-json\/wp\/v2\/users\/6"}],"replies":[{"embeddable":true,"href":"https:\/\/agora.xtec.cat\/escolaelviver\/wp-json\/wp\/v2\/comments?post=1125"}],"version-history":[{"count":3,"href":"https:\/\/agora.xtec.cat\/escolaelviver\/wp-json\/wp\/v2\/posts\/1125\/revisions"}],"predecessor-version":[{"id":1129,"href":"https:\/\/agora.xtec.cat\/escolaelviver\/wp-json\/wp\/v2\/posts\/1125\/revisions\/1129"}],"wp:featuredmedia":[{"embeddable":true,"href":"https:\/\/agora.xtec.cat\/escolaelviver\/wp-json\/wp\/v2\/media\/1127"}],"wp:attachment":[{"href":"https:\/\/agora.xtec.cat\/escolaelviver\/wp-json\/wp\/v2\/media?parent=1125"}],"wp:term":[{"taxonomy":"category","embeddable":true,"href":"https:\/\/agora.xtec.cat\/escolaelviver\/wp-json\/wp\/v2\/categories?post=1125"},{"taxonomy":"post_tag","embeddable":true,"href":"https:\/\/agora.xtec.cat\/escolaelviver\/wp-json\/wp\/v2\/tags?post=1125"}],"curies":[{"name":"wp","href":"https:\/\/api.w.org\/{rel}","templated":true}]}}