{"id":1001,"date":"2017-01-30T17:30:46","date_gmt":"2017-01-30T16:30:46","guid":{"rendered":"http:\/\/agora.xtec.cat\/escolaelviver\/?p=1001"},"modified":"2017-01-31T15:18:22","modified_gmt":"2017-01-31T14:18:22","slug":"els-nens-i-nenes-de-4rt-b-hem-anat-a-la-classe-dels-robots","status":"publish","type":"post","link":"https:\/\/agora.xtec.cat\/escolaelviver\/general\/els-nens-i-nenes-de-4rt-b-hem-anat-a-la-classe-dels-robots\/","title":{"rendered":"ELS NENS I NENES DE 4rt B HEM ANAT A LA CLASSE DELS ROBOTS!!"},"content":{"rendered":"<p style=\"text-align: justify\">A<span style=\"font-family: inherit;font-size: 1em\">quest trimestre hem comen\u00e7at el projecte del Sistema Solar, com que els nenes i nenes de 1r A &#8216;Els Robots&#8217; tamb\u00e9 han realitzat el projecte del Sistema Solar ens han fet d&#8217;experts i ens han explicat tot el que saben sobre em tema.<\/span><\/p>\n<p style=\"text-align: justify\"><span style=\"font-family: inherit;font-size: 1em\">Ens ho han explicat s\u00faper b\u00e9! I a m\u00e9s a m\u00e9s ens han regalat la informaci\u00f3 m\u00e9s important (que havien escrit i dibuixat ells en cartolines) i un regal que segur que farem servir, un Sistema Solar fet amb plastilina.\u00a0<\/span><\/p>\n<p style=\"text-align: center\">Moltes gr\u00e0cies Robots!!<\/p>\n<p style=\"text-align: center\">Ens heu ensenyat moltes coses!!<\/p>\n<p style=\"text-align: right\">Els nens i nenes de 4rt B.<\/p>\n<p style=\"text-align: right\">\n<p style=\"text-align: right\"><a href=\"http:\/\/agora.xtec.cat\/escolaelviver\/wp-content\/uploads\/usu460\/2017\/01\/IMG-20170131-WA0002.jpg\"><img loading=\"lazy\" decoding=\"async\" class=\"alignnone size-large wp-image-1003\" src=\"http:\/\/agora.xtec.cat\/escolaelviver\/wp-content\/uploads\/usu460\/2017\/01\/IMG-20170131-WA0002-768x1024.jpg\" alt=\"img-20170131-wa0002\" width=\"768\" height=\"1024\" srcset=\"https:\/\/agora.xtec.cat\/escolaelviver\/wp-content\/uploads\/usu460\/2017\/01\/IMG-20170131-WA0002-768x1024.jpg 768w, https:\/\/agora.xtec.cat\/escolaelviver\/wp-content\/uploads\/usu460\/2017\/01\/IMG-20170131-WA0002-225x300.jpg 225w, https:\/\/agora.xtec.cat\/escolaelviver\/wp-content\/uploads\/usu460\/2017\/01\/IMG-20170131-WA0002.jpg 1200w\" sizes=\"auto, (max-width: 768px) 100vw, 768px\" \/><\/a><\/p>\n<p style=\"text-align: right\"><a href=\"http:\/\/agora.xtec.cat\/escolaelviver\/wp-content\/uploads\/usu460\/2017\/01\/IMG-20170130-WA0033.jpg\"><img loading=\"lazy\" decoding=\"async\" class=\"alignnone size-large wp-image-1004\" src=\"http:\/\/agora.xtec.cat\/escolaelviver\/wp-content\/uploads\/usu460\/2017\/01\/IMG-20170130-WA0033-768x1024.jpg\" alt=\"img-20170130-wa0033\" width=\"768\" height=\"1024\" srcset=\"https:\/\/agora.xtec.cat\/escolaelviver\/wp-content\/uploads\/usu460\/2017\/01\/IMG-20170130-WA0033-768x1024.jpg 768w, https:\/\/agora.xtec.cat\/escolaelviver\/wp-content\/uploads\/usu460\/2017\/01\/IMG-20170130-WA0033-225x300.jpg 225w, https:\/\/agora.xtec.cat\/escolaelviver\/wp-content\/uploads\/usu460\/2017\/01\/IMG-20170130-WA0033.jpg 1200w\" sizes=\"auto, (max-width: 768px) 100vw, 768px\" \/><\/a><\/p>\n<p style=\"text-align: right\"><a href=\"http:\/\/agora.xtec.cat\/escolaelviver\/wp-content\/uploads\/usu460\/2017\/01\/IMG-20170131-WA0003.jpg\"><img loading=\"lazy\" decoding=\"async\" class=\"alignnone size-large wp-image-1002\" src=\"http:\/\/agora.xtec.cat\/escolaelviver\/wp-content\/uploads\/usu460\/2017\/01\/IMG-20170131-WA0003-768x1024.jpg\" alt=\"img-20170131-wa0003\" width=\"768\" height=\"1024\" srcset=\"https:\/\/agora.xtec.cat\/escolaelviver\/wp-content\/uploads\/usu460\/2017\/01\/IMG-20170131-WA0003-768x1024.jpg 768w, https:\/\/agora.xtec.cat\/escolaelviver\/wp-content\/uploads\/usu460\/2017\/01\/IMG-20170131-WA0003-225x300.jpg 225w, https:\/\/agora.xtec.cat\/escolaelviver\/wp-content\/uploads\/usu460\/2017\/01\/IMG-20170131-WA0003.jpg 1200w\" sizes=\"auto, (max-width: 768px) 100vw, 768px\" \/><\/a><\/p>\n","protected":false},"excerpt":{"rendered":"<p>Aquest trimestre hem comen\u00e7at el projecte del Sistema Solar, com que els nenes i nenes de 1r A &#8216;Els Robots&#8217; tamb\u00e9 han realitzat el projecte del Sistema Solar ens han fet d&#8217;experts i ens han explicat tot el que saben sobre em tema.<br \/>\nEns ho han&hellip;  <a href=\"https:\/\/agora.xtec.cat\/escolaelviver\/general\/els-nens-i-nenes-de-4rt-b-hem-anat-a-la-classe-dels-robots\/\" title=\"Read ELS NENS I NENES DE 4rt B HEM ANAT A LA CLASSE DELS ROBOTS!!\">Llegeix m\u00e9s\u00bb<\/a><\/p>\n","protected":false},"author":32,"featured_media":1003,"comment_status":"open","ping_status":"open","sticky":false,"template":"","format":"standard","meta":{"_bbp_topic_count":0,"_bbp_reply_count":0,"_bbp_total_topic_count":0,"_bbp_total_reply_count":0,"_bbp_voice_count":0,"_bbp_anonymous_reply_count":0,"_bbp_topic_count_hidden":0,"_bbp_reply_count_hidden":0,"_bbp_forum_subforum_count":0,"footnotes":""},"categories":[1,13,10],"tags":[],"class_list":["post-1001","post","type-post","status-publish","format-standard","has-post-thumbnail","hentry","category-general","category-promocio2007_4t","category-promocio2010_1r"],"post_mailing_queue_ids":[],"_links":{"self":[{"href":"https:\/\/agora.xtec.cat\/escolaelviver\/wp-json\/wp\/v2\/posts\/1001","targetHints":{"allow":["GET"]}}],"collection":[{"href":"https:\/\/agora.xtec.cat\/escolaelviver\/wp-json\/wp\/v2\/posts"}],"about":[{"href":"https:\/\/agora.xtec.cat\/escolaelviver\/wp-json\/wp\/v2\/types\/post"}],"author":[{"embeddable":true,"href":"https:\/\/agora.xtec.cat\/escolaelviver\/wp-json\/wp\/v2\/users\/32"}],"replies":[{"embeddable":true,"href":"https:\/\/agora.xtec.cat\/escolaelviver\/wp-json\/wp\/v2\/comments?post=1001"}],"version-history":[{"count":1,"href":"https:\/\/agora.xtec.cat\/escolaelviver\/wp-json\/wp\/v2\/posts\/1001\/revisions"}],"predecessor-version":[{"id":1005,"href":"https:\/\/agora.xtec.cat\/escolaelviver\/wp-json\/wp\/v2\/posts\/1001\/revisions\/1005"}],"wp:featuredmedia":[{"embeddable":true,"href":"https:\/\/agora.xtec.cat\/escolaelviver\/wp-json\/wp\/v2\/media\/1003"}],"wp:attachment":[{"href":"https:\/\/agora.xtec.cat\/escolaelviver\/wp-json\/wp\/v2\/media?parent=1001"}],"wp:term":[{"taxonomy":"category","embeddable":true,"href":"https:\/\/agora.xtec.cat\/escolaelviver\/wp-json\/wp\/v2\/categories?post=1001"},{"taxonomy":"post_tag","embeddable":true,"href":"https:\/\/agora.xtec.cat\/escolaelviver\/wp-json\/wp\/v2\/tags?post=1001"}],"curies":[{"name":"wp","href":"https:\/\/api.w.org\/{rel}","templated":true}]}}