{"id":7,"count":10,"description":"La Junta de l\u2019AMPA est\u00e0 constitu\u00efda per les seg\u00fcents persones:\r\n<ul>\r\n \t<li>Presidenta: J\u00e9nnifer V\u00e1zquez<\/li>\r\n \t<li>Vicepresidenta: Sheila Montero<\/li>\r\n \t<li>Secretaria: Carol Ortiz<\/li>\r\n \t<li>Tresorera: Eli Montero<\/li>\r\n<\/ul>\r\nLa quota de l\u2019AMPA d\u00f3na dret a l\u2019\u00fas del servei d\u2019acollida matinal, activitats extraescolars, venda de llibres amb descompte...\r\n<table style=\"height: 53px;\" width=\"378\">\r\n<tbody>\r\n<tr>\r\n<td style=\"width: 246.667px;\">Import per fill\/a<\/td>\r\n<td style=\"width: 123.333px;\">12 \u20ac curs<\/td>\r\n<\/tr>\r\n<\/tbody>\r\n<\/table>\r\n<strong>\u00a0<\/strong>","link":"https:\/\/agora.xtec.cat\/escolaelviver\/categoria\/ampa\/","name":"AMPA","slug":"ampa","taxonomy":"category","parent":0,"meta":[],"_links":{"self":[{"href":"https:\/\/agora.xtec.cat\/escolaelviver\/wp-json\/wp\/v2\/categories\/7","targetHints":{"allow":["GET"]}}],"collection":[{"href":"https:\/\/agora.xtec.cat\/escolaelviver\/wp-json\/wp\/v2\/categories"}],"about":[{"href":"https:\/\/agora.xtec.cat\/escolaelviver\/wp-json\/wp\/v2\/taxonomies\/category"}],"wp:post_type":[{"href":"https:\/\/agora.xtec.cat\/escolaelviver\/wp-json\/wp\/v2\/posts?categories=7"}],"curies":[{"name":"wp","href":"https:\/\/api.w.org\/{rel}","templated":true}]}}