{"id":957,"date":"2015-04-27T10:41:39","date_gmt":"2015-04-27T08:41:39","guid":{"rendered":"http:\/\/blocs.xtec.cat\/escolaelturobiguesiriells\/?p=669"},"modified":"2015-04-27T10:41:39","modified_gmt":"2015-04-27T08:41:39","slug":"sant-jordi-2015-2","status":"publish","type":"post","link":"https:\/\/agora.xtec.cat\/escolaelturobiguesiriells\/festes\/sant-jordi-2015-2\/","title":{"rendered":"SANT JORDI"},"content":{"rendered":"<p><span style=\"font-family: comic sans ms,sans-serif;\">Cada Sant Jordi, l&#8217; escola celebra la diada cultural i de l&#8217; amor per excel\u2022l\u00e8ncia a Catalunya, amb diferents activitats.<\/span><br \/>\n<span style=\"font-family: comic sans ms,sans-serif;\">Durant aquesta setmana de Sant Jordi, les aules s&#8217; han omplert de <\/span><strong><span style=\"color: #ff0000;\">pares i mares que han explicat contes.<\/span><\/strong><\/p>\n<p><span style=\"font-family: comic sans ms,sans-serif;\"> S&#8217; han organitzat <strong><span style=\"color: #ff0000;\">tallers intercicles per parelles<\/span><\/strong>, on alumnes grans i petits han compartit lectures. <\/span><br \/>\n<embed width=\"600\" height=\"400\" flashvars=\"host=picasaweb.google.com&amp;hl=ca&amp;feat=flashalbum&amp;RGB=0x000000&amp;feed=https%3A%2F%2Fpicasaweb.google.com%2Fdata%2Ffeed%2Fapi%2Fuser%2F107916079744800933832%2Falbumid%2F6142336857238273249%3Falt%3Drss%26kind%3Dphoto%26hl%3Dca\" src=\"https:\/\/photos.gstatic.com\/media\/slideshow.swf\" type=\"application\/x-shockwave-flash\" pluginspage=\"http:\/\/www.macromedia.com\/go\/getflashplayer\"><\/embed><\/p>\n<p><span style=\"font-family: comic sans ms,sans-serif;\">Hem editat la<strong><span style=\"color: #ff0000;\"> revista<\/span><\/strong> liter\u00e0ria d&#8217;abril <strong><span style=\"color: #ff0000;\">Tur\u00f3 Express<\/span><\/strong>.<\/span><\/p>\n<p><span style=\"font-family: comic sans ms,sans-serif;\">Hem celebrat uns <strong><span style=\"color: #ff0000;\">Jocs Florals<\/span><\/strong> a la manera antiga de la Tolosa de Llanguedoc, en reconeixement de la llengua i la cultura catalanes i tot seguint el fil conductor del c\u00f2mic, en homenatge als 25 anys de la primera edici\u00f3 de Tint\u00edn en catal\u00e0 i a Herg\u00e9, l&#8217; autor.<\/span><br \/>\n<embed width=\"600\" height=\"400\" flashvars=\"host=picasaweb.google.com&amp;hl=ca&amp;feat=flashalbum&amp;RGB=0x000000&amp;feed=https%3A%2F%2Fpicasaweb.google.com%2Fdata%2Ffeed%2Fapi%2Fuser%2F107916079744800933832%2Falbumid%2F6142339250474632241%3Falt%3Drss%26kind%3Dphoto%26hl%3Dca\" src=\"https:\/\/photos.gstatic.com\/media\/slideshow.swf\" type=\"application\/x-shockwave-flash\" pluginspage=\"http:\/\/www.macromedia.com\/go\/getflashplayer\"><\/embed><\/p>\n<p><span style=\"font-family: comic sans ms,sans-serif;\">Tamb\u00e9 hem fet una <strong><span style=\"color: #ff0000;\">exposici\u00f3<\/span><\/strong> amb treball literari i pl\u00e0stic relacionada amb l&#8217; univers de Tint\u00edn que us recomanem que visiteu.<\/span><\/p>\n<p><span style=\"font-family: comic sans ms,sans-serif;\"> I <strong><span style=\"color: #ff0000;\">hem inaugurat la nova biblioteca<\/span><\/strong> de prim\u00e0ria amb el naixement d&#8217; un personatge singular, la seva mascota &#8220;Bibliot\u00f3n&#8221;.<\/span><br \/>\n<span style=\"font-family: comic sans ms,sans-serif;\">Per cloure la tarda de Sant Jordi, i dins del <strong><span style=\"color: #ff0000;\">projecte &#8220;Escoles al Carrer&#8221;<\/span><\/strong>, que aplega tots els centres educatius del municipi, la bressol i les dues escoles de prim\u00e0ria hem participat, acompanyats d&#8217;un drac i una dragona enamorats en un espectacle d&#8217; animaci\u00f3 interactiu a la pla\u00e7a del parc infantil del poble de Bigues. Qui ha volgut, ha pogut gaudir despr\u00e9s amb la seva fam\u00edlia de l&#8217; estesa de jocs gegants i les paradetes organitzades per diferents entitats i per l&#8217; Ajuntament de Bigues i Riells, i assistir al centre c\u00edvic al lliurament dels premis de recerca de 2n de batxillerat de l&#8217; IES. <\/span><br \/>\n<span style=\"font-family: comic sans ms,sans-serif;\">Tot plegat, una setmana i una diada de Sant Jordi complerta per la qual felicitem i ens felicitem tota la comunitat educativa cadasc\u00fa en l&#8217; \u00e0mbit des del qual ha participat. Felicitem-nos tots i totes, grans i petits, per haver-nos fet un regal de valors i cultura. Els petits pel seu esfor\u00e7 i mostra de talent i els gran per tot all\u00f2 que els hem tram\u00e9s. <\/span><br \/>\n<span style=\"font-family: comic sans ms,sans-serif;\">Aquest s\u00ed que \u00e9s un regal de luxe, que no es trenca, no es perd i no caduca.<\/span><br \/>\n<span style=\"font-family: comic sans ms,sans-serif;\">Fins el proper Sant Jordi!<\/span><\/p>\n","protected":false},"excerpt":{"rendered":"<p>Cada Sant Jordi, l&#8217; escola celebra la diada cultural i de l&#8217; amor per excel\u2022l\u00e8ncia a Catalunya, amb diferents activitats. Durant aquesta setmana de Sant Jordi, les aules s&#8217; han omplert de pares i mares que han explicat contes. S&#8217; han organitzat tallers intercicles per parelles, on alumnes grans i petits han compartit lectures. Hem [&hellip;]<\/p>\n","protected":false},"author":1,"featured_media":0,"comment_status":"open","ping_status":"open","sticky":false,"template":"","format":"standard","meta":{"_bbp_topic_count":0,"_bbp_reply_count":0,"_bbp_total_topic_count":0,"_bbp_total_reply_count":0,"_bbp_voice_count":0,"_bbp_anonymous_reply_count":0,"_bbp_topic_count_hidden":0,"_bbp_reply_count_hidden":0,"_bbp_forum_subforum_count":0,"site-sidebar-layout":"default","site-content-layout":"","ast-site-content-layout":"","site-content-style":"default","site-sidebar-style":"default","ast-global-header-display":"","ast-banner-title-visibility":"","ast-main-header-display":"","ast-hfb-above-header-display":"","ast-hfb-below-header-display":"","ast-hfb-mobile-header-display":"","site-post-title":"","ast-breadcrumbs-content":"","ast-featured-img":"","footer-sml-layout":"","theme-transparent-header-meta":"","adv-header-id-meta":"","stick-header-meta":"","header-above-stick-meta":"","header-main-stick-meta":"","header-below-stick-meta":"","astra-migrate-meta-layouts":"default","ast-page-background-enabled":"default","ast-page-background-meta":{"desktop":{"background-color":"var(--ast-global-color-4)","background-image":"","background-repeat":"repeat","background-position":"center center","background-size":"auto","background-attachment":"scroll","background-type":"","background-media":"","overlay-type":"","overlay-color":"","overlay-opacity":"","overlay-gradient":""},"tablet":{"background-color":"","background-image":"","background-repeat":"repeat","background-position":"center center","background-size":"auto","background-attachment":"scroll","background-type":"","background-media":"","overlay-type":"","overlay-color":"","overlay-opacity":"","overlay-gradient":""},"mobile":{"background-color":"","background-image":"","background-repeat":"repeat","background-position":"center center","background-size":"auto","background-attachment":"scroll","background-type":"","background-media":"","overlay-type":"","overlay-color":"","overlay-opacity":"","overlay-gradient":""}},"ast-content-background-meta":{"desktop":{"background-color":"var(--ast-global-color-5)","background-image":"","background-repeat":"repeat","background-position":"center center","background-size":"auto","background-attachment":"scroll","background-type":"","background-media":"","overlay-type":"","overlay-color":"","overlay-opacity":"","overlay-gradient":""},"tablet":{"background-color":"var(--ast-global-color-5)","background-image":"","background-repeat":"repeat","background-position":"center center","background-size":"auto","background-attachment":"scroll","background-type":"","background-media":"","overlay-type":"","overlay-color":"","overlay-opacity":"","overlay-gradient":""},"mobile":{"background-color":"var(--ast-global-color-5)","background-image":"","background-repeat":"repeat","background-position":"center center","background-size":"auto","background-attachment":"scroll","background-type":"","background-media":"","overlay-type":"","overlay-color":"","overlay-opacity":"","overlay-gradient":""}},"footnotes":""},"categories":[59,62],"tags":[],"class_list":["post-957","post","type-post","status-publish","format-standard","hentry","category-festes","category-sant-jordi"],"post_mailing_queue_ids":[],"_links":{"self":[{"href":"https:\/\/agora.xtec.cat\/escolaelturobiguesiriells\/wp-json\/wp\/v2\/posts\/957","targetHints":{"allow":["GET"]}}],"collection":[{"href":"https:\/\/agora.xtec.cat\/escolaelturobiguesiriells\/wp-json\/wp\/v2\/posts"}],"about":[{"href":"https:\/\/agora.xtec.cat\/escolaelturobiguesiriells\/wp-json\/wp\/v2\/types\/post"}],"author":[{"embeddable":true,"href":"https:\/\/agora.xtec.cat\/escolaelturobiguesiriells\/wp-json\/wp\/v2\/users\/1"}],"replies":[{"embeddable":true,"href":"https:\/\/agora.xtec.cat\/escolaelturobiguesiriells\/wp-json\/wp\/v2\/comments?post=957"}],"version-history":[{"count":0,"href":"https:\/\/agora.xtec.cat\/escolaelturobiguesiriells\/wp-json\/wp\/v2\/posts\/957\/revisions"}],"wp:attachment":[{"href":"https:\/\/agora.xtec.cat\/escolaelturobiguesiriells\/wp-json\/wp\/v2\/media?parent=957"}],"wp:term":[{"taxonomy":"category","embeddable":true,"href":"https:\/\/agora.xtec.cat\/escolaelturobiguesiriells\/wp-json\/wp\/v2\/categories?post=957"},{"taxonomy":"post_tag","embeddable":true,"href":"https:\/\/agora.xtec.cat\/escolaelturobiguesiriells\/wp-json\/wp\/v2\/tags?post=957"}],"curies":[{"name":"wp","href":"https:\/\/api.w.org\/{rel}","templated":true}]}}