{"id":8713,"date":"2025-12-15T22:32:06","date_gmt":"2025-12-15T21:32:06","guid":{"rendered":"https:\/\/agora.xtec.cat\/escolaelturobiguesiriells\/?p=8713"},"modified":"2026-01-28T10:35:34","modified_gmt":"2026-01-28T09:35:34","slug":"1r-i-2n-a-la-recerca-del-tio","status":"publish","type":"post","link":"https:\/\/agora.xtec.cat\/escolaelturobiguesiriells\/general\/1r-i-2n-a-la-recerca-del-tio\/","title":{"rendered":"1r i 2n: A LA RECERCA DEL TI\u00d3"},"content":{"rendered":"<p data-start=\"92\" data-end=\"341\"><a href=\"https:\/\/drive.google.com\/drive\/folders\/12sP3cBm6aU0asX_YUjHVUSKKVG-bErz4\"><img loading=\"lazy\" decoding=\"async\" class=\"wp-image-8714 aligncenter\" src=\"https:\/\/agora.xtec.cat\/escolaelturobiguesiriells\/wp-content\/uploads\/usu1576\/2025\/12\/WhatsApp-Image-2025-12-15-at-22.19.29-3-1-768x1024.jpeg\" alt=\"\" width=\"364\" height=\"485\" srcset=\"https:\/\/agora.xtec.cat\/escolaelturobiguesiriells\/wp-content\/uploads\/usu1576\/2025\/12\/WhatsApp-Image-2025-12-15-at-22.19.29-3-1-768x1024.jpeg 768w, https:\/\/agora.xtec.cat\/escolaelturobiguesiriells\/wp-content\/uploads\/usu1576\/2025\/12\/WhatsApp-Image-2025-12-15-at-22.19.29-3-1-225x300.jpeg 225w, https:\/\/agora.xtec.cat\/escolaelturobiguesiriells\/wp-content\/uploads\/usu1576\/2025\/12\/WhatsApp-Image-2025-12-15-at-22.19.29-3-1-1152x1536.jpeg 1152w, https:\/\/agora.xtec.cat\/escolaelturobiguesiriells\/wp-content\/uploads\/usu1576\/2025\/12\/WhatsApp-Image-2025-12-15-at-22.19.29-3-1.jpeg 1200w\" sizes=\"auto, (max-width: 364px) 100vw, 364px\" \/><\/a><\/p>\n<p data-start=\"92\" data-end=\"341\">El passat divendres 12 de desembre, els nens i nenes de 1r i 2n van sortir al pati a la recerca del ti\u00f3, que s\u2019hi havia amagat. Enguany, per\u00f2, la cerca no va ser tan f\u00e0cil, ja que se\u2019ns van colar uns quants intrusos que ens van despistar una mica.<\/p>\n<p data-start=\"348\" data-end=\"553\">Despr\u00e9s de buscar durant una bona estona, finalment vam trobar el ti\u00f3 de veritat. Aix\u00f2 s\u00ed, aquest curs era ben petit! Ara l\u2019haurem d\u2019alimentar b\u00e9 perqu\u00e8 creixi i estigui preparat per cagar el dia que toca.<\/p>\n","protected":false},"excerpt":{"rendered":"<p>El passat divendres 12 de desembre, els nens i nenes de 1r i 2n van sortir al pati a la recerca del ti\u00f3, que s\u2019hi havia amagat. Enguany, per\u00f2, la cerca no va ser tan f\u00e0cil, ja que se\u2019ns van colar uns quants intrusos que ens van despistar una mica. Despr\u00e9s de buscar durant una [&hellip;]<\/p>\n","protected":false},"author":1,"featured_media":0,"comment_status":"open","ping_status":"open","sticky":false,"template":"","format":"standard","meta":{"_bbp_topic_count":0,"_bbp_reply_count":0,"_bbp_total_topic_count":0,"_bbp_total_reply_count":0,"_bbp_voice_count":0,"_bbp_anonymous_reply_count":0,"_bbp_topic_count_hidden":0,"_bbp_reply_count_hidden":0,"_bbp_forum_subforum_count":0,"site-sidebar-layout":"default","site-content-layout":"","ast-site-content-layout":"default","site-content-style":"default","site-sidebar-style":"default","ast-global-header-display":"","ast-banner-title-visibility":"","ast-main-header-display":"","ast-hfb-above-header-display":"","ast-hfb-below-header-display":"","ast-hfb-mobile-header-display":"","site-post-title":"","ast-breadcrumbs-content":"","ast-featured-img":"","footer-sml-layout":"","theme-transparent-header-meta":"default","adv-header-id-meta":"","stick-header-meta":"","header-above-stick-meta":"","header-main-stick-meta":"","header-below-stick-meta":"","astra-migrate-meta-layouts":"set","ast-page-background-enabled":"default","ast-page-background-meta":{"desktop":{"background-color":"var(--ast-global-color-4)","background-image":"","background-repeat":"repeat","background-position":"center center","background-size":"auto","background-attachment":"scroll","background-type":"","background-media":"","overlay-type":"","overlay-color":"","overlay-opacity":"","overlay-gradient":""},"tablet":{"background-color":"","background-image":"","background-repeat":"repeat","background-position":"center center","background-size":"auto","background-attachment":"scroll","background-type":"","background-media":"","overlay-type":"","overlay-color":"","overlay-opacity":"","overlay-gradient":""},"mobile":{"background-color":"","background-image":"","background-repeat":"repeat","background-position":"center center","background-size":"auto","background-attachment":"scroll","background-type":"","background-media":"","overlay-type":"","overlay-color":"","overlay-opacity":"","overlay-gradient":""}},"ast-content-background-meta":{"desktop":{"background-color":"var(--ast-global-color-5)","background-image":"","background-repeat":"repeat","background-position":"center center","background-size":"auto","background-attachment":"scroll","background-type":"","background-media":"","overlay-type":"","overlay-color":"","overlay-opacity":"","overlay-gradient":""},"tablet":{"background-color":"var(--ast-global-color-5)","background-image":"","background-repeat":"repeat","background-position":"center center","background-size":"auto","background-attachment":"scroll","background-type":"","background-media":"","overlay-type":"","overlay-color":"","overlay-opacity":"","overlay-gradient":""},"mobile":{"background-color":"var(--ast-global-color-5)","background-image":"","background-repeat":"repeat","background-position":"center center","background-size":"auto","background-attachment":"scroll","background-type":"","background-media":"","overlay-type":"","overlay-color":"","overlay-opacity":"","overlay-gradient":""}},"footnotes":""},"categories":[108,100,85,1,4,94],"tags":[],"class_list":["post-8713","post","type-post","status-publish","format-standard","hentry","category-108","category-100","category-educacio-basica","category-general","category-portada","category-portada-portada"],"post_mailing_queue_ids":[],"_links":{"self":[{"href":"https:\/\/agora.xtec.cat\/escolaelturobiguesiriells\/wp-json\/wp\/v2\/posts\/8713","targetHints":{"allow":["GET"]}}],"collection":[{"href":"https:\/\/agora.xtec.cat\/escolaelturobiguesiriells\/wp-json\/wp\/v2\/posts"}],"about":[{"href":"https:\/\/agora.xtec.cat\/escolaelturobiguesiriells\/wp-json\/wp\/v2\/types\/post"}],"author":[{"embeddable":true,"href":"https:\/\/agora.xtec.cat\/escolaelturobiguesiriells\/wp-json\/wp\/v2\/users\/1"}],"replies":[{"embeddable":true,"href":"https:\/\/agora.xtec.cat\/escolaelturobiguesiriells\/wp-json\/wp\/v2\/comments?post=8713"}],"version-history":[{"count":2,"href":"https:\/\/agora.xtec.cat\/escolaelturobiguesiriells\/wp-json\/wp\/v2\/posts\/8713\/revisions"}],"predecessor-version":[{"id":8789,"href":"https:\/\/agora.xtec.cat\/escolaelturobiguesiriells\/wp-json\/wp\/v2\/posts\/8713\/revisions\/8789"}],"wp:attachment":[{"href":"https:\/\/agora.xtec.cat\/escolaelturobiguesiriells\/wp-json\/wp\/v2\/media?parent=8713"}],"wp:term":[{"taxonomy":"category","embeddable":true,"href":"https:\/\/agora.xtec.cat\/escolaelturobiguesiriells\/wp-json\/wp\/v2\/categories?post=8713"},{"taxonomy":"post_tag","embeddable":true,"href":"https:\/\/agora.xtec.cat\/escolaelturobiguesiriells\/wp-json\/wp\/v2\/tags?post=8713"}],"curies":[{"name":"wp","href":"https:\/\/api.w.org\/{rel}","templated":true}]}}