{"id":8592,"date":"2025-10-27T20:09:12","date_gmt":"2025-10-27T19:09:12","guid":{"rendered":"https:\/\/agora.xtec.cat\/escolaelturobiguesiriells\/?p=8592"},"modified":"2025-10-31T10:32:29","modified_gmt":"2025-10-31T09:32:29","slug":"sortida-fem-poble-1r-i-2n","status":"publish","type":"post","link":"https:\/\/agora.xtec.cat\/escolaelturobiguesiriells\/general\/sortida-fem-poble-1r-i-2n\/","title":{"rendered":"1r i 2n: SORTIDA &#8220;FEM POBLE&#8221;"},"content":{"rendered":"<p style=\"text-align: justify;\"><span style=\"font-family: arial, helvetica, sans-serif; font-size: 12pt;\">Avui, <strong>dia 27 d&#8217;octubre de 2025<\/strong>, l&#8217;alumnat de <strong>primer i segon<\/strong> ha realitzat una sortida de mat\u00ed per l&#8217;entorn proper a l&#8217;escola. Hem passat per davant de<strong> La Torre<\/strong> i hem fet un <strong>recorregut circular per can Noguera<\/strong>, tornant pel costat del <strong>riu Tenes<\/strong>.<\/span><\/p>\n<p style=\"text-align: justify;\"><span style=\"font-family: arial, helvetica, sans-serif;\"><span style=\"font-size: 12pt;\">Ens ha acompanyat <strong>l&#8217;Abel<\/strong>, que ens ha fet de <strong>guia<\/strong> i ens ha explicat diverses<strong> llegendes i hist\u00f2ries<\/strong> de la zona. Al llarg de tot el recorregut hem gaudit molt escoltant-les i descobrint curiositats del nostre entorn.<\/span><a href=\"https:\/\/drive.google.com\/drive\/folders\/1l4vrBRE0WPUfjoRyfK7VgqN3AviBiYXg\"><img loading=\"lazy\" decoding=\"async\" class=\"wp-image-8594 alignleft\" src=\"https:\/\/agora.xtec.cat\/escolaelturobiguesiriells\/wp-content\/uploads\/usu1576\/2025\/10\/IMG20251027112826-1-min-scaled-e1761592045514-1024x655.jpg\" alt=\"\" width=\"403\" height=\"257\" srcset=\"https:\/\/agora.xtec.cat\/escolaelturobiguesiriells\/wp-content\/uploads\/usu1576\/2025\/10\/IMG20251027112826-1-min-scaled-e1761592045514-1024x655.jpg 1024w, https:\/\/agora.xtec.cat\/escolaelturobiguesiriells\/wp-content\/uploads\/usu1576\/2025\/10\/IMG20251027112826-1-min-scaled-e1761592045514-300x192.jpg 300w, https:\/\/agora.xtec.cat\/escolaelturobiguesiriells\/wp-content\/uploads\/usu1576\/2025\/10\/IMG20251027112826-1-min-scaled-e1761592045514-768x491.jpg 768w, https:\/\/agora.xtec.cat\/escolaelturobiguesiriells\/wp-content\/uploads\/usu1576\/2025\/10\/IMG20251027112826-1-min-scaled-e1761592045514-1536x983.jpg 1536w, https:\/\/agora.xtec.cat\/escolaelturobiguesiriells\/wp-content\/uploads\/usu1576\/2025\/10\/IMG20251027112826-1-min-scaled-e1761592045514-2048x1311.jpg 2048w\" sizes=\"auto, (max-width: 403px) 100vw, 403px\" \/><\/a><\/span><\/p>\n<p><span style=\"font-family: arial, helvetica, sans-serif;\">A continuaci\u00f3, us deixem una de les moltes llegendes que ens ha explicat.<\/span><\/p>\n<p><span style=\"color: #000000; font-family: arial, helvetica, sans-serif;\"><strong>Atenes i les Barbotes<\/strong><\/span><\/p>\n<p><span style=\"font-family: arial, helvetica, sans-serif;\">A can Noguera hi ha el naixement d\u2019aigua de les Barbotes. Aquest nom prov\u00e9 de borbollar, \u00e9s a dir, brollar un l\u00edquid de baix a dalt talment com si bull\u00eds. En aquest punt de la riera sempre hi ha aigua, encara que a l\u2019estiu baixi seca de can Noguera cap amunt.<\/span><\/p>\n<p><span style=\"font-family: arial, helvetica, sans-serif;\">L\u2019origen d\u2019aquesta aigua no es coneix, per\u00f2 es creu que ve de molt lluny, perqu\u00e8 de vegades, tot i fer molts dies que no plou, el naixement ofereix una gran avinguda d\u2019aigua sempre neta i mai t\u00e8rbola, el qual provaria que ve de molt lluny.<\/span><\/p>\n<p><span style=\"font-family: arial, helvetica, sans-serif;\">Antigament, la gent del poble explicava que, un dia, un pastor que pasturava amb el seu ramat a la muntanya de Montserrat, par\u00e0 a dinar en una font. Li caigueren el plat i la cullera de fusta amb les quals menjava, i l\u2019aigua les engol\u00ed terra endins. Uns dies m\u00e9s tard, el plat i la cullera sortiren per les Barbotes. \u00c9s degut a aquest fet que es diu que l\u2019aigua de les Barbotes ve de Montserrat.<\/span><\/p>\n<p><span style=\"font-family: arial, helvetica, sans-serif;\">En aquest mateix indret, concretament entre la Torre i can Noguera a la quintana de regadiu que s\u2019hi forma, es troben moltes parets enterrades, i es diu que corresponen a l\u2019antiga ciutat d\u2019Atenes. \u00c9s per aquest motiu, que la riera s\u2019anomen\u00e0 riera d\u2019Atenes o riu Tenes.<\/span><\/p>\n","protected":false},"excerpt":{"rendered":"<p>Avui, dia 27 d&#8217;octubre de 2025, l&#8217;alumnat de primer i segon ha realitzat una sortida de mat\u00ed per l&#8217;entorn proper a l&#8217;escola. Hem passat per davant de La Torre i hem fet un recorregut circular per can Noguera, tornant pel costat del riu Tenes. Ens ha acompanyat l&#8217;Abel, que ens ha fet de guia i [&hellip;]<\/p>\n","protected":false},"author":1,"featured_media":8594,"comment_status":"open","ping_status":"open","sticky":false,"template":"","format":"standard","meta":{"_bbp_topic_count":0,"_bbp_reply_count":0,"_bbp_total_topic_count":0,"_bbp_total_reply_count":0,"_bbp_voice_count":0,"_bbp_anonymous_reply_count":0,"_bbp_topic_count_hidden":0,"_bbp_reply_count_hidden":0,"_bbp_forum_subforum_count":0,"site-sidebar-layout":"default","site-content-layout":"","ast-site-content-layout":"default","site-content-style":"default","site-sidebar-style":"default","ast-global-header-display":"","ast-banner-title-visibility":"","ast-main-header-display":"","ast-hfb-above-header-display":"","ast-hfb-below-header-display":"","ast-hfb-mobile-header-display":"","site-post-title":"","ast-breadcrumbs-content":"","ast-featured-img":"","footer-sml-layout":"","theme-transparent-header-meta":"default","adv-header-id-meta":"","stick-header-meta":"","header-above-stick-meta":"","header-main-stick-meta":"","header-below-stick-meta":"","astra-migrate-meta-layouts":"set","ast-page-background-enabled":"default","ast-page-background-meta":{"desktop":{"background-color":"var(--ast-global-color-4)","background-image":"","background-repeat":"repeat","background-position":"center center","background-size":"auto","background-attachment":"scroll","background-type":"","background-media":"","overlay-type":"","overlay-color":"","overlay-opacity":"","overlay-gradient":""},"tablet":{"background-color":"","background-image":"","background-repeat":"repeat","background-position":"center center","background-size":"auto","background-attachment":"scroll","background-type":"","background-media":"","overlay-type":"","overlay-color":"","overlay-opacity":"","overlay-gradient":""},"mobile":{"background-color":"","background-image":"","background-repeat":"repeat","background-position":"center center","background-size":"auto","background-attachment":"scroll","background-type":"","background-media":"","overlay-type":"","overlay-color":"","overlay-opacity":"","overlay-gradient":""}},"ast-content-background-meta":{"desktop":{"background-color":"var(--ast-global-color-5)","background-image":"","background-repeat":"repeat","background-position":"center center","background-size":"auto","background-attachment":"scroll","background-type":"","background-media":"","overlay-type":"","overlay-color":"","overlay-opacity":"","overlay-gradient":""},"tablet":{"background-color":"var(--ast-global-color-5)","background-image":"","background-repeat":"repeat","background-position":"center center","background-size":"auto","background-attachment":"scroll","background-type":"","background-media":"","overlay-type":"","overlay-color":"","overlay-opacity":"","overlay-gradient":""},"mobile":{"background-color":"var(--ast-global-color-5)","background-image":"","background-repeat":"repeat","background-position":"center center","background-size":"auto","background-attachment":"scroll","background-type":"","background-media":"","overlay-type":"","overlay-color":"","overlay-opacity":"","overlay-gradient":""}},"footnotes":""},"categories":[108,100,1,4],"tags":[197,198,187],"class_list":["post-8592","post","type-post","status-publish","format-standard","has-post-thumbnail","hentry","category-108","category-100","category-general","category-portada","tag-1r","tag-2n","tag-fem-poble"],"post_mailing_queue_ids":[],"_links":{"self":[{"href":"https:\/\/agora.xtec.cat\/escolaelturobiguesiriells\/wp-json\/wp\/v2\/posts\/8592","targetHints":{"allow":["GET"]}}],"collection":[{"href":"https:\/\/agora.xtec.cat\/escolaelturobiguesiriells\/wp-json\/wp\/v2\/posts"}],"about":[{"href":"https:\/\/agora.xtec.cat\/escolaelturobiguesiriells\/wp-json\/wp\/v2\/types\/post"}],"author":[{"embeddable":true,"href":"https:\/\/agora.xtec.cat\/escolaelturobiguesiriells\/wp-json\/wp\/v2\/users\/1"}],"replies":[{"embeddable":true,"href":"https:\/\/agora.xtec.cat\/escolaelturobiguesiriells\/wp-json\/wp\/v2\/comments?post=8592"}],"version-history":[{"count":4,"href":"https:\/\/agora.xtec.cat\/escolaelturobiguesiriells\/wp-json\/wp\/v2\/posts\/8592\/revisions"}],"predecessor-version":[{"id":8615,"href":"https:\/\/agora.xtec.cat\/escolaelturobiguesiriells\/wp-json\/wp\/v2\/posts\/8592\/revisions\/8615"}],"wp:featuredmedia":[{"embeddable":true,"href":"https:\/\/agora.xtec.cat\/escolaelturobiguesiriells\/wp-json\/wp\/v2\/media\/8594"}],"wp:attachment":[{"href":"https:\/\/agora.xtec.cat\/escolaelturobiguesiriells\/wp-json\/wp\/v2\/media?parent=8592"}],"wp:term":[{"taxonomy":"category","embeddable":true,"href":"https:\/\/agora.xtec.cat\/escolaelturobiguesiriells\/wp-json\/wp\/v2\/categories?post=8592"},{"taxonomy":"post_tag","embeddable":true,"href":"https:\/\/agora.xtec.cat\/escolaelturobiguesiriells\/wp-json\/wp\/v2\/tags?post=8592"}],"curies":[{"name":"wp","href":"https:\/\/api.w.org\/{rel}","templated":true}]}}