{"id":8564,"date":"2025-10-24T17:12:03","date_gmt":"2025-10-24T15:12:03","guid":{"rendered":"https:\/\/agora.xtec.cat\/escolaelturobiguesiriells\/?p=8564"},"modified":"2025-10-24T17:12:03","modified_gmt":"2025-10-24T15:12:03","slug":"4t-setmana-de-la-mobilitat","status":"publish","type":"post","link":"https:\/\/agora.xtec.cat\/escolaelturobiguesiriells\/general\/4t-setmana-de-la-mobilitat\/","title":{"rendered":"4t SETMANA DE LA MOBILITAT"},"content":{"rendered":"<p>&nbsp;<\/p>\n<p><a href=\"https:\/\/drive.google.com\/drive\/folders\/1MFiC1-eIcRX1SqLfwILiCtl6SnPI-5h3?usp=drive_link\">4t LA SETMANA DE LA MOBILITAT<\/a><\/p>\n<p><a href=\"https:\/\/drive.google.com\/drive\/folders\/1MFiC1-eIcRX1SqLfwILiCtl6SnPI-5h3?usp=drive_link\"><img loading=\"lazy\" decoding=\"async\" class=\"alignnone wp-image-8574 size-large\" src=\"https:\/\/agora.xtec.cat\/escolaelturobiguesiriells\/wp-content\/uploads\/usu1576\/2025\/10\/foto-web-768x1024.jpg\" alt=\"\" width=\"768\" height=\"1024\" srcset=\"https:\/\/agora.xtec.cat\/escolaelturobiguesiriells\/wp-content\/uploads\/usu1576\/2025\/10\/foto-web-768x1024.jpg 768w, https:\/\/agora.xtec.cat\/escolaelturobiguesiriells\/wp-content\/uploads\/usu1576\/2025\/10\/foto-web-225x300.jpg 225w, https:\/\/agora.xtec.cat\/escolaelturobiguesiriells\/wp-content\/uploads\/usu1576\/2025\/10\/foto-web-1152x1536.jpg 1152w, https:\/\/agora.xtec.cat\/escolaelturobiguesiriells\/wp-content\/uploads\/usu1576\/2025\/10\/foto-web.jpg 1200w\" sizes=\"auto, (max-width: 768px) 100vw, 768px\" \/><\/a><\/p>\n<p><span style=\"font-size: 10pt;\">Del\u00a0<strong>16 al 22 de setembre de 2025<\/strong>\u00a0 es va celebrar a Catalunya la Setmana Europea de la Mobilitat que promou h\u00e0bits de mobilitat m\u00e9s sostenibles, segurs i saludables com s\u00f3n els despla\u00e7aments a peu, en bicicleta, en transport p\u00fablic o amb vehicle el\u00e8ctric. Tamb\u00e9 es visualitzen els canvis possibles en l\u2019\u00fas de l\u2019espai p\u00fablic, la millora de la qualitat de l\u2019aire i la reducci\u00f3 de la contaminaci\u00f3. Els alumnes de 4t el dia 17 d&#8217;octubre van gaudir d&#8217;un circuit, relacionat amb aquesta setmana, organitzat per l&#8217;Ajuntament i la Policia local de Bigues i Riells del Fai.\u00a0 Moltes gr\u00e0cies per tot, ens ho vam passar molt b\u00e9!!!<\/span><\/p>\n<p>Si voleu veure les fotos feu clic al t\u00edtol, a la foto o a l\u2019enlla\u00e7:<\/p>\n<p><a href=\"https:\/\/drive.google.com\/drive\/folders\/1MFiC1-eIcRX1SqLfwILiCtl6SnPI-5h3?usp=drive_link\">https:\/\/drive.google.com\/drive\/folders\/1MFiC1-eIcRX1SqLfwILiCtl6SnPI-5h3?usp=drive_link<\/a><\/p>\n<p>ENLLA\u00c7 DE L&#8217;AJUNTAMENT DE LA SETMANA DE LA MOBILITAT:<\/p>\n<p><a href=\"https:\/\/www.biguesiriells.cat\/ca\/actualitat-2\/noticies-2\/bigues-riells-del-fai-ha-participat-intensament-setmana-europea-mobilitat-1775.htm\">https:\/\/www.biguesiriells.cat\/ca\/actualitat-2\/noticies-2\/bigues-riells-del-fai-ha-participat-intensament-setmana-europea-mobilitat-1775.htm<\/a><\/p>\n","protected":false},"excerpt":{"rendered":"<p>&nbsp; 4t LA SETMANA DE LA MOBILITAT Del\u00a016 al 22 de setembre de 2025\u00a0 es va celebrar a Catalunya la Setmana Europea de la Mobilitat que promou h\u00e0bits de mobilitat m\u00e9s sostenibles, segurs i saludables com s\u00f3n els despla\u00e7aments a peu, en bicicleta, en transport p\u00fablic o amb vehicle el\u00e8ctric. Tamb\u00e9 es visualitzen els canvis [&hellip;]<\/p>\n","protected":false},"author":17,"featured_media":8574,"comment_status":"open","ping_status":"open","sticky":false,"template":"","format":"standard","meta":{"_bbp_topic_count":0,"_bbp_reply_count":0,"_bbp_total_topic_count":0,"_bbp_total_reply_count":0,"_bbp_voice_count":0,"_bbp_anonymous_reply_count":0,"_bbp_topic_count_hidden":0,"_bbp_reply_count_hidden":0,"_bbp_forum_subforum_count":0,"site-sidebar-layout":"default","site-content-layout":"","ast-site-content-layout":"default","site-content-style":"default","site-sidebar-style":"default","ast-global-header-display":"","ast-banner-title-visibility":"","ast-main-header-display":"","ast-hfb-above-header-display":"","ast-hfb-below-header-display":"","ast-hfb-mobile-header-display":"","site-post-title":"","ast-breadcrumbs-content":"","ast-featured-img":"","footer-sml-layout":"","theme-transparent-header-meta":"default","adv-header-id-meta":"","stick-header-meta":"","header-above-stick-meta":"","header-main-stick-meta":"","header-below-stick-meta":"","astra-migrate-meta-layouts":"set","ast-page-background-enabled":"default","ast-page-background-meta":{"desktop":{"background-color":"var(--ast-global-color-4)","background-image":"","background-repeat":"repeat","background-position":"center center","background-size":"auto","background-attachment":"scroll","background-type":"","background-media":"","overlay-type":"","overlay-color":"","overlay-opacity":"","overlay-gradient":""},"tablet":{"background-color":"","background-image":"","background-repeat":"repeat","background-position":"center center","background-size":"auto","background-attachment":"scroll","background-type":"","background-media":"","overlay-type":"","overlay-color":"","overlay-opacity":"","overlay-gradient":""},"mobile":{"background-color":"","background-image":"","background-repeat":"repeat","background-position":"center center","background-size":"auto","background-attachment":"scroll","background-type":"","background-media":"","overlay-type":"","overlay-color":"","overlay-opacity":"","overlay-gradient":""}},"ast-content-background-meta":{"desktop":{"background-color":"var(--ast-global-color-5)","background-image":"","background-repeat":"repeat","background-position":"center center","background-size":"auto","background-attachment":"scroll","background-type":"","background-media":"","overlay-type":"","overlay-color":"","overlay-opacity":"","overlay-gradient":""},"tablet":{"background-color":"var(--ast-global-color-5)","background-image":"","background-repeat":"repeat","background-position":"center center","background-size":"auto","background-attachment":"scroll","background-type":"","background-media":"","overlay-type":"","overlay-color":"","overlay-opacity":"","overlay-gradient":""},"mobile":{"background-color":"var(--ast-global-color-5)","background-image":"","background-repeat":"repeat","background-position":"center center","background-size":"auto","background-attachment":"scroll","background-type":"","background-media":"","overlay-type":"","overlay-color":"","overlay-opacity":"","overlay-gradient":""}},"footnotes":""},"categories":[8,1,4,94],"tags":[],"class_list":["post-8564","post","type-post","status-publish","format-standard","has-post-thumbnail","hentry","category-8","category-general","category-portada","category-portada-portada"],"post_mailing_queue_ids":[],"_links":{"self":[{"href":"https:\/\/agora.xtec.cat\/escolaelturobiguesiriells\/wp-json\/wp\/v2\/posts\/8564","targetHints":{"allow":["GET"]}}],"collection":[{"href":"https:\/\/agora.xtec.cat\/escolaelturobiguesiriells\/wp-json\/wp\/v2\/posts"}],"about":[{"href":"https:\/\/agora.xtec.cat\/escolaelturobiguesiriells\/wp-json\/wp\/v2\/types\/post"}],"author":[{"embeddable":true,"href":"https:\/\/agora.xtec.cat\/escolaelturobiguesiriells\/wp-json\/wp\/v2\/users\/17"}],"replies":[{"embeddable":true,"href":"https:\/\/agora.xtec.cat\/escolaelturobiguesiriells\/wp-json\/wp\/v2\/comments?post=8564"}],"version-history":[{"count":6,"href":"https:\/\/agora.xtec.cat\/escolaelturobiguesiriells\/wp-json\/wp\/v2\/posts\/8564\/revisions"}],"predecessor-version":[{"id":8579,"href":"https:\/\/agora.xtec.cat\/escolaelturobiguesiriells\/wp-json\/wp\/v2\/posts\/8564\/revisions\/8579"}],"wp:featuredmedia":[{"embeddable":true,"href":"https:\/\/agora.xtec.cat\/escolaelturobiguesiriells\/wp-json\/wp\/v2\/media\/8574"}],"wp:attachment":[{"href":"https:\/\/agora.xtec.cat\/escolaelturobiguesiriells\/wp-json\/wp\/v2\/media?parent=8564"}],"wp:term":[{"taxonomy":"category","embeddable":true,"href":"https:\/\/agora.xtec.cat\/escolaelturobiguesiriells\/wp-json\/wp\/v2\/categories?post=8564"},{"taxonomy":"post_tag","embeddable":true,"href":"https:\/\/agora.xtec.cat\/escolaelturobiguesiriells\/wp-json\/wp\/v2\/tags?post=8564"}],"curies":[{"name":"wp","href":"https:\/\/api.w.org\/{rel}","templated":true}]}}