{"id":850,"date":"2014-02-25T12:36:46","date_gmt":"2014-02-25T11:36:46","guid":{"rendered":"http:\/\/blocs.xtec.cat\/escolaelturobiguesiriells\/?p=410"},"modified":"2018-09-28T11:15:39","modified_gmt":"2018-09-28T09:15:39","slug":"santa-cecilia","status":"publish","type":"post","link":"https:\/\/agora.xtec.cat\/escolaelturobiguesiriells\/general\/santa-cecilia\/","title":{"rendered":"Santa Cec\u00edlia"},"content":{"rendered":"<p>&nbsp;<\/p>\n<p style=\"margin-bottom: 0cm;\"><a href=\"http:\/\/agora.xtec.cat\/escolaelturobiguesiriells\/wp-content\/uploads\/usu1576\/2014\/02\/orquestra.gif\"><img loading=\"lazy\" decoding=\"async\" class=\"size-full wp-image-402 alignleft\" alt=\"orquestra\" src=\"http:\/\/agora.xtec.cat\/escolaelturobiguesiriells\/wp-content\/uploads\/usu1576\/2014\/02\/orquestra.gif\" width=\"110\" height=\"86\" \/><\/a><\/p>\n<p style=\"margin-bottom: 0cm;\"><span style=\"font-family: Arial,sans-serif;\"><span style=\"font-size: medium;\"><b>A l&#8217; escola celebrem el dia de <span style=\"font-size: large; font-family: comic sans ms,sans-serif; color: #0000ff;\">Santa Cec\u00edlia<\/span>, patrona de la m\u00fasica amb un <span style=\"font-family: comic sans ms,sans-serif; font-size: x-large; color: #0000ff;\">gran concert <\/span>per cicles. <\/b><\/span><\/span><\/p>\n<p style=\"margin-bottom: 0cm;\"><span style=\"font-family: Arial,sans-serif;\"><span style=\"font-size: medium;\"><b>Tots els nens i nenes que estudien instruments de m\u00fasica com activitat extraescolar a les diferents escoles de la comarca (la Vall del Tenes, Aymerich a La Garriga, Santa Eul\u00e0lia de Ron\u00e7ana&#8230;), ofereixen un concert als seus companys i companyes. L&#8217; escola El Tur\u00f3 \u00e9s la seu a Bigues de l&#8217; Escola de M\u00fasica de la Vall del Tenes . <\/b><\/span><\/span><\/p>\n<p style=\"margin-bottom: 0cm;\"><span style=\"font-family: Arial,sans-serif;\"><span style=\"font-size: medium;\"><b>Tamb\u00e9 participen en el nostre concert els i les mestres de l&#8217; Escola de M\u00fasica de la Vall del Tenes, que \u00e9s l&#8217; Escola de M\u00fasica Mancomunada dels pobles que travessa i uneix el riu Tenes: Bigues i Riells, Santa Eul\u00e0lia de Ron\u00e7ana, Lli\u00e7\u00e0 d&#8217; Amunt i Lli\u00e7\u00e0 de Vall, i enguany els ex-alumnes de la nostra escola que ja s\u00f3n a l&#8217; IES fent ESO o Batxillerat i que van acceptar la nostra invitaci\u00f3. <\/b><\/span><\/span><\/p>\n<p style=\"margin-bottom: 0cm;\"><span style=\"font-family: Arial,sans-serif;\"><span style=\"font-size: medium;\"><b>Les mestres de l&#8217; escola, la Sara i la Carme, sempre preparen a m\u00e9s a m\u00e9s alguna sorpresa amb els alumnes de l&#8217; escola com ara cants corals, coreografies amb els nens i nenes de parvulari&#8230;<\/b><\/span><\/span><\/p>\n<p style=\"margin-bottom: 0cm;\"><span style=\"font-family: Arial,sans-serif;\"><span style=\"font-size: medium;\"><b>El concert \u00e9s tots els anys variat, divertit i de gran qualitat. Ens ho passem d&#8217; all\u00f2 m\u00e9s b\u00e9! <\/b><\/span><\/span><\/p>\n<p>&nbsp;<\/p>\n<p>&nbsp;<\/p>\n","protected":false},"excerpt":{"rendered":"<p>&nbsp; A l&#8217; escola celebrem el dia de Santa Cec\u00edlia, patrona de la m\u00fasica amb un gran concert per cicles. Tots els nens i nenes que estudien instruments de m\u00fasica com activitat extraescolar a les diferents escoles de la comarca (la Vall del Tenes, Aymerich a La Garriga, Santa Eul\u00e0lia de Ron\u00e7ana&#8230;), ofereixen un concert [&hellip;]<\/p>\n","protected":false},"author":1,"featured_media":0,"comment_status":"open","ping_status":"open","sticky":false,"template":"","format":"standard","meta":{"_bbp_topic_count":0,"_bbp_reply_count":0,"_bbp_total_topic_count":0,"_bbp_total_reply_count":0,"_bbp_voice_count":0,"_bbp_anonymous_reply_count":0,"_bbp_topic_count_hidden":0,"_bbp_reply_count_hidden":0,"_bbp_forum_subforum_count":0,"site-sidebar-layout":"default","site-content-layout":"","ast-site-content-layout":"","site-content-style":"default","site-sidebar-style":"default","ast-global-header-display":"","ast-banner-title-visibility":"","ast-main-header-display":"","ast-hfb-above-header-display":"","ast-hfb-below-header-display":"","ast-hfb-mobile-header-display":"","site-post-title":"","ast-breadcrumbs-content":"","ast-featured-img":"","footer-sml-layout":"","theme-transparent-header-meta":"","adv-header-id-meta":"","stick-header-meta":"","header-above-stick-meta":"","header-main-stick-meta":"","header-below-stick-meta":"","astra-migrate-meta-layouts":"default","ast-page-background-enabled":"default","ast-page-background-meta":{"desktop":{"background-color":"var(--ast-global-color-4)","background-image":"","background-repeat":"repeat","background-position":"center center","background-size":"auto","background-attachment":"scroll","background-type":"","background-media":"","overlay-type":"","overlay-color":"","overlay-opacity":"","overlay-gradient":""},"tablet":{"background-color":"","background-image":"","background-repeat":"repeat","background-position":"center center","background-size":"auto","background-attachment":"scroll","background-type":"","background-media":"","overlay-type":"","overlay-color":"","overlay-opacity":"","overlay-gradient":""},"mobile":{"background-color":"","background-image":"","background-repeat":"repeat","background-position":"center center","background-size":"auto","background-attachment":"scroll","background-type":"","background-media":"","overlay-type":"","overlay-color":"","overlay-opacity":"","overlay-gradient":""}},"ast-content-background-meta":{"desktop":{"background-color":"var(--ast-global-color-5)","background-image":"","background-repeat":"repeat","background-position":"center center","background-size":"auto","background-attachment":"scroll","background-type":"","background-media":"","overlay-type":"","overlay-color":"","overlay-opacity":"","overlay-gradient":""},"tablet":{"background-color":"var(--ast-global-color-5)","background-image":"","background-repeat":"repeat","background-position":"center center","background-size":"auto","background-attachment":"scroll","background-type":"","background-media":"","overlay-type":"","overlay-color":"","overlay-opacity":"","overlay-gradient":""},"mobile":{"background-color":"var(--ast-global-color-5)","background-image":"","background-repeat":"repeat","background-position":"center center","background-size":"auto","background-attachment":"scroll","background-type":"","background-media":"","overlay-type":"","overlay-color":"","overlay-opacity":"","overlay-gradient":""}},"footnotes":""},"categories":[1,63],"tags":[],"class_list":["post-850","post","type-post","status-publish","format-standard","hentry","category-general","category-santa-cecilia"],"post_mailing_queue_ids":[],"_links":{"self":[{"href":"https:\/\/agora.xtec.cat\/escolaelturobiguesiriells\/wp-json\/wp\/v2\/posts\/850","targetHints":{"allow":["GET"]}}],"collection":[{"href":"https:\/\/agora.xtec.cat\/escolaelturobiguesiriells\/wp-json\/wp\/v2\/posts"}],"about":[{"href":"https:\/\/agora.xtec.cat\/escolaelturobiguesiriells\/wp-json\/wp\/v2\/types\/post"}],"author":[{"embeddable":true,"href":"https:\/\/agora.xtec.cat\/escolaelturobiguesiriells\/wp-json\/wp\/v2\/users\/1"}],"replies":[{"embeddable":true,"href":"https:\/\/agora.xtec.cat\/escolaelturobiguesiriells\/wp-json\/wp\/v2\/comments?post=850"}],"version-history":[{"count":1,"href":"https:\/\/agora.xtec.cat\/escolaelturobiguesiriells\/wp-json\/wp\/v2\/posts\/850\/revisions"}],"predecessor-version":[{"id":1444,"href":"https:\/\/agora.xtec.cat\/escolaelturobiguesiriells\/wp-json\/wp\/v2\/posts\/850\/revisions\/1444"}],"wp:attachment":[{"href":"https:\/\/agora.xtec.cat\/escolaelturobiguesiriells\/wp-json\/wp\/v2\/media?parent=850"}],"wp:term":[{"taxonomy":"category","embeddable":true,"href":"https:\/\/agora.xtec.cat\/escolaelturobiguesiriells\/wp-json\/wp\/v2\/categories?post=850"},{"taxonomy":"post_tag","embeddable":true,"href":"https:\/\/agora.xtec.cat\/escolaelturobiguesiriells\/wp-json\/wp\/v2\/tags?post=850"}],"curies":[{"name":"wp","href":"https:\/\/api.w.org\/{rel}","templated":true}]}}