{"id":8471,"date":"2025-10-13T09:00:25","date_gmt":"2025-10-13T07:00:25","guid":{"rendered":"https:\/\/agora.xtec.cat\/escolaelturobiguesiriells\/?p=8471"},"modified":"2026-01-28T10:53:32","modified_gmt":"2026-01-28T09:53:32","slug":"la-plastica-a-i3-petits-artistes-en-accio","status":"publish","type":"post","link":"https:\/\/agora.xtec.cat\/escolaelturobiguesiriells\/general\/la-plastica-a-i3-petits-artistes-en-accio\/","title":{"rendered":"I3: PETITS ARTISTES EN ACCI\u00d3!"},"content":{"rendered":"<div><\/div>\n<p data-start=\"165\" data-end=\"392\">Els m\u00e9s petits de l\u2019escola vivim moments plens de creativitat i diversi\u00f3 durant les sessions de Pl\u00e0stica!<br data-start=\"270\" data-end=\"273\" \/>Cada dimarts a la tarda dediquem una estona a experimentar amb materials, formes i colors, deixant volar la imaginaci\u00f3. Apostem per una pl\u00e0stica creativa, experimental i manipulativa, on valorem sobretot el proc\u00e9s, les emocions i les viv\u00e8ncies dels infants mentre creen.<\/p>\n<p data-start=\"546\" data-end=\"717\">Aquest primer trimestre hem comen\u00e7at fent el nostre primer dibuix a l&#8217;escola dels grans, hem descobert el punx\u00f3, hem experimentat amb els colors de la tardor i moltes altres propostes que vindran! Al llarg del curs descobrirem grans artistes com Joan Mir\u00f3, el pintor que dona nom a la nostra classe, i Yayoi Kusama, que ens captivaran amb les seves obres plenes de color i creativitat.<\/p>\n<p data-start=\"879\" data-end=\"983\"><span data-start=\"913\" data-end=\"950\">Per <\/span>veure i gaudir de les fotografies d\u2019aquests moments tan especials al llarg del curs, podeu clicar sobre la imatge.<\/p>\n<p data-start=\"879\" data-end=\"983\"><a href=\"https:\/\/drive.google.com\/drive\/folders\/11E_X4nHqI_vjI7ym1TSkEHx6BYoomc_c?usp=drive_link\"><img loading=\"lazy\" decoding=\"async\" class=\"aligncenter size-full wp-image-8473\" src=\"https:\/\/agora.xtec.cat\/escolaelturobiguesiriells\/wp-content\/uploads\/usu1576\/2025\/10\/portada-plastica.webp\" alt=\"\" width=\"250\" height=\"140\" \/><\/a><\/p>\n","protected":false},"excerpt":{"rendered":"<p>Els m\u00e9s petits de l\u2019escola vivim moments plens de creativitat i diversi\u00f3 durant les sessions de Pl\u00e0stica!Cada dimarts a la tarda dediquem una estona a experimentar amb materials, formes i colors, deixant volar la imaginaci\u00f3. Apostem per una pl\u00e0stica creativa, experimental i manipulativa, on valorem sobretot el proc\u00e9s, les emocions i les viv\u00e8ncies dels infants [&hellip;]<\/p>\n","protected":false},"author":7,"featured_media":8473,"comment_status":"open","ping_status":"closed","sticky":false,"template":"","format":"standard","meta":{"_bbp_topic_count":0,"_bbp_reply_count":0,"_bbp_total_topic_count":0,"_bbp_total_reply_count":0,"_bbp_voice_count":0,"_bbp_anonymous_reply_count":0,"_bbp_topic_count_hidden":0,"_bbp_reply_count_hidden":0,"_bbp_forum_subforum_count":0,"site-sidebar-layout":"default","site-content-layout":"","ast-site-content-layout":"default","site-content-style":"default","site-sidebar-style":"default","ast-global-header-display":"","ast-banner-title-visibility":"","ast-main-header-display":"","ast-hfb-above-header-display":"","ast-hfb-below-header-display":"","ast-hfb-mobile-header-display":"","site-post-title":"","ast-breadcrumbs-content":"","ast-featured-img":"","footer-sml-layout":"","theme-transparent-header-meta":"default","adv-header-id-meta":"","stick-header-meta":"","header-above-stick-meta":"","header-main-stick-meta":"","header-below-stick-meta":"","astra-migrate-meta-layouts":"set","ast-page-background-enabled":"default","ast-page-background-meta":{"desktop":{"background-color":"var(--ast-global-color-4)","background-image":"","background-repeat":"repeat","background-position":"center center","background-size":"auto","background-attachment":"scroll","background-type":"","background-media":"","overlay-type":"","overlay-color":"","overlay-opacity":"","overlay-gradient":""},"tablet":{"background-color":"","background-image":"","background-repeat":"repeat","background-position":"center center","background-size":"auto","background-attachment":"scroll","background-type":"","background-media":"","overlay-type":"","overlay-color":"","overlay-opacity":"","overlay-gradient":""},"mobile":{"background-color":"","background-image":"","background-repeat":"repeat","background-position":"center center","background-size":"auto","background-attachment":"scroll","background-type":"","background-media":"","overlay-type":"","overlay-color":"","overlay-opacity":"","overlay-gradient":""}},"ast-content-background-meta":{"desktop":{"background-color":"var(--ast-global-color-5)","background-image":"","background-repeat":"repeat","background-position":"center center","background-size":"auto","background-attachment":"scroll","background-type":"","background-media":"","overlay-type":"","overlay-color":"","overlay-opacity":"","overlay-gradient":""},"tablet":{"background-color":"var(--ast-global-color-5)","background-image":"","background-repeat":"repeat","background-position":"center center","background-size":"auto","background-attachment":"scroll","background-type":"","background-media":"","overlay-type":"","overlay-color":"","overlay-opacity":"","overlay-gradient":""},"mobile":{"background-color":"var(--ast-global-color-5)","background-image":"","background-repeat":"repeat","background-position":"center center","background-size":"auto","background-attachment":"scroll","background-type":"","background-media":"","overlay-type":"","overlay-color":"","overlay-opacity":"","overlay-gradient":""}},"footnotes":""},"categories":[1,194,2,4],"tags":[],"class_list":["post-8471","post","type-post","status-publish","format-standard","has-post-thumbnail","hentry","category-general","category-i3","category-infantil","category-portada"],"post_mailing_queue_ids":[],"_links":{"self":[{"href":"https:\/\/agora.xtec.cat\/escolaelturobiguesiriells\/wp-json\/wp\/v2\/posts\/8471","targetHints":{"allow":["GET"]}}],"collection":[{"href":"https:\/\/agora.xtec.cat\/escolaelturobiguesiriells\/wp-json\/wp\/v2\/posts"}],"about":[{"href":"https:\/\/agora.xtec.cat\/escolaelturobiguesiriells\/wp-json\/wp\/v2\/types\/post"}],"author":[{"embeddable":true,"href":"https:\/\/agora.xtec.cat\/escolaelturobiguesiriells\/wp-json\/wp\/v2\/users\/7"}],"replies":[{"embeddable":true,"href":"https:\/\/agora.xtec.cat\/escolaelturobiguesiriells\/wp-json\/wp\/v2\/comments?post=8471"}],"version-history":[{"count":6,"href":"https:\/\/agora.xtec.cat\/escolaelturobiguesiriells\/wp-json\/wp\/v2\/posts\/8471\/revisions"}],"predecessor-version":[{"id":8799,"href":"https:\/\/agora.xtec.cat\/escolaelturobiguesiriells\/wp-json\/wp\/v2\/posts\/8471\/revisions\/8799"}],"wp:featuredmedia":[{"embeddable":true,"href":"https:\/\/agora.xtec.cat\/escolaelturobiguesiriells\/wp-json\/wp\/v2\/media\/8473"}],"wp:attachment":[{"href":"https:\/\/agora.xtec.cat\/escolaelturobiguesiriells\/wp-json\/wp\/v2\/media?parent=8471"}],"wp:term":[{"taxonomy":"category","embeddable":true,"href":"https:\/\/agora.xtec.cat\/escolaelturobiguesiriells\/wp-json\/wp\/v2\/categories?post=8471"},{"taxonomy":"post_tag","embeddable":true,"href":"https:\/\/agora.xtec.cat\/escolaelturobiguesiriells\/wp-json\/wp\/v2\/tags?post=8471"}],"curies":[{"name":"wp","href":"https:\/\/api.w.org\/{rel}","templated":true}]}}