{"id":8374,"date":"2025-05-28T12:53:07","date_gmt":"2025-05-28T10:53:07","guid":{"rendered":"https:\/\/agora.xtec.cat\/escolaelturobiguesiriells\/?p=8374"},"modified":"2025-05-28T12:53:07","modified_gmt":"2025-05-28T10:53:07","slug":"colonies-primaria","status":"publish","type":"post","link":"https:\/\/agora.xtec.cat\/escolaelturobiguesiriells\/general\/colonies-primaria\/","title":{"rendered":"COL\u00d2NIES PRIM\u00c0RIA"},"content":{"rendered":"<p data-start=\"46\" data-end=\"276\"><img loading=\"lazy\" decoding=\"async\" class=\" wp-image-8375 alignleft\" src=\"https:\/\/agora.xtec.cat\/escolaelturobiguesiriells\/wp-content\/uploads\/usu1576\/2025\/05\/20250520_134333.jpg\" alt=\"\" width=\"333\" height=\"250\" srcset=\"https:\/\/agora.xtec.cat\/escolaelturobiguesiriells\/wp-content\/uploads\/usu1576\/2025\/05\/20250520_134333.jpg 1000w, https:\/\/agora.xtec.cat\/escolaelturobiguesiriells\/wp-content\/uploads\/usu1576\/2025\/05\/20250520_134333-300x225.jpg 300w, https:\/\/agora.xtec.cat\/escolaelturobiguesiriells\/wp-content\/uploads\/usu1576\/2025\/05\/20250520_134333-768x576.jpg 768w, https:\/\/agora.xtec.cat\/escolaelturobiguesiriells\/wp-content\/uploads\/usu1576\/2025\/05\/20250520_134333-200x150.jpg 200w\" sizes=\"auto, (max-width: 333px) 100vw, 333px\" \/>Els dies 19, 20 (i 21) de maig, els alumnes de 1r fins a 6\u00e8 hem anat de col\u00f2nies a Tamarit (Tarragona). Ha estat una experi\u00e8ncia inoblidable!<\/p>\n<p data-start=\"46\" data-end=\"276\">Hem compartit moments molt especials, hem fet moltes activitats divertides i hem rigut molt amb els companys i mestres.<\/p>\n<p data-start=\"278\" data-end=\"560\">Durant aquests dies hem fet excursions per la natura, gimcanes, jocs de nit, tallers, esports i fins i tot alguna festa! Cadasc\u00fa, des dels m\u00e9s petits fins als m\u00e9s grans, ha pogut gaudir d&#8217;activitats adaptades a la seva edat, per\u00f2 sempre amb molt bon ambient i ganes de passar-ho b\u00e9.<\/p>\n<p data-start=\"562\" data-end=\"733\">Tamb\u00e9 hem apr\u00e8s a conviure, a ajudar-nos els uns als altres i a ser m\u00e9s responsables. Ens ha encantat dormir fora de casa, menjar plegats i descobrir coses noves cada dia.<\/p>\n<p data-start=\"735\" data-end=\"845\" data-is-last-node=\"\" data-is-only-node=\"\">Hem tornat a casa molt contents, cansats per\u00f2 amb molts records bonics. Ja estem desitjant tornar-hi l\u2019any vinent! Aqu\u00ed us deixem els enlla\u00e7os per cursos amb totes les fotos i v\u00eddeos que hem fet: <a style=\"font-family: inherit; font-size: 1em;\" href=\"https:\/\/drive.google.com\/drive\/folders\/1jAXtuFMdGwOSkYdHE0tL182R1Jk9oIA1?usp=drive_link\"><span style=\"font-size: 14pt;\">1r<\/span><\/a><span style=\"font-family: inherit; font-size: 1em;\">\u00a0 <\/span><a style=\"font-family: inherit; font-size: 1em;\" href=\"https:\/\/drive.google.com\/drive\/folders\/1mfgTUYsxsIRDuRQwmds0T1WhDno4EpN_?usp=drive_link\"><span style=\"font-size: 14pt;\">2n<\/span><\/a><span style=\"font-family: inherit; font-size: 1em;\">\u00a0 <\/span><span style=\"font-size: 14pt;\"><a href=\"https:\/\/drive.google.com\/drive\/folders\/1fLKUcmSkTRr0_eFbc7pi4m7y7ZD-GN9z?usp=drive_link\">3r<\/a><\/span><span style=\"font-family: inherit; font-size: 1em;\"> \u00a0<\/span><a style=\"font-family: inherit; font-size: 1em;\" href=\"https:\/\/drive.google.com\/drive\/folders\/10VLIk2jpyMiTP2Yjn4h9kQztVjPE2_WE?usp=drive_link\"><span style=\"font-size: 14pt;\">4t<\/span><\/a><span style=\"font-family: inherit; font-size: 1em;\">\u00a0 <\/span><a style=\"font-family: inherit; font-size: 1em;\" href=\"https:\/\/drive.google.com\/drive\/folders\/1e4x6Ab4iNuoRRFmYSbPlrFFOQsAmkO7X?usp=drive_link\"><span style=\"font-size: 14pt;\">5\u00e8<\/span><\/a><span style=\"font-family: inherit; font-size: 1em;\">\u00a0 <\/span><a style=\"font-family: inherit; font-size: 1em;\" href=\"https:\/\/drive.google.com\/drive\/folders\/1us7D7zyMWEbK5_t5SOyyz6JXK6IjSx0O?usp=drive_link\"><span style=\"font-size: 14pt;\">6\u00e8<\/span><\/a><\/p>\n<p>&nbsp;<\/p>\n","protected":false},"excerpt":{"rendered":"<p>Els dies 19, 20 (i 21) de maig, els alumnes de 1r fins a 6\u00e8 hem anat de col\u00f2nies a Tamarit (Tarragona). Ha estat una experi\u00e8ncia inoblidable! Hem compartit moments molt especials, hem fet moltes activitats divertides i hem rigut molt amb els companys i mestres. Durant aquests dies hem fet excursions per la natura, [&hellip;]<\/p>\n","protected":false},"author":10,"featured_media":8375,"comment_status":"open","ping_status":"closed","sticky":false,"template":"","format":"standard","meta":{"_bbp_topic_count":0,"_bbp_reply_count":0,"_bbp_total_topic_count":0,"_bbp_total_reply_count":0,"_bbp_voice_count":0,"_bbp_anonymous_reply_count":0,"_bbp_topic_count_hidden":0,"_bbp_reply_count_hidden":0,"_bbp_forum_subforum_count":0,"site-sidebar-layout":"default","site-content-layout":"","ast-site-content-layout":"","site-content-style":"default","site-sidebar-style":"default","ast-global-header-display":"","ast-banner-title-visibility":"","ast-main-header-display":"","ast-hfb-above-header-display":"","ast-hfb-below-header-display":"","ast-hfb-mobile-header-display":"","site-post-title":"","ast-breadcrumbs-content":"","ast-featured-img":"","footer-sml-layout":"","theme-transparent-header-meta":"","adv-header-id-meta":"","stick-header-meta":"","header-above-stick-meta":"","header-main-stick-meta":"","header-below-stick-meta":"","astra-migrate-meta-layouts":"default","ast-page-background-enabled":"default","ast-page-background-meta":{"desktop":{"background-color":"var(--ast-global-color-4)","background-image":"","background-repeat":"repeat","background-position":"center center","background-size":"auto","background-attachment":"scroll","background-type":"","background-media":"","overlay-type":"","overlay-color":"","overlay-opacity":"","overlay-gradient":""},"tablet":{"background-color":"","background-image":"","background-repeat":"repeat","background-position":"center center","background-size":"auto","background-attachment":"scroll","background-type":"","background-media":"","overlay-type":"","overlay-color":"","overlay-opacity":"","overlay-gradient":""},"mobile":{"background-color":"","background-image":"","background-repeat":"repeat","background-position":"center center","background-size":"auto","background-attachment":"scroll","background-type":"","background-media":"","overlay-type":"","overlay-color":"","overlay-opacity":"","overlay-gradient":""}},"ast-content-background-meta":{"desktop":{"background-color":"var(--ast-global-color-5)","background-image":"","background-repeat":"repeat","background-position":"center center","background-size":"auto","background-attachment":"scroll","background-type":"","background-media":"","overlay-type":"","overlay-color":"","overlay-opacity":"","overlay-gradient":""},"tablet":{"background-color":"var(--ast-global-color-5)","background-image":"","background-repeat":"repeat","background-position":"center center","background-size":"auto","background-attachment":"scroll","background-type":"","background-media":"","overlay-type":"","overlay-color":"","overlay-opacity":"","overlay-gradient":""},"mobile":{"background-color":"var(--ast-global-color-5)","background-image":"","background-repeat":"repeat","background-position":"center center","background-size":"auto","background-attachment":"scroll","background-type":"","background-media":"","overlay-type":"","overlay-color":"","overlay-opacity":"","overlay-gradient":""}},"footnotes":""},"categories":[108,100,3,8,9,10,85,1,4],"tags":[],"class_list":["post-8374","post","type-post","status-publish","format-standard","has-post-thumbnail","hentry","category-108","category-100","category-3","category-8","category-9","category-10","category-educacio-basica","category-general","category-portada"],"post_mailing_queue_ids":[],"_links":{"self":[{"href":"https:\/\/agora.xtec.cat\/escolaelturobiguesiriells\/wp-json\/wp\/v2\/posts\/8374","targetHints":{"allow":["GET"]}}],"collection":[{"href":"https:\/\/agora.xtec.cat\/escolaelturobiguesiriells\/wp-json\/wp\/v2\/posts"}],"about":[{"href":"https:\/\/agora.xtec.cat\/escolaelturobiguesiriells\/wp-json\/wp\/v2\/types\/post"}],"author":[{"embeddable":true,"href":"https:\/\/agora.xtec.cat\/escolaelturobiguesiriells\/wp-json\/wp\/v2\/users\/10"}],"replies":[{"embeddable":true,"href":"https:\/\/agora.xtec.cat\/escolaelturobiguesiriells\/wp-json\/wp\/v2\/comments?post=8374"}],"version-history":[{"count":1,"href":"https:\/\/agora.xtec.cat\/escolaelturobiguesiriells\/wp-json\/wp\/v2\/posts\/8374\/revisions"}],"predecessor-version":[{"id":8376,"href":"https:\/\/agora.xtec.cat\/escolaelturobiguesiriells\/wp-json\/wp\/v2\/posts\/8374\/revisions\/8376"}],"wp:featuredmedia":[{"embeddable":true,"href":"https:\/\/agora.xtec.cat\/escolaelturobiguesiriells\/wp-json\/wp\/v2\/media\/8375"}],"wp:attachment":[{"href":"https:\/\/agora.xtec.cat\/escolaelturobiguesiriells\/wp-json\/wp\/v2\/media?parent=8374"}],"wp:term":[{"taxonomy":"category","embeddable":true,"href":"https:\/\/agora.xtec.cat\/escolaelturobiguesiriells\/wp-json\/wp\/v2\/categories?post=8374"},{"taxonomy":"post_tag","embeddable":true,"href":"https:\/\/agora.xtec.cat\/escolaelturobiguesiriells\/wp-json\/wp\/v2\/tags?post=8374"}],"curies":[{"name":"wp","href":"https:\/\/api.w.org\/{rel}","templated":true}]}}