{"id":7121,"date":"2023-01-25T10:39:44","date_gmt":"2023-01-25T09:39:44","guid":{"rendered":"https:\/\/agora.xtec.cat\/escolaelturobiguesiriells\/?p=7121"},"modified":"2023-01-25T10:40:22","modified_gmt":"2023-01-25T09:40:22","slug":"6e-exposicio-fem-poble","status":"publish","type":"post","link":"https:\/\/agora.xtec.cat\/escolaelturobiguesiriells\/general\/6e-exposicio-fem-poble\/","title":{"rendered":"6\u00e8: EXPOSICI\u00d3 FEM POBLE"},"content":{"rendered":"<p><a href=\"https:\/\/photos.app.goo.gl\/nEP9kyw8dTv4C1J38\"><img loading=\"lazy\" decoding=\"async\" class=\"wp-image-7122 alignleft\" src=\"https:\/\/agora.xtec.cat\/escolaelturobiguesiriells\/wp-content\/uploads\/usu1576\/2023\/01\/20230125_103222.jpg\" alt=\"\" width=\"316\" height=\"237\" srcset=\"https:\/\/agora.xtec.cat\/escolaelturobiguesiriells\/wp-content\/uploads\/usu1576\/2023\/01\/20230125_103222.jpg 2000w, https:\/\/agora.xtec.cat\/escolaelturobiguesiriells\/wp-content\/uploads\/usu1576\/2023\/01\/20230125_103222-300x225.jpg 300w, https:\/\/agora.xtec.cat\/escolaelturobiguesiriells\/wp-content\/uploads\/usu1576\/2023\/01\/20230125_103222-1024x768.jpg 1024w, https:\/\/agora.xtec.cat\/escolaelturobiguesiriells\/wp-content\/uploads\/usu1576\/2023\/01\/20230125_103222-768x576.jpg 768w, https:\/\/agora.xtec.cat\/escolaelturobiguesiriells\/wp-content\/uploads\/usu1576\/2023\/01\/20230125_103222-1536x1152.jpg 1536w, https:\/\/agora.xtec.cat\/escolaelturobiguesiriells\/wp-content\/uploads\/usu1576\/2023\/01\/20230125_103222-200x150.jpg 200w\" sizes=\"auto, (max-width: 316px) 100vw, 316px\" \/><\/a>Hola fam\u00edlies!<\/p>\n<p>Aquests dies a 6\u00e8 hem estat preparant l\u2019exposici\u00f3 \u201cFem poble\u201d en motiu de la festivitat de Sant Sebasti\u00e0. Durant el primer trimestre vam a anar d&#8217;excursi\u00f3 fins a Sant Miquel del Fai. Tot el que hem visitat i el que hem apr\u00e8s ho hem volgut deixar reflectit en aquesta exposici\u00f3.<\/p>\n<p>Cliqueu\u00a0<a href=\"https:\/\/photos.app.goo.gl\/nEP9kyw8dTv4C1J38\">AQU\u00cd<\/a> o damunt la imatge per visitar el nostre mural. Esperem que us agradi!<\/p>\n","protected":false},"excerpt":{"rendered":"<p>Hola fam\u00edlies! Aquests dies a 6\u00e8 hem estat preparant l\u2019exposici\u00f3 \u201cFem poble\u201d en motiu de la festivitat de Sant Sebasti\u00e0. Durant el primer trimestre vam a anar d&#8217;excursi\u00f3 fins a Sant Miquel del Fai. Tot el que hem visitat i el que hem apr\u00e8s ho hem volgut deixar reflectit en aquesta exposici\u00f3. Cliqueu\u00a0AQU\u00cd o damunt [&hellip;]<\/p>\n","protected":false},"author":10,"featured_media":7122,"comment_status":"open","ping_status":"closed","sticky":false,"template":"","format":"standard","meta":{"_bbp_topic_count":0,"_bbp_reply_count":0,"_bbp_total_topic_count":0,"_bbp_total_reply_count":0,"_bbp_voice_count":0,"_bbp_anonymous_reply_count":0,"_bbp_topic_count_hidden":0,"_bbp_reply_count_hidden":0,"_bbp_forum_subforum_count":0,"site-sidebar-layout":"default","site-content-layout":"","ast-site-content-layout":"","site-content-style":"default","site-sidebar-style":"default","ast-global-header-display":"","ast-banner-title-visibility":"","ast-main-header-display":"","ast-hfb-above-header-display":"","ast-hfb-below-header-display":"","ast-hfb-mobile-header-display":"","site-post-title":"","ast-breadcrumbs-content":"","ast-featured-img":"","footer-sml-layout":"","theme-transparent-header-meta":"","adv-header-id-meta":"","stick-header-meta":"","header-above-stick-meta":"","header-main-stick-meta":"","header-below-stick-meta":"","astra-migrate-meta-layouts":"default","ast-page-background-enabled":"default","ast-page-background-meta":{"desktop":{"background-color":"var(--ast-global-color-4)","background-image":"","background-repeat":"repeat","background-position":"center center","background-size":"auto","background-attachment":"scroll","background-type":"","background-media":"","overlay-type":"","overlay-color":"","overlay-opacity":"","overlay-gradient":""},"tablet":{"background-color":"","background-image":"","background-repeat":"repeat","background-position":"center center","background-size":"auto","background-attachment":"scroll","background-type":"","background-media":"","overlay-type":"","overlay-color":"","overlay-opacity":"","overlay-gradient":""},"mobile":{"background-color":"","background-image":"","background-repeat":"repeat","background-position":"center center","background-size":"auto","background-attachment":"scroll","background-type":"","background-media":"","overlay-type":"","overlay-color":"","overlay-opacity":"","overlay-gradient":""}},"ast-content-background-meta":{"desktop":{"background-color":"var(--ast-global-color-5)","background-image":"","background-repeat":"repeat","background-position":"center center","background-size":"auto","background-attachment":"scroll","background-type":"","background-media":"","overlay-type":"","overlay-color":"","overlay-opacity":"","overlay-gradient":""},"tablet":{"background-color":"var(--ast-global-color-5)","background-image":"","background-repeat":"repeat","background-position":"center center","background-size":"auto","background-attachment":"scroll","background-type":"","background-media":"","overlay-type":"","overlay-color":"","overlay-opacity":"","overlay-gradient":""},"mobile":{"background-color":"var(--ast-global-color-5)","background-image":"","background-repeat":"repeat","background-position":"center center","background-size":"auto","background-attachment":"scroll","background-type":"","background-media":"","overlay-type":"","overlay-color":"","overlay-opacity":"","overlay-gradient":""}},"footnotes":""},"categories":[85,1,4],"tags":[],"class_list":["post-7121","post","type-post","status-publish","format-standard","has-post-thumbnail","hentry","category-educacio-basica","category-general","category-portada"],"post_mailing_queue_ids":[],"_links":{"self":[{"href":"https:\/\/agora.xtec.cat\/escolaelturobiguesiriells\/wp-json\/wp\/v2\/posts\/7121","targetHints":{"allow":["GET"]}}],"collection":[{"href":"https:\/\/agora.xtec.cat\/escolaelturobiguesiriells\/wp-json\/wp\/v2\/posts"}],"about":[{"href":"https:\/\/agora.xtec.cat\/escolaelturobiguesiriells\/wp-json\/wp\/v2\/types\/post"}],"author":[{"embeddable":true,"href":"https:\/\/agora.xtec.cat\/escolaelturobiguesiriells\/wp-json\/wp\/v2\/users\/10"}],"replies":[{"embeddable":true,"href":"https:\/\/agora.xtec.cat\/escolaelturobiguesiriells\/wp-json\/wp\/v2\/comments?post=7121"}],"version-history":[{"count":1,"href":"https:\/\/agora.xtec.cat\/escolaelturobiguesiriells\/wp-json\/wp\/v2\/posts\/7121\/revisions"}],"predecessor-version":[{"id":7123,"href":"https:\/\/agora.xtec.cat\/escolaelturobiguesiriells\/wp-json\/wp\/v2\/posts\/7121\/revisions\/7123"}],"wp:featuredmedia":[{"embeddable":true,"href":"https:\/\/agora.xtec.cat\/escolaelturobiguesiriells\/wp-json\/wp\/v2\/media\/7122"}],"wp:attachment":[{"href":"https:\/\/agora.xtec.cat\/escolaelturobiguesiriells\/wp-json\/wp\/v2\/media?parent=7121"}],"wp:term":[{"taxonomy":"category","embeddable":true,"href":"https:\/\/agora.xtec.cat\/escolaelturobiguesiriells\/wp-json\/wp\/v2\/categories?post=7121"},{"taxonomy":"post_tag","embeddable":true,"href":"https:\/\/agora.xtec.cat\/escolaelturobiguesiriells\/wp-json\/wp\/v2\/tags?post=7121"}],"curies":[{"name":"wp","href":"https:\/\/api.w.org\/{rel}","templated":true}]}}