{"id":7006,"date":"2022-11-25T15:51:44","date_gmt":"2022-11-25T14:51:44","guid":{"rendered":"https:\/\/agora.xtec.cat\/escolaelturobiguesiriells\/?p=7006"},"modified":"2022-12-02T17:24:26","modified_gmt":"2022-12-02T16:24:26","slug":"6e-sortida-a-sant-miquel-del-fai","status":"publish","type":"post","link":"https:\/\/agora.xtec.cat\/escolaelturobiguesiriells\/general\/6e-sortida-a-sant-miquel-del-fai\/","title":{"rendered":"6\u00e8 SORTIDA A SANT MIQUEL DEL FAI"},"content":{"rendered":"<p style=\"text-align: justify;\"><img loading=\"lazy\" decoding=\"async\" class=\" wp-image-7007 alignleft\" src=\"https:\/\/agora.xtec.cat\/escolaelturobiguesiriells\/wp-content\/uploads\/usu1576\/2022\/11\/20221109_123748.jpg\" alt=\"\" width=\"367\" height=\"275\" srcset=\"https:\/\/agora.xtec.cat\/escolaelturobiguesiriells\/wp-content\/uploads\/usu1576\/2022\/11\/20221109_123748.jpg 925w, https:\/\/agora.xtec.cat\/escolaelturobiguesiriells\/wp-content\/uploads\/usu1576\/2022\/11\/20221109_123748-300x225.jpg 300w, https:\/\/agora.xtec.cat\/escolaelturobiguesiriells\/wp-content\/uploads\/usu1576\/2022\/11\/20221109_123748-768x576.jpg 768w, https:\/\/agora.xtec.cat\/escolaelturobiguesiriells\/wp-content\/uploads\/usu1576\/2022\/11\/20221109_123748-200x150.jpg 200w\" sizes=\"auto, (max-width: 367px) 100vw, 367px\" \/>El dimecres dia 9, l\u2019alumnat de sis\u00e8 hem anat d<a href=\"https:\/\/photos.app.goo.gl\/oGLPwwTfR2vR2K5e9\">\u2019excursi\u00f3<\/a> a Riells del Fai. All\u00e0 hem pogut veure totes les transformacions que ha patit el paisatge fruit de la necessitat de conrear les terres durant segles. Tamb\u00e9 hem pogut veure la import\u00e0ncia de l\u2019aigua en l\u2019obtenci\u00f3 d\u2019energia, ja fos a trav\u00e9s dels molins fariners i d\u2019oli i, m\u00e9s recentment, per a la generaci\u00f3 de corrent el\u00e8ctric.<\/p>\n<p style=\"text-align: justify;\">Hem arribat caminant fins a dalt de tot de <a href=\"https:\/\/photos.app.goo.gl\/oGLPwwTfR2vR2K5e9\">Sant Miquel del Fai!!<\/a><\/p>\n<p style=\"text-align: justify;\">Finalment hem tornat vorejant el riu Tenes entremig del seu bosc de ribera ple de pollancres, \u00e0lbers i pl\u00e0tans. En alguns casos endinsats entre les canyes que estrenyien el cam\u00ed.<\/p>\n<p style=\"text-align: justify;\">Com que hi ha alguns alumnes que teniu ganes de repetir l\u2019excursi\u00f3 amb els pares, us posem el mapa amb <a href=\"https:\/\/photos.app.goo.gl\/GKDJUfXNcVZieGNK8\">la ruta que hem fet<\/a>.<\/p>\n<p>&nbsp;<\/p>\n","protected":false},"excerpt":{"rendered":"<p>El dimecres dia 9, l\u2019alumnat de sis\u00e8 hem anat d\u2019excursi\u00f3 a Riells del Fai. All\u00e0 hem pogut veure totes les transformacions que ha patit el paisatge fruit de la necessitat de conrear les terres durant segles. Tamb\u00e9 hem pogut veure la import\u00e0ncia de l\u2019aigua en l\u2019obtenci\u00f3 d\u2019energia, ja fos a trav\u00e9s dels molins fariners i [&hellip;]<\/p>\n","protected":false},"author":10,"featured_media":7007,"comment_status":"open","ping_status":"closed","sticky":false,"template":"","format":"standard","meta":{"_bbp_topic_count":0,"_bbp_reply_count":0,"_bbp_total_topic_count":0,"_bbp_total_reply_count":0,"_bbp_voice_count":0,"_bbp_anonymous_reply_count":0,"_bbp_topic_count_hidden":0,"_bbp_reply_count_hidden":0,"_bbp_forum_subforum_count":0,"site-sidebar-layout":"default","site-content-layout":"","ast-site-content-layout":"","site-content-style":"default","site-sidebar-style":"default","ast-global-header-display":"","ast-banner-title-visibility":"","ast-main-header-display":"","ast-hfb-above-header-display":"","ast-hfb-below-header-display":"","ast-hfb-mobile-header-display":"","site-post-title":"","ast-breadcrumbs-content":"","ast-featured-img":"","footer-sml-layout":"","theme-transparent-header-meta":"","adv-header-id-meta":"","stick-header-meta":"","header-above-stick-meta":"","header-main-stick-meta":"","header-below-stick-meta":"","astra-migrate-meta-layouts":"default","ast-page-background-enabled":"default","ast-page-background-meta":{"desktop":{"background-color":"var(--ast-global-color-4)","background-image":"","background-repeat":"repeat","background-position":"center center","background-size":"auto","background-attachment":"scroll","background-type":"","background-media":"","overlay-type":"","overlay-color":"","overlay-opacity":"","overlay-gradient":""},"tablet":{"background-color":"","background-image":"","background-repeat":"repeat","background-position":"center center","background-size":"auto","background-attachment":"scroll","background-type":"","background-media":"","overlay-type":"","overlay-color":"","overlay-opacity":"","overlay-gradient":""},"mobile":{"background-color":"","background-image":"","background-repeat":"repeat","background-position":"center center","background-size":"auto","background-attachment":"scroll","background-type":"","background-media":"","overlay-type":"","overlay-color":"","overlay-opacity":"","overlay-gradient":""}},"ast-content-background-meta":{"desktop":{"background-color":"var(--ast-global-color-5)","background-image":"","background-repeat":"repeat","background-position":"center center","background-size":"auto","background-attachment":"scroll","background-type":"","background-media":"","overlay-type":"","overlay-color":"","overlay-opacity":"","overlay-gradient":""},"tablet":{"background-color":"var(--ast-global-color-5)","background-image":"","background-repeat":"repeat","background-position":"center center","background-size":"auto","background-attachment":"scroll","background-type":"","background-media":"","overlay-type":"","overlay-color":"","overlay-opacity":"","overlay-gradient":""},"mobile":{"background-color":"var(--ast-global-color-5)","background-image":"","background-repeat":"repeat","background-position":"center center","background-size":"auto","background-attachment":"scroll","background-type":"","background-media":"","overlay-type":"","overlay-color":"","overlay-opacity":"","overlay-gradient":""}},"footnotes":""},"categories":[85,1,4],"tags":[],"class_list":["post-7006","post","type-post","status-publish","format-standard","has-post-thumbnail","hentry","category-educacio-basica","category-general","category-portada"],"post_mailing_queue_ids":[],"_links":{"self":[{"href":"https:\/\/agora.xtec.cat\/escolaelturobiguesiriells\/wp-json\/wp\/v2\/posts\/7006","targetHints":{"allow":["GET"]}}],"collection":[{"href":"https:\/\/agora.xtec.cat\/escolaelturobiguesiriells\/wp-json\/wp\/v2\/posts"}],"about":[{"href":"https:\/\/agora.xtec.cat\/escolaelturobiguesiriells\/wp-json\/wp\/v2\/types\/post"}],"author":[{"embeddable":true,"href":"https:\/\/agora.xtec.cat\/escolaelturobiguesiriells\/wp-json\/wp\/v2\/users\/10"}],"replies":[{"embeddable":true,"href":"https:\/\/agora.xtec.cat\/escolaelturobiguesiriells\/wp-json\/wp\/v2\/comments?post=7006"}],"version-history":[{"count":3,"href":"https:\/\/agora.xtec.cat\/escolaelturobiguesiriells\/wp-json\/wp\/v2\/posts\/7006\/revisions"}],"predecessor-version":[{"id":7010,"href":"https:\/\/agora.xtec.cat\/escolaelturobiguesiriells\/wp-json\/wp\/v2\/posts\/7006\/revisions\/7010"}],"wp:featuredmedia":[{"embeddable":true,"href":"https:\/\/agora.xtec.cat\/escolaelturobiguesiriells\/wp-json\/wp\/v2\/media\/7007"}],"wp:attachment":[{"href":"https:\/\/agora.xtec.cat\/escolaelturobiguesiriells\/wp-json\/wp\/v2\/media?parent=7006"}],"wp:term":[{"taxonomy":"category","embeddable":true,"href":"https:\/\/agora.xtec.cat\/escolaelturobiguesiriells\/wp-json\/wp\/v2\/categories?post=7006"},{"taxonomy":"post_tag","embeddable":true,"href":"https:\/\/agora.xtec.cat\/escolaelturobiguesiriells\/wp-json\/wp\/v2\/tags?post=7006"}],"curies":[{"name":"wp","href":"https:\/\/api.w.org\/{rel}","templated":true}]}}