{"id":4621,"date":"2020-11-13T15:50:23","date_gmt":"2020-11-13T14:50:23","guid":{"rendered":"http:\/\/agora.xtec.cat\/escolaelturobiguesiriells\/?p=4621"},"modified":"2020-11-13T15:54:36","modified_gmt":"2020-11-13T14:54:36","slug":"sortida-a-riells-del-fai-6e","status":"publish","type":"post","link":"https:\/\/agora.xtec.cat\/escolaelturobiguesiriells\/portada\/sortida-a-riells-del-fai-6e\/","title":{"rendered":"SORTIDA A RIELLS DEL FAI &#8211; 6\u00e8"},"content":{"rendered":"<p>Aquest dijous l&#8217;alumnat de sis\u00e8 ha anat d&#8217;excursi\u00f3 a Riells del Fai. All\u00e0 hem pogut veure totes les transformacions que ha patit el paisatge fruit de la necessitat de conrear les terres durant segles. Tamb\u00e9 hem pogut veure la import\u00e0ncia de l&#8217;aigua en l&#8217;obtenci\u00f3 d&#8217;energia, ja fos a trav\u00e9s dels molins fariners i d&#8217;oli i, m\u00e9s recentment, per a la generaci\u00f3 de corrent el\u00e8ctric.<\/p>\n<p>Finalment vam tornar vorejant el riu Tenes entremig del seu bosc de ribera ple de pollancres, \u00e0lbers i pl\u00e0tans. En alguns casos endinsats entre les canyes que estrenyien el cam\u00ed.<\/p>\n<p>Com que hi ha alguns alumnes que teniu ganes de repetir l&#8217;excursi\u00f3 amb els pares, us posem el mapa amb la ruta que vam fer. Tamb\u00e9 podeu veure les <a href=\"https:\/\/photos.app.goo.gl\/HmyCwht9HEKPqRqj8\">fotografies<\/a> i la <a href=\"https:\/\/www.relive.cc\/view\/vevWNwMryGq\">ruta virtual<\/a>.<\/p>\n<p><ins datetime=\"2020-11-13T14:42:23+00:00\"><iframe loading=\"lazy\" src=\"https:\/\/es.wikiloc.com\/wikiloc\/spatialArtifacts.do?event=view&amp;id=60372357&amp;measures=off&amp;title=off&amp;near=off&amp;images=off&amp;maptype=H\" width=\"500\" height=\"400\" frameborder=\"0\"><\/iframe><\/ins><\/p>\n<div style=\"color: #777; font-size: 11px; line-height: 16px;\">Powered by <a style=\"color: #06d; font-size: 11px; line-height: 16px;\" href=\"https:\/\/es.wikiloc.com\" target=\"_blank\" rel=\"noopener noreferrer\">Wikiloc<\/a><\/div>\n","protected":false},"excerpt":{"rendered":"<p>Aquest dijous l&#8217;alumnat de sis\u00e8 ha anat d&#8217;excursi\u00f3 a Riells del Fai. All\u00e0 hem pogut veure totes les transformacions que ha patit el paisatge fruit de la necessitat de conrear les terres durant segles. Tamb\u00e9 hem pogut veure la import\u00e0ncia de l&#8217;aigua en l&#8217;obtenci\u00f3 d&#8217;energia, ja fos a trav\u00e9s dels molins fariners i d&#8217;oli i, [&hellip;]<\/p>\n","protected":false},"author":10,"featured_media":0,"comment_status":"open","ping_status":"closed","sticky":false,"template":"","format":"standard","meta":{"_bbp_topic_count":0,"_bbp_reply_count":0,"_bbp_total_topic_count":0,"_bbp_total_reply_count":0,"_bbp_voice_count":0,"_bbp_anonymous_reply_count":0,"_bbp_topic_count_hidden":0,"_bbp_reply_count_hidden":0,"_bbp_forum_subforum_count":0,"site-sidebar-layout":"default","site-content-layout":"","ast-site-content-layout":"","site-content-style":"default","site-sidebar-style":"default","ast-global-header-display":"","ast-banner-title-visibility":"","ast-main-header-display":"","ast-hfb-above-header-display":"","ast-hfb-below-header-display":"","ast-hfb-mobile-header-display":"","site-post-title":"","ast-breadcrumbs-content":"","ast-featured-img":"","footer-sml-layout":"","theme-transparent-header-meta":"","adv-header-id-meta":"","stick-header-meta":"","header-above-stick-meta":"","header-main-stick-meta":"","header-below-stick-meta":"","astra-migrate-meta-layouts":"default","ast-page-background-enabled":"default","ast-page-background-meta":{"desktop":{"background-color":"var(--ast-global-color-4)","background-image":"","background-repeat":"repeat","background-position":"center center","background-size":"auto","background-attachment":"scroll","background-type":"","background-media":"","overlay-type":"","overlay-color":"","overlay-opacity":"","overlay-gradient":""},"tablet":{"background-color":"","background-image":"","background-repeat":"repeat","background-position":"center center","background-size":"auto","background-attachment":"scroll","background-type":"","background-media":"","overlay-type":"","overlay-color":"","overlay-opacity":"","overlay-gradient":""},"mobile":{"background-color":"","background-image":"","background-repeat":"repeat","background-position":"center center","background-size":"auto","background-attachment":"scroll","background-type":"","background-media":"","overlay-type":"","overlay-color":"","overlay-opacity":"","overlay-gradient":""}},"ast-content-background-meta":{"desktop":{"background-color":"var(--ast-global-color-5)","background-image":"","background-repeat":"repeat","background-position":"center center","background-size":"auto","background-attachment":"scroll","background-type":"","background-media":"","overlay-type":"","overlay-color":"","overlay-opacity":"","overlay-gradient":""},"tablet":{"background-color":"var(--ast-global-color-5)","background-image":"","background-repeat":"repeat","background-position":"center center","background-size":"auto","background-attachment":"scroll","background-type":"","background-media":"","overlay-type":"","overlay-color":"","overlay-opacity":"","overlay-gradient":""},"mobile":{"background-color":"var(--ast-global-color-5)","background-image":"","background-repeat":"repeat","background-position":"center center","background-size":"auto","background-attachment":"scroll","background-type":"","background-media":"","overlay-type":"","overlay-color":"","overlay-opacity":"","overlay-gradient":""}},"footnotes":""},"categories":[4],"tags":[],"class_list":["post-4621","post","type-post","status-publish","format-standard","hentry","category-portada"],"post_mailing_queue_ids":[],"_links":{"self":[{"href":"https:\/\/agora.xtec.cat\/escolaelturobiguesiriells\/wp-json\/wp\/v2\/posts\/4621","targetHints":{"allow":["GET"]}}],"collection":[{"href":"https:\/\/agora.xtec.cat\/escolaelturobiguesiriells\/wp-json\/wp\/v2\/posts"}],"about":[{"href":"https:\/\/agora.xtec.cat\/escolaelturobiguesiriells\/wp-json\/wp\/v2\/types\/post"}],"author":[{"embeddable":true,"href":"https:\/\/agora.xtec.cat\/escolaelturobiguesiriells\/wp-json\/wp\/v2\/users\/10"}],"replies":[{"embeddable":true,"href":"https:\/\/agora.xtec.cat\/escolaelturobiguesiriells\/wp-json\/wp\/v2\/comments?post=4621"}],"version-history":[{"count":2,"href":"https:\/\/agora.xtec.cat\/escolaelturobiguesiriells\/wp-json\/wp\/v2\/posts\/4621\/revisions"}],"predecessor-version":[{"id":4623,"href":"https:\/\/agora.xtec.cat\/escolaelturobiguesiriells\/wp-json\/wp\/v2\/posts\/4621\/revisions\/4623"}],"wp:attachment":[{"href":"https:\/\/agora.xtec.cat\/escolaelturobiguesiriells\/wp-json\/wp\/v2\/media?parent=4621"}],"wp:term":[{"taxonomy":"category","embeddable":true,"href":"https:\/\/agora.xtec.cat\/escolaelturobiguesiriells\/wp-json\/wp\/v2\/categories?post=4621"},{"taxonomy":"post_tag","embeddable":true,"href":"https:\/\/agora.xtec.cat\/escolaelturobiguesiriells\/wp-json\/wp\/v2\/tags?post=4621"}],"curies":[{"name":"wp","href":"https:\/\/api.w.org\/{rel}","templated":true}]}}