{"id":3600,"date":"2020-03-30T19:13:35","date_gmt":"2020-03-30T17:13:35","guid":{"rendered":"http:\/\/agora.xtec.cat\/escolaelturobiguesiriells\/?p=3600"},"modified":"2020-04-01T14:09:07","modified_gmt":"2020-04-01T12:09:07","slug":"campanya-dona-la-nota","status":"publish","type":"post","link":"https:\/\/agora.xtec.cat\/escolaelturobiguesiriells\/general\/campanya-dona-la-nota\/","title":{"rendered":"CAMPANYA DONA LA NOTA"},"content":{"rendered":"<p>&nbsp;<\/p>\n<p>&nbsp;<\/p>\n<p>Hola nens i nenes!<\/p>\n<p>Des del Departament de m\u00fasica\u00a0 ens sembla molt interessant participar en la campanya:<\/p>\n<p><strong>\u201cDona la nota\u201d Encara hi som a temps. El repte de cantem per Salvar la Terra.<\/strong><\/p>\n<p>Es\u00a0 tracta de cantar la can\u00e7\u00f3 <strong>\u201cNo ens desdibuixeu\u201d <\/strong>tots plegats el dia 5 de juny, de forma virtual o ja de manera presencial a l\u2019escola.<\/p>\n<p>Per a qu\u00e8 l\u2019aneu aprenent i aneu assajant aquests dies de confinament,\u00a0 us animem\u00a0 a fer\u00a0 un petit v\u00eddeo cantant\u00a0 la can\u00e7\u00f3 o un fragment, sols, en fam\u00edlia, i si ens atrevim amb acompanyament instrumental!<\/p>\n<p>&nbsp;<\/p>\n<p>Els v\u00eddeos ens els podeu fer arribar pels Canals\u00a0 habituals\u00a0 aquests dies:<\/p>\n<p>-E.I a trav\u00e9s d\u2019Instagram,<\/p>\n<p>-C.I a trav\u00e9s del correu de l\u2019escola<\/p>\n<p>-C.M i C.S a trav\u00e9s del Classroom dins l\u2019\u00e0rea de m\u00fasica.<\/p>\n<p>&nbsp;<\/p>\n<p>Nosaltres penjarem els v\u00eddeos que ens envieu\u00a0 al blog de l\u2019escola perqu\u00e8 els pugueu veure.<\/p>\n<p>Us animem a que hi participeu !!<\/p>\n<p>Gr\u00e0cies!!<\/p>\n<p>&nbsp;<\/p>\n<p>Per accedir a la can\u00e7\u00f3, la lletra i la partitura,\u00a0 \u00e9s a dir\u00a0 a tot el material, heu\u00a0 d\u2019entrar en aquest portal des del Google.<\/p>\n<p>&nbsp;<\/p>\n<p><a href=\"https:\/\/xtec.us6.list-manage.com\/track\/click?u=8ae38c74a17b5b8b371063d68&amp;id=235385b235&amp;e=5ecae8fb38\">DONA LA NOTA, encara hi som a temps<\/a>.<\/p>\n<p>O copiant aquest enlla\u00e7 al canal de youtube.<\/p>\n<p><a href=\"https:\/\/youtu.be\/vZ4pyFUqEaI\">https:\/\/youtu.be\/vZ4pyFUqEaI<\/a><\/p>\n<p>&nbsp;<\/p>\n<p>Esperem que us animeu !!<\/p>\n<p>Mestres de m\u00fasica<\/p>\n","protected":false},"excerpt":{"rendered":"<p>&nbsp; &nbsp; Hola nens i nenes! Des del Departament de m\u00fasica\u00a0 ens sembla molt interessant participar en la campanya: \u201cDona la nota\u201d Encara hi som a temps. El repte de cantem per Salvar la Terra. Es\u00a0 tracta de cantar la can\u00e7\u00f3 \u201cNo ens desdibuixeu\u201d tots plegats el dia 5 de juny, de forma virtual o [&hellip;]<\/p>\n","protected":false},"author":8,"featured_media":3603,"comment_status":"open","ping_status":"closed","sticky":false,"template":"","format":"standard","meta":{"_bbp_topic_count":0,"_bbp_reply_count":0,"_bbp_total_topic_count":0,"_bbp_total_reply_count":0,"_bbp_voice_count":0,"_bbp_anonymous_reply_count":0,"_bbp_topic_count_hidden":0,"_bbp_reply_count_hidden":0,"_bbp_forum_subforum_count":0,"site-sidebar-layout":"default","site-content-layout":"","ast-site-content-layout":"","site-content-style":"default","site-sidebar-style":"default","ast-global-header-display":"","ast-banner-title-visibility":"","ast-main-header-display":"","ast-hfb-above-header-display":"","ast-hfb-below-header-display":"","ast-hfb-mobile-header-display":"","site-post-title":"","ast-breadcrumbs-content":"","ast-featured-img":"","footer-sml-layout":"","theme-transparent-header-meta":"","adv-header-id-meta":"","stick-header-meta":"","header-above-stick-meta":"","header-main-stick-meta":"","header-below-stick-meta":"","astra-migrate-meta-layouts":"default","ast-page-background-enabled":"default","ast-page-background-meta":{"desktop":{"background-color":"var(--ast-global-color-4)","background-image":"","background-repeat":"repeat","background-position":"center center","background-size":"auto","background-attachment":"scroll","background-type":"","background-media":"","overlay-type":"","overlay-color":"","overlay-opacity":"","overlay-gradient":""},"tablet":{"background-color":"","background-image":"","background-repeat":"repeat","background-position":"center center","background-size":"auto","background-attachment":"scroll","background-type":"","background-media":"","overlay-type":"","overlay-color":"","overlay-opacity":"","overlay-gradient":""},"mobile":{"background-color":"","background-image":"","background-repeat":"repeat","background-position":"center center","background-size":"auto","background-attachment":"scroll","background-type":"","background-media":"","overlay-type":"","overlay-color":"","overlay-opacity":"","overlay-gradient":""}},"ast-content-background-meta":{"desktop":{"background-color":"var(--ast-global-color-5)","background-image":"","background-repeat":"repeat","background-position":"center center","background-size":"auto","background-attachment":"scroll","background-type":"","background-media":"","overlay-type":"","overlay-color":"","overlay-opacity":"","overlay-gradient":""},"tablet":{"background-color":"var(--ast-global-color-5)","background-image":"","background-repeat":"repeat","background-position":"center center","background-size":"auto","background-attachment":"scroll","background-type":"","background-media":"","overlay-type":"","overlay-color":"","overlay-opacity":"","overlay-gradient":""},"mobile":{"background-color":"var(--ast-global-color-5)","background-image":"","background-repeat":"repeat","background-position":"center center","background-size":"auto","background-attachment":"scroll","background-type":"","background-media":"","overlay-type":"","overlay-color":"","overlay-opacity":"","overlay-gradient":""}},"footnotes":""},"categories":[1,92,4],"tags":[],"class_list":["post-3600","post","type-post","status-publish","format-standard","has-post-thumbnail","hentry","category-general","category-musica","category-portada"],"post_mailing_queue_ids":[],"_links":{"self":[{"href":"https:\/\/agora.xtec.cat\/escolaelturobiguesiriells\/wp-json\/wp\/v2\/posts\/3600","targetHints":{"allow":["GET"]}}],"collection":[{"href":"https:\/\/agora.xtec.cat\/escolaelturobiguesiriells\/wp-json\/wp\/v2\/posts"}],"about":[{"href":"https:\/\/agora.xtec.cat\/escolaelturobiguesiriells\/wp-json\/wp\/v2\/types\/post"}],"author":[{"embeddable":true,"href":"https:\/\/agora.xtec.cat\/escolaelturobiguesiriells\/wp-json\/wp\/v2\/users\/8"}],"replies":[{"embeddable":true,"href":"https:\/\/agora.xtec.cat\/escolaelturobiguesiriells\/wp-json\/wp\/v2\/comments?post=3600"}],"version-history":[{"count":3,"href":"https:\/\/agora.xtec.cat\/escolaelturobiguesiriells\/wp-json\/wp\/v2\/posts\/3600\/revisions"}],"predecessor-version":[{"id":3604,"href":"https:\/\/agora.xtec.cat\/escolaelturobiguesiriells\/wp-json\/wp\/v2\/posts\/3600\/revisions\/3604"}],"wp:featuredmedia":[{"embeddable":true,"href":"https:\/\/agora.xtec.cat\/escolaelturobiguesiriells\/wp-json\/wp\/v2\/media\/3603"}],"wp:attachment":[{"href":"https:\/\/agora.xtec.cat\/escolaelturobiguesiriells\/wp-json\/wp\/v2\/media?parent=3600"}],"wp:term":[{"taxonomy":"category","embeddable":true,"href":"https:\/\/agora.xtec.cat\/escolaelturobiguesiriells\/wp-json\/wp\/v2\/categories?post=3600"},{"taxonomy":"post_tag","embeddable":true,"href":"https:\/\/agora.xtec.cat\/escolaelturobiguesiriells\/wp-json\/wp\/v2\/tags?post=3600"}],"curies":[{"name":"wp","href":"https:\/\/api.w.org\/{rel}","templated":true}]}}