{"id":1610,"date":"2018-10-31T13:37:06","date_gmt":"2018-10-31T12:37:06","guid":{"rendered":"http:\/\/agora.xtec.cat\/escolaelturobiguesiriells\/?p=1610"},"modified":"2018-11-22T20:22:01","modified_gmt":"2018-11-22T19:22:01","slug":"castanyada-2018-19","status":"publish","type":"post","link":"https:\/\/agora.xtec.cat\/escolaelturobiguesiriells\/portada\/castanyada-2018-19\/","title":{"rendered":"CASTANYADA 2018-19"},"content":{"rendered":"<p>La Castanyada, a la nostra escola, \u00e9s una festa de celebraci\u00f3 i d&#8217;intercanvi de generacions. Tenim un teatre de Castanyada i una gincana de Halloween !&#8230; I una bona torrada de castanyes fetes pels nostres avis i \u00e0vies amb tot el carinyo del m\u00f3n ! I els nens i nenes\u00a0 \u00a0 \u00a0 \u00a0 d&#8217; Ed.Infantil i Cicle Inicial els dediquem als avis i \u00e0vies danses tradicionals!!!. A m\u00e9s, aquests darrers dies hem tingut teatres fets per pares i mares, i germans ex-alumnes! I fins i tot ensurts de Halloween pels passadissos !!!\u00a0 Vigileu, per si encara queda alg\u00fa voltant&#8230;..Us agraim a tothom la vostra participaci\u00f3 a la nostra festa. Amb la vostra col\u00b7laboraci\u00f3, ens ho hem passat molt b\u00e9 !!<\/p>\n<p>I si voleu saber-ne m\u00e9s sobre la festa, aqu\u00ed us deixem una mica\u00a0 \u00a0 \u00a0 \u00a0 d&#8217; hist\u00f2ria&#8230;..La\u00a0<strong>Castanyada<\/strong>\u00a0 es celebra a Catalunya el dia de\u00a0<a href=\"https:\/\/ca.wikipedia.org\/wiki\/Tots_Sants\"><span style=\"color: #000000;\">Tots Sants<\/span><\/a>, l&#8217;1 de noviembre, o la vigilia, el 31 d&#8217;octubre. A\u00a0<span style=\"color: #000000;\"><a style=\"color: #000000;\" href=\"https:\/\/ca.wikipedia.org\/wiki\/Occit%C3%A0nia\">Occit\u00e0nia<\/a><\/span>\u00a0es la festa de la tardor, i a les terres\u00a0<span style=\"color: #000000;\"><a style=\"color: #000000;\" href=\"https:\/\/ca.wikipedia.org\/wiki\/Ast%C3%BAries\">asturianes<\/a>, <a style=\"color: #000000;\" href=\"https:\/\/ca.wikipedia.org\/wiki\/Pa%C3%ADs_Lleon%C3%A8s\">lleoneses<\/a> i <a style=\"color: #000000;\" href=\"https:\/\/ca.wikipedia.org\/wiki\/Gal%C3%ADcia\">gallegues<\/a><\/span> el\u00a0<strong><em>Magosto<\/em>.<\/strong> T\u00e9\u00a0 l\u2019 or\u00edgen a finals del\u00a0<span style=\"color: #000000;\"><a style=\"color: #000000;\" href=\"https:\/\/ca.wikipedia.org\/wiki\/Segle_XVIII\">segle XVIII<\/a><\/span>,\u00a0i deriva dels antics \u00e0pats funeraris, on es menjaven llegums i fruits secs,\u00a0i els pans votius de l&#8217;oferta als difunts: els panets,\u00a0<span style=\"color: #000000;\"><a style=\"color: #000000;\" href=\"https:\/\/ca.wikipedia.org\/wiki\/Panellets\">panellets<\/a>\u00a0<\/span>o panellons. La beguda t\u00edpica era el\u00a0<span style=\"color: #000000;\"><a style=\"color: #000000;\" href=\"https:\/\/ca.wikipedia.org\/wiki\/Moscatell\">moscatell<\/a><\/span>. Era com\u00fa embrutar-se la cara amb les restes de la foguera, o saltar-la, ja que es creia que duia sort i es feien jocs tradicionals, s\u2019 explicaven contes i es cantaven can\u00e7ons populars.<\/p>\n<p>Les castanyeres, dones velles assegudes davant d&#8217;un torrador, venien al carrer castanyes torrades i calentes embolicades en una paperina al crit de, \u201c<em>calentes i grosses; qui en vol, ara que fumen?\u201d<\/em> La mainada \u00a0contestava: <em>&#8220;Petites i dolentes; de les vuit, set pudentes&#8221;<\/em>. Anaven vestides amb faldilles de\u00a0<span style=\"color: #000000;\"><a style=\"color: #000000;\" href=\"https:\/\/ca.wikipedia.org\/w\/index.php?title=Sargil&amp;action=edit&amp;redlink=1\">sargil<\/a><\/span>\u00a0molt amples i folrades, amb davantal de\u00a0<span style=\"color: #000000;\"><a style=\"color: #000000;\" href=\"https:\/\/ca.wikipedia.org\/wiki\/Fibra_de_c%C3%A0nem\">c\u00e0nem<\/a><\/span>\u00a0i llana,\u00a0<span style=\"font-family: inherit; font-size: 1em;\">i al cap duien una\u00a0 <span style=\"color: #000000;\">c<\/span><\/span><span style=\"color: #000000;\"><a style=\"font-family: inherit; font-size: 1em; color: #000000;\" href=\"https:\/\/ca.wikipedia.org\/wiki\/Caputxa_(indument%C3%A0ria)\">aputxa<\/a>\u00a0<a style=\"font-family: inherit; font-size: 1em; color: #000000;\" href=\"https:\/\/ca.wikipedia.org\/wiki\/Blanc\">blanca<\/a><span style=\"font-family: inherit; font-size: 1em;\">\u00a0de\u00a0<\/span><a style=\"font-family: inherit; font-size: 1em; color: #000000;\" href=\"https:\/\/ca.wikipedia.org\/wiki\/Llana\">llana<\/a><\/span><span style=\"font-family: inherit; font-size: 1em;\"> lligada al coll.<\/span><\/p>\n<p>La festa de <strong>Halloween<\/strong>, que ha esdevingut una de les celebracions m\u00e9s populars del s. XXI. La versi\u00f3 americana actual, amb disfresses i el \u2018<em>trick or treat<\/em>\u2019,\u00a0per\u00f2 l\u2019or\u00edgen \u00e9s europeu i molt m\u00e9s antic.\u00a0 \u00a0 \u00a0 \u00a0 \u00a0 \u00a0 \u00a0 \u00a0 \u00a0El Halloween d\u2019 avui dia \u00e9s una barreja de la festa religiosa del\u00a0Dia de Tots Sants i de la festa pagana de\u00a0<strong><em>Samhain<\/em><\/strong><em>, <\/em>un festival que feien les cultures celtes\u00a0 d\u2019 Irlanda i els pa\u00efsos\u00a0<span style=\"color: #000000;\"><a style=\"color: #000000;\" href=\"https:\/\/ca.wikipedia.org\/wiki\/Anglosax%C3%B3\">anglosaxons<\/a><\/span><em> que significava \u201cfi de l\u2019 estiu\u201d. <\/em>Es celebrava la fi de les collites i el nou comen\u00e7ament de\u00a0 l\u2019 any. En realitat es celebrava la mort i el renaixement de la natura. Els infants, amb fanalets fets amb naps farcits de carb\u00f3, anaven per les cases a recollir presents per fer-ne ofrena als dru\u00efdes, que feien diferents rituals.<\/p>\n<p><a href=\"https:\/\/agora.xtec.cat\/escolaelturobiguesiriells\/wp-content\/uploads\/usu1576\/2018\/10\/20181029_140553-1.jpg\"><img loading=\"lazy\" decoding=\"async\" class=\"alignnone wp-image-1661 size-full\" src=\"https:\/\/agora.xtec.cat\/escolaelturobiguesiriells\/wp-content\/uploads\/usu1576\/2018\/10\/20181029_140553-1.jpg\" alt=\"\" width=\"640\" height=\"360\" srcset=\"https:\/\/agora.xtec.cat\/escolaelturobiguesiriells\/wp-content\/uploads\/usu1576\/2018\/10\/20181029_140553-1.jpg 640w, https:\/\/agora.xtec.cat\/escolaelturobiguesiriells\/wp-content\/uploads\/usu1576\/2018\/10\/20181029_140553-1-300x169.jpg 300w\" sizes=\"auto, (max-width: 640px) 100vw, 640px\" \/><\/a><\/p>\n","protected":false},"excerpt":{"rendered":"<p>La Castanyada, a la nostra escola, \u00e9s una festa de celebraci\u00f3 i d&#8217;intercanvi de generacions. Tenim un teatre de Castanyada i una gincana de Halloween !&#8230; I una bona torrada de castanyes fetes pels nostres avis i \u00e0vies amb tot el carinyo del m\u00f3n ! I els nens i nenes\u00a0 \u00a0 \u00a0 \u00a0 d&#8217; Ed.Infantil [&hellip;]<\/p>\n","protected":false},"author":1,"featured_media":0,"comment_status":"closed","ping_status":"closed","sticky":false,"template":"","format":"standard","meta":{"_bbp_topic_count":0,"_bbp_reply_count":0,"_bbp_total_topic_count":0,"_bbp_total_reply_count":0,"_bbp_voice_count":0,"_bbp_anonymous_reply_count":0,"_bbp_topic_count_hidden":0,"_bbp_reply_count_hidden":0,"_bbp_forum_subforum_count":0,"site-sidebar-layout":"default","site-content-layout":"","ast-site-content-layout":"","site-content-style":"default","site-sidebar-style":"default","ast-global-header-display":"","ast-banner-title-visibility":"","ast-main-header-display":"","ast-hfb-above-header-display":"","ast-hfb-below-header-display":"","ast-hfb-mobile-header-display":"","site-post-title":"","ast-breadcrumbs-content":"","ast-featured-img":"","footer-sml-layout":"","theme-transparent-header-meta":"","adv-header-id-meta":"","stick-header-meta":"","header-above-stick-meta":"","header-main-stick-meta":"","header-below-stick-meta":"","astra-migrate-meta-layouts":"default","ast-page-background-enabled":"default","ast-page-background-meta":{"desktop":{"background-color":"var(--ast-global-color-4)","background-image":"","background-repeat":"repeat","background-position":"center center","background-size":"auto","background-attachment":"scroll","background-type":"","background-media":"","overlay-type":"","overlay-color":"","overlay-opacity":"","overlay-gradient":""},"tablet":{"background-color":"","background-image":"","background-repeat":"repeat","background-position":"center center","background-size":"auto","background-attachment":"scroll","background-type":"","background-media":"","overlay-type":"","overlay-color":"","overlay-opacity":"","overlay-gradient":""},"mobile":{"background-color":"","background-image":"","background-repeat":"repeat","background-position":"center center","background-size":"auto","background-attachment":"scroll","background-type":"","background-media":"","overlay-type":"","overlay-color":"","overlay-opacity":"","overlay-gradient":""}},"ast-content-background-meta":{"desktop":{"background-color":"var(--ast-global-color-5)","background-image":"","background-repeat":"repeat","background-position":"center center","background-size":"auto","background-attachment":"scroll","background-type":"","background-media":"","overlay-type":"","overlay-color":"","overlay-opacity":"","overlay-gradient":""},"tablet":{"background-color":"var(--ast-global-color-5)","background-image":"","background-repeat":"repeat","background-position":"center center","background-size":"auto","background-attachment":"scroll","background-type":"","background-media":"","overlay-type":"","overlay-color":"","overlay-opacity":"","overlay-gradient":""},"mobile":{"background-color":"var(--ast-global-color-5)","background-image":"","background-repeat":"repeat","background-position":"center center","background-size":"auto","background-attachment":"scroll","background-type":"","background-media":"","overlay-type":"","overlay-color":"","overlay-opacity":"","overlay-gradient":""}},"footnotes":""},"categories":[64,59,4],"tags":[],"class_list":["post-1610","post","type-post","status-publish","format-standard","hentry","category-castanyada","category-festes","category-portada"],"post_mailing_queue_ids":[],"_links":{"self":[{"href":"https:\/\/agora.xtec.cat\/escolaelturobiguesiriells\/wp-json\/wp\/v2\/posts\/1610","targetHints":{"allow":["GET"]}}],"collection":[{"href":"https:\/\/agora.xtec.cat\/escolaelturobiguesiriells\/wp-json\/wp\/v2\/posts"}],"about":[{"href":"https:\/\/agora.xtec.cat\/escolaelturobiguesiriells\/wp-json\/wp\/v2\/types\/post"}],"author":[{"embeddable":true,"href":"https:\/\/agora.xtec.cat\/escolaelturobiguesiriells\/wp-json\/wp\/v2\/users\/1"}],"replies":[{"embeddable":true,"href":"https:\/\/agora.xtec.cat\/escolaelturobiguesiriells\/wp-json\/wp\/v2\/comments?post=1610"}],"version-history":[{"count":3,"href":"https:\/\/agora.xtec.cat\/escolaelturobiguesiriells\/wp-json\/wp\/v2\/posts\/1610\/revisions"}],"predecessor-version":[{"id":1663,"href":"https:\/\/agora.xtec.cat\/escolaelturobiguesiriells\/wp-json\/wp\/v2\/posts\/1610\/revisions\/1663"}],"wp:attachment":[{"href":"https:\/\/agora.xtec.cat\/escolaelturobiguesiriells\/wp-json\/wp\/v2\/media?parent=1610"}],"wp:term":[{"taxonomy":"category","embeddable":true,"href":"https:\/\/agora.xtec.cat\/escolaelturobiguesiriells\/wp-json\/wp\/v2\/categories?post=1610"},{"taxonomy":"post_tag","embeddable":true,"href":"https:\/\/agora.xtec.cat\/escolaelturobiguesiriells\/wp-json\/wp\/v2\/tags?post=1610"}],"curies":[{"name":"wp","href":"https:\/\/api.w.org\/{rel}","templated":true}]}}