{"id":1224,"date":"2018-02-12T15:59:41","date_gmt":"2018-02-12T14:59:41","guid":{"rendered":"http:\/\/agora.xtec.cat\/escolaelturobiguesiriells\/?p=1224"},"modified":"2018-09-28T14:07:33","modified_gmt":"2018-09-28T12:07:33","slug":"carnestoltes-2018","status":"publish","type":"post","link":"https:\/\/agora.xtec.cat\/escolaelturobiguesiriells\/general\/carnestoltes-2018\/","title":{"rendered":"CARNESTOLTES 2018"},"content":{"rendered":"<p><span style=\"font-family: Arial, serif;\">L\u2019 origen de la paraula <\/span><span style=\"font-family: Arial, serif;\"><b>Carnaval<\/b><\/span><span style=\"font-family: Arial, serif;\"> prov\u00e9 del terme itali\u00e0 <\/span><span style=\"font-family: Arial, serif;\"><i>Carnevale, <\/i><\/span><span style=\"font-family: Arial, serif;\">i aquest al seu torn del llat\u00ed, <\/span><span style=\"font-family: Arial, serif;\"><i>\u201ccarnem levare\u201d<\/i><\/span><span style=\"font-family: Arial, serif;\"> el significat del qual \u00e9s \u201ccarn\u201d i \u201clevare\u201d, \u00e9s a dir : llevar, treure: <\/span><span style=\"font-family: Arial, serif;\"><i><b>treure la carn<\/b><\/i><\/span><span style=\"font-family: Arial, serif;\">. La veu catalana <\/span><span style=\"font-family: Arial, serif;\"><b>Carnestoltes<\/b><\/span><span style=\"font-family: Arial, serif;\"> prov\u00e9 del terme llat\u00ed <\/span><span style=\"font-family: Arial, serif;\"><i>\u201ccarnes tollendas\u201d \u00e9s a dir : <\/i><\/span><span style=\"font-family: Arial, serif;\"><b>diumenge abans de treure les carns<\/b><\/span><span style=\"font-family: Arial, serif;\">. Es deia aix\u00ed el diumenge abans de comen\u00e7ar la Quaresma.<\/span><\/p>\n<p align=\"JUSTIFY\"><span style=\"font-family: Arial, serif;\">L\u2019 origen de la festa \u00e9s pag\u00e0 i sembla que estaria relacionat amb les festes populars en homenatge al d\u00e9u grec Dionisios-Baco per als romans \u2013que, set setmanes despr\u00e9s del solstici d\u2019 hivern, celebraven l\u2019 arribada de la primavera amb banquets i desfilades plenes d\u2019 humor i alegria. Durant el Carnestoltes es menjava carn i embotits. L\u2019 esgl\u00e9sia va anar perfilant el sentit de la festa i aix\u00ed, set setmanes despr\u00e9s es sotmetia la disbauxa general del Carnestoltes i comen\u00e7ava el temps de Quaresma-que celebra els quaranta dies que Jes\u00fas es va estar purificant al desert. En temps de quaresma estava prohibida la carn, la xocolata, les llaminadures, i s\u2019 havia de menjar peix \u2026Hom la representa com una<\/span> <span style=\"font-family: Arial, serif;\">senyora que t\u00e9 set potes i que du un bacall\u00e0 a la m\u00e0 del qual pengen arengades.<\/span><\/p>\n<p align=\"JUSTIFY\"><span style=\"font-family: Arial, serif;\">A casa nostra Carnestoltes \u00e9s una festa tradicional molt arrelada a Catalunya i a tamb\u00e9 a Barcelona. Comen\u00e7ava el <\/span><span style=\"font-family: Arial, serif;\"><b>dijous llarder<\/b><\/span><span style=\"font-family: Arial, serif;\"> amb excursions a la muntanya per a menjar truita, bull i botifarra d\u2019 ou. El divendres de Carnestoltes arribava el Rei, qui en feia un preg\u00f3 de cr\u00edtica a les autoritats i anunciava les seves normes: <\/span><span style=\"font-family: Arial, serif;\"><i><b>gresca i xerinola a tota hora! <\/b><\/i><\/span><span style=\"font-family: Arial, serif;\">El dissabte de Carnestoltes i el dilluns hi havia arreu balls de m\u00e0scares, sobretot entre les classes nobles, als teatres i palaus(a Barcelona s\u2019arribaren a fer al Liceu) i el poble ho celebrava amb la rua o desfilada. El <\/span><span style=\"font-family: Arial, serif;\"><b>dimecres de cendra<\/b><\/span><span style=\"font-family: Arial, serif;\"> tancava el cicle de Carnestoltes amb el seu testament i comiat del Rei fins l\u2019 any vinent. La gent acabava fent un judici al Rei Carnestoltes i se\u2019 l cremava p\u00fablicament. Tamb\u00e9 es celebrava aquest dia <\/span><span style=\"font-family: Arial, serif;\"><b>l\u2019 enterrament de la sardina, <\/b><\/span><span style=\"font-family: Arial, serif;\">amb un seguici massiu a places i mercats, on disfressaven la sardina com si fos una v\u00eddua<\/span><span style=\"font-family: Arial, serif;\"><b>.<\/b><\/span><\/p>\n<p align=\"JUSTIFY\"><a name=\"_GoBack\"><\/a><span style=\"font-family: Arial, serif;\">A l\u2019 escola celebrem el Carnestoltes amb un preg\u00f3 del Rei, que arriba, de sobte, el dilluns al pati i ens proposa consignes a seguir. Dijous llarder mengem al pati truita i botifarra d\u2019 ou, o coca de llardons, i el divendres fem la nostra Rua de disfresses. Les disfresses s\u00f3n fetes per nosaltres mateixos als tallers intercicles, on hem treballat de forma cooperativa grans i petits tota la setmana. Sortim al carrer de l\u2019 escola al so de la m\u00fasica per anar al parc de Can Badell a llu\u00efr-nos. Enguany el tema ha estat l\u2019 Univers i cada grup de taller ha escollit com anava vestit : d\u2019 aliens, de coets , de pluja d\u2019 estrelles, d\u2019 aurora boreal, d\u2019astronautes\u2026Cada any ens acompanyen a la nostra R\u00faa els gegants de l\u2019 escola : en Turonet, la Fatuma i la baronesa Guisla de Montbui, i baixen amb nosaltres a ballar al pati com a fi de festa. <\/span><\/p>\n<p align=\"JUSTIFY\"><span style=\"font-family: Arial, serif;\">Des d\u2019 aqu\u00ed, tota l\u2019 escola <\/span><span style=\"font-family: Arial, serif;\"><u>donem les gr\u00e0cies un cop m\u00e9s als nostres pares i mares<\/u><\/span> <span style=\"font-family: Arial, serif;\"><u>voluntaris que han participat amb la m\u00fasica i als ball de gegants<\/u><\/span><span style=\"font-family: Arial, serif;\">. <\/span><\/p>\n<p align=\"JUSTIFY\"><span style=\"font-family: Arial, serif;\"><i>A partir de dimecres, direm ad\u00e9u al Rei Carnestoltes tot esperant l\u2019 arribada de la Vella Quaresma<\/i><\/span><span style=\"font-family: Arial, serif;\">.<\/span><\/p>\n<p align=\"JUSTIFY\"><a href=\"https:\/\/photos.app.goo.gl\/nMJXLL1MiTNNwsUg2\"><img loading=\"lazy\" decoding=\"async\" class=\"aligncenter size-medium wp-image-1226\" src=\"http:\/\/agora.xtec.cat\/escolaelturobiguesiriells\/wp-content\/uploads\/usu1576\/2018\/02\/20180209_151951-300x225.jpg\" alt=\"\" width=\"300\" height=\"225\" srcset=\"https:\/\/agora.xtec.cat\/escolaelturobiguesiriells\/wp-content\/uploads\/usu1576\/2018\/02\/20180209_151951-300x225.jpg 300w, https:\/\/agora.xtec.cat\/escolaelturobiguesiriells\/wp-content\/uploads\/usu1576\/2018\/02\/20180209_151951-200x150.jpg 200w, https:\/\/agora.xtec.cat\/escolaelturobiguesiriells\/wp-content\/uploads\/usu1576\/2018\/02\/20180209_151951.jpg 640w\" sizes=\"auto, (max-width: 300px) 100vw, 300px\" \/><\/a><\/p>\n<p align=\"JUSTIFY\">CLIQUEU LA FOTO PER VEURE ELS V\u00cdDEOS I FOTOS DE LA RUA.<\/p>\n","protected":false},"excerpt":{"rendered":"<p>L\u2019 origen de la paraula Carnaval prov\u00e9 del terme itali\u00e0 Carnevale, i aquest al seu torn del llat\u00ed, \u201ccarnem levare\u201d el significat del qual \u00e9s \u201ccarn\u201d i \u201clevare\u201d, \u00e9s a dir : llevar, treure: treure la carn. La veu catalana Carnestoltes prov\u00e9 del terme llat\u00ed \u201ccarnes tollendas\u201d \u00e9s a dir : diumenge abans de treure [&hellip;]<\/p>\n","protected":false},"author":1,"featured_media":1226,"comment_status":"open","ping_status":"closed","sticky":false,"template":"","format":"standard","meta":{"_bbp_topic_count":0,"_bbp_reply_count":0,"_bbp_total_topic_count":0,"_bbp_total_reply_count":0,"_bbp_voice_count":0,"_bbp_anonymous_reply_count":0,"_bbp_topic_count_hidden":0,"_bbp_reply_count_hidden":0,"_bbp_forum_subforum_count":0,"site-sidebar-layout":"default","site-content-layout":"","ast-site-content-layout":"","site-content-style":"default","site-sidebar-style":"default","ast-global-header-display":"","ast-banner-title-visibility":"","ast-main-header-display":"","ast-hfb-above-header-display":"","ast-hfb-below-header-display":"","ast-hfb-mobile-header-display":"","site-post-title":"","ast-breadcrumbs-content":"","ast-featured-img":"","footer-sml-layout":"","theme-transparent-header-meta":"","adv-header-id-meta":"","stick-header-meta":"","header-above-stick-meta":"","header-main-stick-meta":"","header-below-stick-meta":"","astra-migrate-meta-layouts":"default","ast-page-background-enabled":"default","ast-page-background-meta":{"desktop":{"background-color":"var(--ast-global-color-4)","background-image":"","background-repeat":"repeat","background-position":"center center","background-size":"auto","background-attachment":"scroll","background-type":"","background-media":"","overlay-type":"","overlay-color":"","overlay-opacity":"","overlay-gradient":""},"tablet":{"background-color":"","background-image":"","background-repeat":"repeat","background-position":"center center","background-size":"auto","background-attachment":"scroll","background-type":"","background-media":"","overlay-type":"","overlay-color":"","overlay-opacity":"","overlay-gradient":""},"mobile":{"background-color":"","background-image":"","background-repeat":"repeat","background-position":"center center","background-size":"auto","background-attachment":"scroll","background-type":"","background-media":"","overlay-type":"","overlay-color":"","overlay-opacity":"","overlay-gradient":""}},"ast-content-background-meta":{"desktop":{"background-color":"var(--ast-global-color-5)","background-image":"","background-repeat":"repeat","background-position":"center center","background-size":"auto","background-attachment":"scroll","background-type":"","background-media":"","overlay-type":"","overlay-color":"","overlay-opacity":"","overlay-gradient":""},"tablet":{"background-color":"var(--ast-global-color-5)","background-image":"","background-repeat":"repeat","background-position":"center center","background-size":"auto","background-attachment":"scroll","background-type":"","background-media":"","overlay-type":"","overlay-color":"","overlay-opacity":"","overlay-gradient":""},"mobile":{"background-color":"var(--ast-global-color-5)","background-image":"","background-repeat":"repeat","background-position":"center center","background-size":"auto","background-attachment":"scroll","background-type":"","background-media":"","overlay-type":"","overlay-color":"","overlay-opacity":"","overlay-gradient":""}},"footnotes":""},"categories":[87,1,4],"tags":[],"class_list":["post-1224","post","type-post","status-publish","format-standard","has-post-thumbnail","hentry","category-carnestoltes","category-general","category-portada"],"post_mailing_queue_ids":[],"_links":{"self":[{"href":"https:\/\/agora.xtec.cat\/escolaelturobiguesiriells\/wp-json\/wp\/v2\/posts\/1224","targetHints":{"allow":["GET"]}}],"collection":[{"href":"https:\/\/agora.xtec.cat\/escolaelturobiguesiriells\/wp-json\/wp\/v2\/posts"}],"about":[{"href":"https:\/\/agora.xtec.cat\/escolaelturobiguesiriells\/wp-json\/wp\/v2\/types\/post"}],"author":[{"embeddable":true,"href":"https:\/\/agora.xtec.cat\/escolaelturobiguesiriells\/wp-json\/wp\/v2\/users\/1"}],"replies":[{"embeddable":true,"href":"https:\/\/agora.xtec.cat\/escolaelturobiguesiriells\/wp-json\/wp\/v2\/comments?post=1224"}],"version-history":[{"count":3,"href":"https:\/\/agora.xtec.cat\/escolaelturobiguesiriells\/wp-json\/wp\/v2\/posts\/1224\/revisions"}],"predecessor-version":[{"id":1231,"href":"https:\/\/agora.xtec.cat\/escolaelturobiguesiriells\/wp-json\/wp\/v2\/posts\/1224\/revisions\/1231"}],"wp:featuredmedia":[{"embeddable":true,"href":"https:\/\/agora.xtec.cat\/escolaelturobiguesiriells\/wp-json\/wp\/v2\/media\/1226"}],"wp:attachment":[{"href":"https:\/\/agora.xtec.cat\/escolaelturobiguesiriells\/wp-json\/wp\/v2\/media?parent=1224"}],"wp:term":[{"taxonomy":"category","embeddable":true,"href":"https:\/\/agora.xtec.cat\/escolaelturobiguesiriells\/wp-json\/wp\/v2\/categories?post=1224"},{"taxonomy":"post_tag","embeddable":true,"href":"https:\/\/agora.xtec.cat\/escolaelturobiguesiriells\/wp-json\/wp\/v2\/tags?post=1224"}],"curies":[{"name":"wp","href":"https:\/\/api.w.org\/{rel}","templated":true}]}}