{"id":1178,"date":"2018-02-05T13:19:55","date_gmt":"2018-02-05T12:19:55","guid":{"rendered":"http:\/\/agora.xtec.cat\/escolaelturobiguesiriells\/?p=1178"},"modified":"2018-09-28T14:08:17","modified_gmt":"2018-09-28T12:08:17","slug":"fem-poble-2018-2","status":"publish","type":"post","link":"https:\/\/agora.xtec.cat\/escolaelturobiguesiriells\/portada\/fem-poble-2018-2\/","title":{"rendered":"FEM POBLE 2018"},"content":{"rendered":"<p><u>JORNADES \u201cFEM POBLE\u201d I EXPOSICI\u00d3 DE SANT SEBASTI\u00c0<\/u><\/p>\n<p><i>Fa molts anys, de fet a l\u2019 Edat Mitjana, el poble de Bigues i Riells va fer un \u201cvot de poble\u201d a Sant Sebasti\u00e0 per agrair-li que els havia lliurat de la pesta<\/i>. <i>El dia de Sant Sebasti\u00e0, 20 de gener, m\u00e9s tard, va esdevenir festa local d\u2019 hivern a Bigues i el 22 de gener es celebra a Riells Sant Vicen\u00e7..<\/i><\/p>\n<p><i>A l\u2019 escola, fa setze anys que celebrem Sant Sebasti\u00e0 amb una exposici\u00f3 que reflecteix els treballs de camp fets pels i per les alumnes durant les Jornades que anomenem \u201cFem Poble\u201d. \u201cFem poble \u201c \u00e9s el lema que engloba les visites de natura, culturals, d\u2019organitzaci\u00f3 social i comunit\u00e0ria, i de folklore i coneixement de l\u2019 entorn m\u00e9s proper dels nostres nens i nenes.<\/i><\/p>\n<p><i>A l\u2019 Escola El Tur\u00f3( que va ser l\u2019 iniciadora d\u2019 aquest projecte ara ja de municipi), un grup de mestres ens vam adonar que cap llibre de text de coneixement del medi de cap editorial que es comercialitzava responia a la realitat que vivien els nostres nens i nenes.<\/i><\/p>\n<p><i>Nosaltres vivim en un municipi configurat per dos petits pobles situats a la serralada prelitoral i molt propers a la gran ciutat de Barcelona. Molta poblaci\u00f3, a partir dels anys 1990, s\u2019 hi va quedar a viure a les cases que des dels anys 1970 havien estat de segona resid\u00e8ncia. A Bigues i Riells molts nens viuen en urbanitzacions. Als carrers de les urbanitzacions no hi ha botigues, ni locals comercials, ni restaurants\u2026<\/i><\/p>\n<p><i>En aquella \u00e8poca , als anys 90, no hi havia als carrers rotondes amb escultures, ni grans monuments a cap dels dos pobles, ni teatres, etc. La realitat urbana dels alumnes era una altra, for\u00e7a diferent de les fotos dels llibres de text. A m\u00e9s a m\u00e9s, com molts alumnes tenien cases amb jard\u00ed on jugar, molts passaven el cap de semana al seu jard\u00ed; i sovint, ni ells ni les seves fam\u00edlies no coneixien realment el municipi.<\/i><\/p>\n<p><i>I \u00e9s per aix\u00f2 que a l\u2019 escola El Tur\u00f3 vam fundar les Jornades \u201cFem Poble \u201c. Unes jornades per explicar i ensenyar els alumnes durant el seu pas per l\u2019 escola( a cada nivell escolar un lloc o un tema conductor diferent), el riu del seu poble, les muntanyes, el nou Cap metge, la flora i la fauna, els nous centres educatius, el teixit associatiu, les corals, el Casal d\u2019 avis, el nou Institut, l\u2019 escola de m\u00fasica, els oficis, l\u2019 Ajuntament, les esgl\u00e9sies, les botigues, i fins i tot el seu Castell-perqu\u00e8 tenim un Castell!\u2026 Els i les mestres vam portar els infants a cada raconet del municipi, sovint acompanyats per persones de Bigues i Riells que ens podien explicar les hist\u00f2ries de cada lloc. Els nens i nenes en van gaudir, i encara avui en gaudeixen molt d\u2019 aquest projecte, perqu\u00e8 con\u00e8ixer \u00e9s estimar. I estimar, \u00e9s fer arrels\u2026<\/i><\/p>\n<p><a name=\"_GoBack\"><\/a><i>Aix\u00ed, s\u2019 ha continuat amb aquest projecte \u201cFem Poble\u201d, mentre hem vist cr\u00e9ixer els dos pobles. I es continua celebrant cada curs, despr\u00e9s de tants cursos. A l\u2019 escola El Tur\u00f3, es va afegir l\u2019 escola bressol municipal La Puput des del principi, ja que \u00e9rem els dos \u00fanics centres educatius del municipi, i van trobar que era molt bona idea. Despr\u00e9s s\u2019 afeg\u00ed l\u2019 IES M\u00aa de Bell-Lloc, que treballa el municipi a trav\u00e9s dels treballs de s\u00edntesi, i la nova escola El Colomer des de la seva creaci\u00f3 anys m\u00e9s tard.<\/i><\/p>\n","protected":false},"excerpt":{"rendered":"<p>JORNADES \u201cFEM POBLE\u201d I EXPOSICI\u00d3 DE SANT SEBASTI\u00c0 Fa molts anys, de fet a l\u2019 Edat Mitjana, el poble de Bigues i Riells va fer un \u201cvot de poble\u201d a Sant Sebasti\u00e0 per agrair-li que els havia lliurat de la pesta. El dia de Sant Sebasti\u00e0, 20 de gener, m\u00e9s tard, va esdevenir festa local [&hellip;]<\/p>\n","protected":false},"author":1,"featured_media":0,"comment_status":"open","ping_status":"closed","sticky":false,"template":"","format":"standard","meta":{"_bbp_topic_count":0,"_bbp_reply_count":0,"_bbp_total_topic_count":0,"_bbp_total_reply_count":0,"_bbp_voice_count":0,"_bbp_anonymous_reply_count":0,"_bbp_topic_count_hidden":0,"_bbp_reply_count_hidden":0,"_bbp_forum_subforum_count":0,"site-sidebar-layout":"default","site-content-layout":"","ast-site-content-layout":"","site-content-style":"default","site-sidebar-style":"default","ast-global-header-display":"","ast-banner-title-visibility":"","ast-main-header-display":"","ast-hfb-above-header-display":"","ast-hfb-below-header-display":"","ast-hfb-mobile-header-display":"","site-post-title":"","ast-breadcrumbs-content":"","ast-featured-img":"","footer-sml-layout":"","theme-transparent-header-meta":"","adv-header-id-meta":"","stick-header-meta":"","header-above-stick-meta":"","header-main-stick-meta":"","header-below-stick-meta":"","astra-migrate-meta-layouts":"default","ast-page-background-enabled":"default","ast-page-background-meta":{"desktop":{"background-color":"var(--ast-global-color-4)","background-image":"","background-repeat":"repeat","background-position":"center center","background-size":"auto","background-attachment":"scroll","background-type":"","background-media":"","overlay-type":"","overlay-color":"","overlay-opacity":"","overlay-gradient":""},"tablet":{"background-color":"","background-image":"","background-repeat":"repeat","background-position":"center center","background-size":"auto","background-attachment":"scroll","background-type":"","background-media":"","overlay-type":"","overlay-color":"","overlay-opacity":"","overlay-gradient":""},"mobile":{"background-color":"","background-image":"","background-repeat":"repeat","background-position":"center center","background-size":"auto","background-attachment":"scroll","background-type":"","background-media":"","overlay-type":"","overlay-color":"","overlay-opacity":"","overlay-gradient":""}},"ast-content-background-meta":{"desktop":{"background-color":"var(--ast-global-color-5)","background-image":"","background-repeat":"repeat","background-position":"center center","background-size":"auto","background-attachment":"scroll","background-type":"","background-media":"","overlay-type":"","overlay-color":"","overlay-opacity":"","overlay-gradient":""},"tablet":{"background-color":"var(--ast-global-color-5)","background-image":"","background-repeat":"repeat","background-position":"center center","background-size":"auto","background-attachment":"scroll","background-type":"","background-media":"","overlay-type":"","overlay-color":"","overlay-opacity":"","overlay-gradient":""},"mobile":{"background-color":"var(--ast-global-color-5)","background-image":"","background-repeat":"repeat","background-position":"center center","background-size":"auto","background-attachment":"scroll","background-type":"","background-media":"","overlay-type":"","overlay-color":"","overlay-opacity":"","overlay-gradient":""}},"footnotes":""},"categories":[4],"tags":[],"class_list":["post-1178","post","type-post","status-publish","format-standard","hentry","category-portada"],"post_mailing_queue_ids":[],"_links":{"self":[{"href":"https:\/\/agora.xtec.cat\/escolaelturobiguesiriells\/wp-json\/wp\/v2\/posts\/1178","targetHints":{"allow":["GET"]}}],"collection":[{"href":"https:\/\/agora.xtec.cat\/escolaelturobiguesiriells\/wp-json\/wp\/v2\/posts"}],"about":[{"href":"https:\/\/agora.xtec.cat\/escolaelturobiguesiriells\/wp-json\/wp\/v2\/types\/post"}],"author":[{"embeddable":true,"href":"https:\/\/agora.xtec.cat\/escolaelturobiguesiriells\/wp-json\/wp\/v2\/users\/1"}],"replies":[{"embeddable":true,"href":"https:\/\/agora.xtec.cat\/escolaelturobiguesiriells\/wp-json\/wp\/v2\/comments?post=1178"}],"version-history":[{"count":1,"href":"https:\/\/agora.xtec.cat\/escolaelturobiguesiriells\/wp-json\/wp\/v2\/posts\/1178\/revisions"}],"predecessor-version":[{"id":1179,"href":"https:\/\/agora.xtec.cat\/escolaelturobiguesiriells\/wp-json\/wp\/v2\/posts\/1178\/revisions\/1179"}],"wp:attachment":[{"href":"https:\/\/agora.xtec.cat\/escolaelturobiguesiriells\/wp-json\/wp\/v2\/media?parent=1178"}],"wp:term":[{"taxonomy":"category","embeddable":true,"href":"https:\/\/agora.xtec.cat\/escolaelturobiguesiriells\/wp-json\/wp\/v2\/categories?post=1178"},{"taxonomy":"post_tag","embeddable":true,"href":"https:\/\/agora.xtec.cat\/escolaelturobiguesiriells\/wp-json\/wp\/v2\/tags?post=1178"}],"curies":[{"name":"wp","href":"https:\/\/api.w.org\/{rel}","templated":true}]}}