{"id":1144,"date":"2017-11-20T13:40:00","date_gmt":"2017-11-20T12:40:00","guid":{"rendered":"http:\/\/agora.xtec.cat\/escolaelturobiguesiriells\/?p=1144"},"modified":"2018-09-28T11:12:48","modified_gmt":"2018-09-28T09:12:48","slug":"santa-cecilia-2017","status":"publish","type":"post","link":"https:\/\/agora.xtec.cat\/escolaelturobiguesiriells\/general\/santa-cecilia-2017\/","title":{"rendered":"SANTA CEC\u00cdLIA 2017"},"content":{"rendered":"<p><span style=\"font-size: 12pt;\">El 22 de novembre \u00e9s el dia de Santa Cec\u00edlia, patrona de la m\u00fasica.<\/span><\/p>\n<p><span style=\"font-size: 12pt;\">Cec\u00edlia de Roma, que aix\u00ed es deia la noia, va ser nomenada pel Papa Gregori XIII patrona de la m\u00fasica el 1594. El fet m\u00e9s probable \u00e9s que Cec\u00edlia deb\u00eda tocar alg\u00fan instrument musical d\u2019 acord amb els costums i tradicions de les fam\u00edlies patr\u00edcies romanes, potser la lira, la c\u00edtara, o alg\u00fan tipus d\u2019 arpa de les que utilitzaven les dames de la societat romana. De fet, molts quadres la representen tocant l\u2019 orga i altres instruments musicals. Els seu esperit sensible i apassionat per l\u2019 art musical la va fer esdevenir el s\u00edmbol de la m\u00fasica. Aquest dia es commemora a Orient i Occident. <\/span><\/p>\n<p><span style=\"font-size: 12pt;\">A l\u2019 escola fem dos concerts : hem convidat la coral jove de l\u2019 Escola de M\u00fasica de la Vall del Tenes , a qui agraim molt la seva participaci\u00f3 a la nostra festa. Els rebrem el dia 20 de novembre! D\u2019 altra banda, seguint la tradici\u00f3 iniciada a l\u2019 escola els anys noranta, els nostres alumnes que estudien m\u00fasica a diferents escoles en horari extraescolar, oferiran un concert per als seus companys el dia 22 de novembre per a mostrar el seu talent i esfor\u00e7. Esperem gaudir tots plegats d\u2019 aquest llenguatge universal, que \u00e9s la m\u00fasica, i despertar les sensibilitats dels possibles nous m\u00fasics!<\/span><\/p>\n<p><span style=\"font-size: 12pt;\">Direcci\u00f3 Escola El Tur\u00f3<\/span><\/p>\n<p>&nbsp;<\/p>\n","protected":false},"excerpt":{"rendered":"<p>El 22 de novembre \u00e9s el dia de Santa Cec\u00edlia, patrona de la m\u00fasica. Cec\u00edlia de Roma, que aix\u00ed es deia la noia, va ser nomenada pel Papa Gregori XIII patrona de la m\u00fasica el 1594. El fet m\u00e9s probable \u00e9s que Cec\u00edlia deb\u00eda tocar alg\u00fan instrument musical d\u2019 acord amb els costums i tradicions [&hellip;]<\/p>\n","protected":false},"author":1,"featured_media":0,"comment_status":"open","ping_status":"closed","sticky":false,"template":"","format":"standard","meta":{"_bbp_topic_count":0,"_bbp_reply_count":0,"_bbp_total_topic_count":0,"_bbp_total_reply_count":0,"_bbp_voice_count":0,"_bbp_anonymous_reply_count":0,"_bbp_topic_count_hidden":0,"_bbp_reply_count_hidden":0,"_bbp_forum_subforum_count":0,"site-sidebar-layout":"default","site-content-layout":"","ast-site-content-layout":"","site-content-style":"default","site-sidebar-style":"default","ast-global-header-display":"","ast-banner-title-visibility":"","ast-main-header-display":"","ast-hfb-above-header-display":"","ast-hfb-below-header-display":"","ast-hfb-mobile-header-display":"","site-post-title":"","ast-breadcrumbs-content":"","ast-featured-img":"","footer-sml-layout":"","theme-transparent-header-meta":"","adv-header-id-meta":"","stick-header-meta":"","header-above-stick-meta":"","header-main-stick-meta":"","header-below-stick-meta":"","astra-migrate-meta-layouts":"default","ast-page-background-enabled":"default","ast-page-background-meta":{"desktop":{"background-color":"var(--ast-global-color-4)","background-image":"","background-repeat":"repeat","background-position":"center center","background-size":"auto","background-attachment":"scroll","background-type":"","background-media":"","overlay-type":"","overlay-color":"","overlay-opacity":"","overlay-gradient":""},"tablet":{"background-color":"","background-image":"","background-repeat":"repeat","background-position":"center center","background-size":"auto","background-attachment":"scroll","background-type":"","background-media":"","overlay-type":"","overlay-color":"","overlay-opacity":"","overlay-gradient":""},"mobile":{"background-color":"","background-image":"","background-repeat":"repeat","background-position":"center center","background-size":"auto","background-attachment":"scroll","background-type":"","background-media":"","overlay-type":"","overlay-color":"","overlay-opacity":"","overlay-gradient":""}},"ast-content-background-meta":{"desktop":{"background-color":"var(--ast-global-color-5)","background-image":"","background-repeat":"repeat","background-position":"center center","background-size":"auto","background-attachment":"scroll","background-type":"","background-media":"","overlay-type":"","overlay-color":"","overlay-opacity":"","overlay-gradient":""},"tablet":{"background-color":"var(--ast-global-color-5)","background-image":"","background-repeat":"repeat","background-position":"center center","background-size":"auto","background-attachment":"scroll","background-type":"","background-media":"","overlay-type":"","overlay-color":"","overlay-opacity":"","overlay-gradient":""},"mobile":{"background-color":"var(--ast-global-color-5)","background-image":"","background-repeat":"repeat","background-position":"center center","background-size":"auto","background-attachment":"scroll","background-type":"","background-media":"","overlay-type":"","overlay-color":"","overlay-opacity":"","overlay-gradient":""}},"footnotes":""},"categories":[1,4,63],"tags":[],"class_list":["post-1144","post","type-post","status-publish","format-standard","hentry","category-general","category-portada","category-santa-cecilia"],"post_mailing_queue_ids":[],"_links":{"self":[{"href":"https:\/\/agora.xtec.cat\/escolaelturobiguesiriells\/wp-json\/wp\/v2\/posts\/1144","targetHints":{"allow":["GET"]}}],"collection":[{"href":"https:\/\/agora.xtec.cat\/escolaelturobiguesiriells\/wp-json\/wp\/v2\/posts"}],"about":[{"href":"https:\/\/agora.xtec.cat\/escolaelturobiguesiriells\/wp-json\/wp\/v2\/types\/post"}],"author":[{"embeddable":true,"href":"https:\/\/agora.xtec.cat\/escolaelturobiguesiriells\/wp-json\/wp\/v2\/users\/1"}],"replies":[{"embeddable":true,"href":"https:\/\/agora.xtec.cat\/escolaelturobiguesiriells\/wp-json\/wp\/v2\/comments?post=1144"}],"version-history":[{"count":1,"href":"https:\/\/agora.xtec.cat\/escolaelturobiguesiriells\/wp-json\/wp\/v2\/posts\/1144\/revisions"}],"predecessor-version":[{"id":1145,"href":"https:\/\/agora.xtec.cat\/escolaelturobiguesiriells\/wp-json\/wp\/v2\/posts\/1144\/revisions\/1145"}],"wp:attachment":[{"href":"https:\/\/agora.xtec.cat\/escolaelturobiguesiriells\/wp-json\/wp\/v2\/media?parent=1144"}],"wp:term":[{"taxonomy":"category","embeddable":true,"href":"https:\/\/agora.xtec.cat\/escolaelturobiguesiriells\/wp-json\/wp\/v2\/categories?post=1144"},{"taxonomy":"post_tag","embeddable":true,"href":"https:\/\/agora.xtec.cat\/escolaelturobiguesiriells\/wp-json\/wp\/v2\/tags?post=1144"}],"curies":[{"name":"wp","href":"https:\/\/api.w.org\/{rel}","templated":true}]}}