{"id":9993,"date":"2025-03-28T17:00:29","date_gmt":"2025-03-28T16:00:29","guid":{"rendered":"https:\/\/agora.xtec.cat\/escolaelsquatrevents\/?p=9993"},"modified":"2025-03-28T13:24:20","modified_gmt":"2025-03-28T12:24:20","slug":"certamen-de-lectura-en-veu-alta-4","status":"publish","type":"post","link":"https:\/\/agora.xtec.cat\/escolaelsquatrevents\/general\/certamen-de-lectura-en-veu-alta-4\/","title":{"rendered":"Certamen de lectura en veu alta"},"content":{"rendered":"<p><a href=\"https:\/\/drive.google.com\/drive\/folders\/1Ll2wr71htf35GF3MLV2ojV9sSBQOp2Zf?usp=sharing\" target=\"_blank\" rel=\"noopener\"><img loading=\"lazy\" decoding=\"async\" class=\"alignnone wp-image-9994 size-medium\" src=\"https:\/\/agora.xtec.cat\/escolaelsquatrevents\/wp-content\/uploads\/usu584\/2025\/01\/openart-image_x8qBbZ1a_1737970671536_raw-300x300.jpg\" alt=\"\" width=\"300\" height=\"300\" srcset=\"https:\/\/agora.xtec.cat\/escolaelsquatrevents\/wp-content\/uploads\/usu584\/2025\/01\/openart-image_x8qBbZ1a_1737970671536_raw-300x300.jpg 300w, https:\/\/agora.xtec.cat\/escolaelsquatrevents\/wp-content\/uploads\/usu584\/2025\/01\/openart-image_x8qBbZ1a_1737970671536_raw-150x150.jpg 150w, https:\/\/agora.xtec.cat\/escolaelsquatrevents\/wp-content\/uploads\/usu584\/2025\/01\/openart-image_x8qBbZ1a_1737970671536_raw-768x768.jpg 768w, https:\/\/agora.xtec.cat\/escolaelsquatrevents\/wp-content\/uploads\/usu584\/2025\/01\/openart-image_x8qBbZ1a_1737970671536_raw.jpg 1024w\" sizes=\"auto, (max-width: 300px) 100vw, 300px\" \/><\/a><\/p>\n<p>Bon dia\u00a0fam\u00edlies,<\/p>\n<p>Avui \u00e9s un dia molt important i que els nens i nenes de tercer, quart cinqu\u00e8 i sis\u00e8 esperen amb candeletes i amb molts nervis tamb\u00e9. Avui alguns han sigut protagonistes pujant a l&#8217;escenari que tenim a l&#8217;escola per llegir tant als companys, companyes, jurat com la gent que ha estat pendent de la retransmissi\u00f3 a xarxes socials. Ha sigut un moment amb molta tensi\u00f3 fent que els nostres infants s&#8217;esforcessin d&#8217;all\u00f2 m\u00e9s per intentar-ho fer el millor possible.<\/p>\n<p>Si feu clic a la fotografia,\u00a0<span class=\"hiddenGreenError\" style=\"padding-bottom: 2px; background-image: url('..\/..\/..\/..\/..\/images\/squiggle_green.png'); background-repeat: repeat-x; background-position: left bottom; cursor: default; color: #000000; font-family: 'Open Sans', Helvetica, Arial, sans-serif; font-size: 16px; font-style: normal; font-variant-ligatures: normal; font-variant-caps: normal; font-weight: 300; letter-spacing: normal; orphans: 2; text-align: start; text-indent: 0px; text-transform: none; widows: 2; word-spacing: 0px; -webkit-text-stroke-width: 0px; white-space: normal;\">podreu<\/span>\u00a0veure el recull d&#8217;imatges que hem fet durant el certamen.<\/p>\n<p><strong><span style=\"text-decoration: underline;\">ACTUALITZACI\u00d3!<\/span><\/strong><\/p>\n<p>El passat 25 de mar\u00e7 es va celebrar la final del Certamen de Lectura en Veu Alta al Teatre de Bellavista, un esdeveniment ple d\u2019emoci\u00f3 i talent. Volem felicitar de tot cor als nens i nenes de la nostra escola que hi van participar, ja que van demostrar una gran preparaci\u00f3, seguretat i passi\u00f3 per la lectura.<\/p>\n<p>El nivell d\u2019aquesta edici\u00f3 va ser molt alt, i tots els i les participants van fer una feina excel\u00b7lent. Estem molt orgullosos de vosaltres per l\u2019esfor\u00e7 i la dedicaci\u00f3 que heu posat en aquesta experi\u00e8ncia. Enhorabona a tots i totes per la vostra magn\u00edfica actuaci\u00f3! \ud83d\udc4f\ud83d\udcd6<br \/>\nPodeu mirar les fotos de la final prement <a href=\"https:\/\/drive.google.com\/drive\/folders\/1KLBzMpSKl2-govCEvPYIe6xrIeQq8kh5?usp=sharing\">aqu\u00ed.<\/a><\/p>\n","protected":false},"excerpt":{"rendered":"<p>Bon dia\u00a0fam\u00edlies, Avui \u00e9s un dia molt important i que els nens i nenes de tercer, quart cinqu\u00e8 i sis\u00e8 esperen amb candeletes i amb molts nervis tamb\u00e9. Avui alguns han sigut protagonistes pujant a l&#8217;escenari que tenim a l&#8217;escola per llegir tant als companys, companyes, jurat com la gent que ha estat pendent de [&hellip;]<\/p>\n","protected":false},"author":1,"featured_media":9994,"comment_status":"closed","ping_status":"closed","sticky":false,"template":"","format":"standard","meta":{"_bbp_topic_count":0,"_bbp_reply_count":0,"_bbp_total_topic_count":0,"_bbp_total_reply_count":0,"_bbp_voice_count":0,"_bbp_anonymous_reply_count":0,"_bbp_topic_count_hidden":0,"_bbp_reply_count_hidden":0,"_bbp_forum_subforum_count":0,"site-sidebar-layout":"default","site-content-layout":"","ast-site-content-layout":"","site-content-style":"default","site-sidebar-style":"default","ast-global-header-display":"","ast-banner-title-visibility":"","ast-main-header-display":"","ast-hfb-above-header-display":"","ast-hfb-below-header-display":"","ast-hfb-mobile-header-display":"","site-post-title":"","ast-breadcrumbs-content":"","ast-featured-img":"","footer-sml-layout":"","theme-transparent-header-meta":"","adv-header-id-meta":"","stick-header-meta":"","header-above-stick-meta":"","header-main-stick-meta":"","header-below-stick-meta":"","astra-migrate-meta-layouts":"default","ast-page-background-enabled":"default","ast-page-background-meta":{"desktop":{"background-color":"var(--ast-global-color-4)","background-image":"","background-repeat":"repeat","background-position":"center center","background-size":"auto","background-attachment":"scroll","background-type":"","background-media":"","overlay-type":"","overlay-color":"","overlay-opacity":"","overlay-gradient":""},"tablet":{"background-color":"","background-image":"","background-repeat":"repeat","background-position":"center center","background-size":"auto","background-attachment":"scroll","background-type":"","background-media":"","overlay-type":"","overlay-color":"","overlay-opacity":"","overlay-gradient":""},"mobile":{"background-color":"","background-image":"","background-repeat":"repeat","background-position":"center center","background-size":"auto","background-attachment":"scroll","background-type":"","background-media":"","overlay-type":"","overlay-color":"","overlay-opacity":"","overlay-gradient":""}},"ast-content-background-meta":{"desktop":{"background-color":"var(--ast-global-color-5)","background-image":"","background-repeat":"repeat","background-position":"center center","background-size":"auto","background-attachment":"scroll","background-type":"","background-media":"","overlay-type":"","overlay-color":"","overlay-opacity":"","overlay-gradient":""},"tablet":{"background-color":"var(--ast-global-color-5)","background-image":"","background-repeat":"repeat","background-position":"center center","background-size":"auto","background-attachment":"scroll","background-type":"","background-media":"","overlay-type":"","overlay-color":"","overlay-opacity":"","overlay-gradient":""},"mobile":{"background-color":"var(--ast-global-color-5)","background-image":"","background-repeat":"repeat","background-position":"center center","background-size":"auto","background-attachment":"scroll","background-type":"","background-media":"","overlay-type":"","overlay-color":"","overlay-opacity":"","overlay-gradient":""}},"footnotes":""},"categories":[3,1,4],"tags":[97,200,476],"class_list":["post-9993","post","type-post","status-publish","format-standard","has-post-thumbnail","hentry","category-mitjans","category-general","category-portada","tag-3r","tag-lectura","tag-lecturaveualta"],"post_mailing_queue_ids":[],"_links":{"self":[{"href":"https:\/\/agora.xtec.cat\/escolaelsquatrevents\/wp-json\/wp\/v2\/posts\/9993","targetHints":{"allow":["GET"]}}],"collection":[{"href":"https:\/\/agora.xtec.cat\/escolaelsquatrevents\/wp-json\/wp\/v2\/posts"}],"about":[{"href":"https:\/\/agora.xtec.cat\/escolaelsquatrevents\/wp-json\/wp\/v2\/types\/post"}],"author":[{"embeddable":true,"href":"https:\/\/agora.xtec.cat\/escolaelsquatrevents\/wp-json\/wp\/v2\/users\/1"}],"replies":[{"embeddable":true,"href":"https:\/\/agora.xtec.cat\/escolaelsquatrevents\/wp-json\/wp\/v2\/comments?post=9993"}],"version-history":[{"count":5,"href":"https:\/\/agora.xtec.cat\/escolaelsquatrevents\/wp-json\/wp\/v2\/posts\/9993\/revisions"}],"predecessor-version":[{"id":10120,"href":"https:\/\/agora.xtec.cat\/escolaelsquatrevents\/wp-json\/wp\/v2\/posts\/9993\/revisions\/10120"}],"wp:featuredmedia":[{"embeddable":true,"href":"https:\/\/agora.xtec.cat\/escolaelsquatrevents\/wp-json\/wp\/v2\/media\/9994"}],"wp:attachment":[{"href":"https:\/\/agora.xtec.cat\/escolaelsquatrevents\/wp-json\/wp\/v2\/media?parent=9993"}],"wp:term":[{"taxonomy":"category","embeddable":true,"href":"https:\/\/agora.xtec.cat\/escolaelsquatrevents\/wp-json\/wp\/v2\/categories?post=9993"},{"taxonomy":"post_tag","embeddable":true,"href":"https:\/\/agora.xtec.cat\/escolaelsquatrevents\/wp-json\/wp\/v2\/tags?post=9993"}],"curies":[{"name":"wp","href":"https:\/\/api.w.org\/{rel}","templated":true}]}}