{"id":9881,"date":"2025-01-08T18:47:10","date_gmt":"2025-01-08T17:47:10","guid":{"rendered":"https:\/\/agora.xtec.cat\/escolaelsquatrevents\/?p=9881"},"modified":"2025-01-08T18:47:10","modified_gmt":"2025-01-08T17:47:10","slug":"concert-de-nadal-i-tions","status":"publish","type":"post","link":"https:\/\/agora.xtec.cat\/escolaelsquatrevents\/general\/concert-de-nadal-i-tions\/","title":{"rendered":"Concert de Nadal i tions"},"content":{"rendered":"<p data-pm-slice=\"1 1 []\">Bon dia fam\u00edlies,<\/p>\n<p>A l&#8217;escola ja s&#8217;ha acostat el final del primer trimestre i amb aix\u00f2 els vostres fills\/es s&#8217;han estat preparant de valent per meravellar-vos en el concert de Nadal celebrat a Can Palots. Han sigut molts dies d&#8217;assaigs, nervis, emocions, per\u00f2 que tot al final ha contribu\u00eft en un dia per gaudir tots junts en aquestes dates que tot just comencen.\u00a0 Hem enregistrat i fet fotos dels dos concerts i els podreu trobar tot fent clic a cadascuna de les fotografies.<\/p>\n<p><a href=\"https:\/\/drive.google.com\/drive\/folders\/1YnMgUHaeFrKIlhbcMf6vfXTTN_1HkNo2?usp=sharing\"><img loading=\"lazy\" decoding=\"async\" class=\"alignnone wp-image-9965 size-medium\" src=\"https:\/\/agora.xtec.cat\/escolaelsquatrevents\/wp-content\/uploads\/usu584\/2024\/12\/IMG_20241219_103404-1-300x135.jpg\" alt=\"\" width=\"300\" height=\"135\" srcset=\"https:\/\/agora.xtec.cat\/escolaelsquatrevents\/wp-content\/uploads\/usu584\/2024\/12\/IMG_20241219_103404-1-300x135.jpg 300w, https:\/\/agora.xtec.cat\/escolaelsquatrevents\/wp-content\/uploads\/usu584\/2024\/12\/IMG_20241219_103404-1-768x346.jpg 768w, https:\/\/agora.xtec.cat\/escolaelsquatrevents\/wp-content\/uploads\/usu584\/2024\/12\/IMG_20241219_103404-1.jpg 1024w\" sizes=\"auto, (max-width: 300px) 100vw, 300px\" \/><\/a><\/p>\n<p><a href=\"https:\/\/drive.google.com\/drive\/folders\/1CYzbwfRYNIz4aK9Z2CxqDLGB7cTxqbgw?usp=sharing\"><img loading=\"lazy\" decoding=\"async\" class=\"alignnone wp-image-9966 size-medium\" src=\"https:\/\/agora.xtec.cat\/escolaelsquatrevents\/wp-content\/uploads\/usu584\/2024\/12\/20241219_115047-1-225x300.jpg\" alt=\"\" width=\"225\" height=\"300\" srcset=\"https:\/\/agora.xtec.cat\/escolaelsquatrevents\/wp-content\/uploads\/usu584\/2024\/12\/20241219_115047-1-225x300.jpg 225w, https:\/\/agora.xtec.cat\/escolaelsquatrevents\/wp-content\/uploads\/usu584\/2024\/12\/20241219_115047-1-768x1024.jpg 768w, https:\/\/agora.xtec.cat\/escolaelsquatrevents\/wp-content\/uploads\/usu584\/2024\/12\/20241219_115047-1.jpg 1024w\" sizes=\"auto, (max-width: 225px) 100vw, 225px\" \/><\/a><\/p>\n<p>Preguem que tingueu paci\u00e8ncia que ben aviat tindreu tamb\u00e9 pujats els v\u00eddeos del concert, estem treballant en l&#8217;edici\u00f3 dels drets d&#8217;imatge per respectar aquells infants que no poden sortir als v\u00eddeos.<\/p>\n<p>D&#8217;altra banda, en aquest \u00faltim dia del primer trimestre, els tions que van trobar fa uns dies ja estaven for\u00e7a plens gr\u00e0cies a l&#8217;ajuda de tots els infants de l&#8217;escola. Aix\u00f2 ha fet que aquest mat\u00ed els diferents nens i nenes ajudessin els tions a poder cagar entre riures i can\u00e7ons. Tamb\u00e9 podreu veure tot el reportatge que hem fet durant el dia fent clic a la fotografia que tenim tot just a baix.<\/p>\n<p><a href=\"https:\/\/drive.google.com\/drive\/folders\/1QDPMor5-60L68L6fpXUn9a1414mI4BXw?usp=sharing\"><img loading=\"lazy\" decoding=\"async\" class=\"alignnone size-medium wp-image-9964\" src=\"https:\/\/agora.xtec.cat\/escolaelsquatrevents\/wp-content\/uploads\/usu584\/2024\/12\/IMG-20241220-WA0022-300x226.jpg\" alt=\"\" width=\"300\" height=\"226\" srcset=\"https:\/\/agora.xtec.cat\/escolaelsquatrevents\/wp-content\/uploads\/usu584\/2024\/12\/IMG-20241220-WA0022-300x226.jpg 300w, https:\/\/agora.xtec.cat\/escolaelsquatrevents\/wp-content\/uploads\/usu584\/2024\/12\/IMG-20241220-WA0022-1024x771.jpg 1024w, https:\/\/agora.xtec.cat\/escolaelsquatrevents\/wp-content\/uploads\/usu584\/2024\/12\/IMG-20241220-WA0022-768x578.jpg 768w, https:\/\/agora.xtec.cat\/escolaelsquatrevents\/wp-content\/uploads\/usu584\/2024\/12\/IMG-20241220-WA0022-1536x1157.jpg 1536w, https:\/\/agora.xtec.cat\/escolaelsquatrevents\/wp-content\/uploads\/usu584\/2024\/12\/IMG-20241220-WA0022-200x150.jpg 200w, https:\/\/agora.xtec.cat\/escolaelsquatrevents\/wp-content\/uploads\/usu584\/2024\/12\/IMG-20241220-WA0022.jpg 2040w\" sizes=\"auto, (max-width: 300px) 100vw, 300px\" \/><\/a><\/p>\n","protected":false},"excerpt":{"rendered":"<p>Bon dia fam\u00edlies, A l&#8217;escola ja s&#8217;ha acostat el final del primer trimestre i amb aix\u00f2 els vostres fills\/es s&#8217;han estat preparant de valent per meravellar-vos en el concert de Nadal celebrat a Can Palots. Han sigut molts dies d&#8217;assaigs, nervis, emocions, per\u00f2 que tot al final ha contribu\u00eft en un dia per gaudir tots [&hellip;]<\/p>\n","protected":false},"author":1,"featured_media":9965,"comment_status":"closed","ping_status":"closed","sticky":false,"template":"","format":"standard","meta":{"_bbp_topic_count":0,"_bbp_reply_count":0,"_bbp_total_topic_count":0,"_bbp_total_reply_count":0,"_bbp_voice_count":0,"_bbp_anonymous_reply_count":0,"_bbp_topic_count_hidden":0,"_bbp_reply_count_hidden":0,"_bbp_forum_subforum_count":0,"site-sidebar-layout":"default","site-content-layout":"","ast-site-content-layout":"","site-content-style":"default","site-sidebar-style":"default","ast-global-header-display":"","ast-banner-title-visibility":"","ast-main-header-display":"","ast-hfb-above-header-display":"","ast-hfb-below-header-display":"","ast-hfb-mobile-header-display":"","site-post-title":"","ast-breadcrumbs-content":"","ast-featured-img":"","footer-sml-layout":"","theme-transparent-header-meta":"","adv-header-id-meta":"","stick-header-meta":"","header-above-stick-meta":"","header-main-stick-meta":"","header-below-stick-meta":"","astra-migrate-meta-layouts":"default","ast-page-background-enabled":"default","ast-page-background-meta":{"desktop":{"background-color":"var(--ast-global-color-4)","background-image":"","background-repeat":"repeat","background-position":"center center","background-size":"auto","background-attachment":"scroll","background-type":"","background-media":"","overlay-type":"","overlay-color":"","overlay-opacity":"","overlay-gradient":""},"tablet":{"background-color":"","background-image":"","background-repeat":"repeat","background-position":"center center","background-size":"auto","background-attachment":"scroll","background-type":"","background-media":"","overlay-type":"","overlay-color":"","overlay-opacity":"","overlay-gradient":""},"mobile":{"background-color":"","background-image":"","background-repeat":"repeat","background-position":"center center","background-size":"auto","background-attachment":"scroll","background-type":"","background-media":"","overlay-type":"","overlay-color":"","overlay-opacity":"","overlay-gradient":""}},"ast-content-background-meta":{"desktop":{"background-color":"var(--ast-global-color-5)","background-image":"","background-repeat":"repeat","background-position":"center center","background-size":"auto","background-attachment":"scroll","background-type":"","background-media":"","overlay-type":"","overlay-color":"","overlay-opacity":"","overlay-gradient":""},"tablet":{"background-color":"var(--ast-global-color-5)","background-image":"","background-repeat":"repeat","background-position":"center center","background-size":"auto","background-attachment":"scroll","background-type":"","background-media":"","overlay-type":"","overlay-color":"","overlay-opacity":"","overlay-gradient":""},"mobile":{"background-color":"var(--ast-global-color-5)","background-image":"","background-repeat":"repeat","background-position":"center center","background-size":"auto","background-attachment":"scroll","background-type":"","background-media":"","overlay-type":"","overlay-color":"","overlay-opacity":"","overlay-gradient":""}},"footnotes":""},"categories":[8,3,22,1,4],"tags":[469,292,366,66,293,68,468],"class_list":["post-9881","post","type-post","status-publish","format-standard","has-post-thumbnail","hentry","category-grans","category-mitjans","category-petits","category-general","category-portada","tag-christmas","tag-concert","tag-hivern","tag-nadal","tag-nadales","tag-tio","tag-xmas"],"post_mailing_queue_ids":[],"_links":{"self":[{"href":"https:\/\/agora.xtec.cat\/escolaelsquatrevents\/wp-json\/wp\/v2\/posts\/9881","targetHints":{"allow":["GET"]}}],"collection":[{"href":"https:\/\/agora.xtec.cat\/escolaelsquatrevents\/wp-json\/wp\/v2\/posts"}],"about":[{"href":"https:\/\/agora.xtec.cat\/escolaelsquatrevents\/wp-json\/wp\/v2\/types\/post"}],"author":[{"embeddable":true,"href":"https:\/\/agora.xtec.cat\/escolaelsquatrevents\/wp-json\/wp\/v2\/users\/1"}],"replies":[{"embeddable":true,"href":"https:\/\/agora.xtec.cat\/escolaelsquatrevents\/wp-json\/wp\/v2\/comments?post=9881"}],"version-history":[{"count":5,"href":"https:\/\/agora.xtec.cat\/escolaelsquatrevents\/wp-json\/wp\/v2\/posts\/9881\/revisions"}],"predecessor-version":[{"id":9970,"href":"https:\/\/agora.xtec.cat\/escolaelsquatrevents\/wp-json\/wp\/v2\/posts\/9881\/revisions\/9970"}],"wp:featuredmedia":[{"embeddable":true,"href":"https:\/\/agora.xtec.cat\/escolaelsquatrevents\/wp-json\/wp\/v2\/media\/9965"}],"wp:attachment":[{"href":"https:\/\/agora.xtec.cat\/escolaelsquatrevents\/wp-json\/wp\/v2\/media?parent=9881"}],"wp:term":[{"taxonomy":"category","embeddable":true,"href":"https:\/\/agora.xtec.cat\/escolaelsquatrevents\/wp-json\/wp\/v2\/categories?post=9881"},{"taxonomy":"post_tag","embeddable":true,"href":"https:\/\/agora.xtec.cat\/escolaelsquatrevents\/wp-json\/wp\/v2\/tags?post=9881"}],"curies":[{"name":"wp","href":"https:\/\/api.w.org\/{rel}","templated":true}]}}