{"id":9735,"date":"2024-09-13T18:43:33","date_gmt":"2024-09-13T16:43:33","guid":{"rendered":"https:\/\/agora.xtec.cat\/escolaelsquatrevents\/?p=9735"},"modified":"2024-09-13T18:43:33","modified_gmt":"2024-09-13T16:43:33","slug":"mobilitat-a-kussnacht-suissa-2","status":"publish","type":"post","link":"https:\/\/agora.xtec.cat\/escolaelsquatrevents\/general\/mobilitat-a-kussnacht-suissa-2\/","title":{"rendered":"Mobilitat a K\u00fcssnacht (Su\u00efssa)"},"content":{"rendered":"<p><span style=\"font-weight: 400;\">El dimecres vam visitar l\u2019escola d\u2019Educaci\u00f3 Infantil i Prim\u00e0ria Immensee, que no es <\/span><span style=\"font-weight: 400;\">troba al centre de K\u00fcssnacht. En Samuelle, el seu director, ens va rebre i ens va donar la <\/span><span style=\"font-weight: 400;\">llibertat de moure\u2019ns per l\u2019escola al nostre aire. <\/span><span style=\"font-weight: 400;\">Vam poder observar l\u2019acollida i l\u2019inici de les sessions d\u2019un grup d\u2019Educaci\u00f3 Infantil, I4; una <\/span><span style=\"font-weight: 400;\">difer\u00e8ncia a destacar \u00e9s que els grups d\u2019infantil no fan la jornada sencera cada dia, cosa que permet una millor atenci\u00f3 a la diversitat ja que els grups gaireb\u00e9 sempre s\u00f3n redu\u00efts. Una <\/span><span style=\"font-weight: 400;\">particularitat d\u2019aquesta escola \u00e9s que tenen un dels grups de cicle inicial amb alumnes dels dos nivells (primer i segon) barrejats. Aprofitant la nostra estada, la Jessica tutora de tercer, ens va convidar a la seva aula a fer una sessi\u00f3 de llengua anglesa on vam<\/span><span style=\"font-weight: 400;\"> poder interactuar amb els infants.<img loading=\"lazy\" decoding=\"async\" class=\"wp-image-9738 alignright\" src=\"https:\/\/agora.xtec.cat\/escolaelsquatrevents\/wp-content\/uploads\/usu584\/2024\/09\/5-scaled.jpg\" alt=\"\" width=\"282\" height=\"211\" srcset=\"https:\/\/agora.xtec.cat\/escolaelsquatrevents\/wp-content\/uploads\/usu584\/2024\/09\/5-scaled.jpg 2560w, https:\/\/agora.xtec.cat\/escolaelsquatrevents\/wp-content\/uploads\/usu584\/2024\/09\/5-300x225.jpg 300w, https:\/\/agora.xtec.cat\/escolaelsquatrevents\/wp-content\/uploads\/usu584\/2024\/09\/5-1024x768.jpg 1024w, https:\/\/agora.xtec.cat\/escolaelsquatrevents\/wp-content\/uploads\/usu584\/2024\/09\/5-768x576.jpg 768w, https:\/\/agora.xtec.cat\/escolaelsquatrevents\/wp-content\/uploads\/usu584\/2024\/09\/5-1536x1152.jpg 1536w, https:\/\/agora.xtec.cat\/escolaelsquatrevents\/wp-content\/uploads\/usu584\/2024\/09\/5-2048x1536.jpg 2048w, https:\/\/agora.xtec.cat\/escolaelsquatrevents\/wp-content\/uploads\/usu584\/2024\/09\/5-200x150.jpg 200w\" sizes=\"auto, (max-width: 282px) 100vw, 282px\" \/><img loading=\"lazy\" decoding=\"async\" class=\"wp-image-9737 alignleft\" src=\"https:\/\/agora.xtec.cat\/escolaelsquatrevents\/wp-content\/uploads\/usu584\/2024\/09\/9.jpg\" alt=\"\" width=\"284\" height=\"213\" srcset=\"https:\/\/agora.xtec.cat\/escolaelsquatrevents\/wp-content\/uploads\/usu584\/2024\/09\/9.jpg 2080w, https:\/\/agora.xtec.cat\/escolaelsquatrevents\/wp-content\/uploads\/usu584\/2024\/09\/9-300x225.jpg 300w, https:\/\/agora.xtec.cat\/escolaelsquatrevents\/wp-content\/uploads\/usu584\/2024\/09\/9-1024x768.jpg 1024w, https:\/\/agora.xtec.cat\/escolaelsquatrevents\/wp-content\/uploads\/usu584\/2024\/09\/9-768x576.jpg 768w, https:\/\/agora.xtec.cat\/escolaelsquatrevents\/wp-content\/uploads\/usu584\/2024\/09\/9-1536x1152.jpg 1536w, https:\/\/agora.xtec.cat\/escolaelsquatrevents\/wp-content\/uploads\/usu584\/2024\/09\/9-2048x1536.jpg 2048w, https:\/\/agora.xtec.cat\/escolaelsquatrevents\/wp-content\/uploads\/usu584\/2024\/09\/9-200x150.jpg 200w\" sizes=\"auto, (max-width: 284px) 100vw, 284px\" \/><\/span><\/p>\n<p>&nbsp;<\/p>\n<p>&nbsp;<\/p>\n<p>&nbsp;<\/p>\n<p>&nbsp;<\/p>\n<p>&nbsp;<\/p>\n<p>&nbsp;<\/p>\n<p><span style=\"font-weight: 400;\"><img loading=\"lazy\" decoding=\"async\" class=\"wp-image-9744 alignleft\" src=\"https:\/\/agora.xtec.cat\/escolaelsquatrevents\/wp-content\/uploads\/usu584\/2024\/09\/8.1-scaled.jpg\" alt=\"\" width=\"347\" height=\"260\" srcset=\"https:\/\/agora.xtec.cat\/escolaelsquatrevents\/wp-content\/uploads\/usu584\/2024\/09\/8.1-scaled.jpg 2560w, https:\/\/agora.xtec.cat\/escolaelsquatrevents\/wp-content\/uploads\/usu584\/2024\/09\/8.1-300x225.jpg 300w, https:\/\/agora.xtec.cat\/escolaelsquatrevents\/wp-content\/uploads\/usu584\/2024\/09\/8.1-1024x768.jpg 1024w, https:\/\/agora.xtec.cat\/escolaelsquatrevents\/wp-content\/uploads\/usu584\/2024\/09\/8.1-768x576.jpg 768w, https:\/\/agora.xtec.cat\/escolaelsquatrevents\/wp-content\/uploads\/usu584\/2024\/09\/8.1-1536x1152.jpg 1536w, https:\/\/agora.xtec.cat\/escolaelsquatrevents\/wp-content\/uploads\/usu584\/2024\/09\/8.1-2048x1536.jpg 2048w, https:\/\/agora.xtec.cat\/escolaelsquatrevents\/wp-content\/uploads\/usu584\/2024\/09\/8.1-200x150.jpg 200w\" sizes=\"auto, (max-width: 347px) 100vw, 347px\" \/>Dijous, v\u00e0rem tenir l\u2019oportunitat de visitar la Naturkindergarten que es troba a Merlischachen. Despr\u00e9s d\u2019un caminet envoltats de prats verds, apareix un bosc on hi ha constru\u00efda una yurta i unes quantes estructures molt minimalistes on ens van rebut dues mestres i un grupet de nens i nenes de 4 i 5 anys que estan cursant els dos anys d\u2019educaci\u00f3 infantil all\u00e0. Hi tenen diverses coses per fer: des d\u2019un sorral i un slack-line fins a una cuina de llenya que els serveix per fer el dinar. S\u00f3n els i les alumnes de cinc anys qui ajuda a preparar aquest dinar.<img loading=\"lazy\" decoding=\"async\" class=\"aligncenter  wp-image-9739\" src=\"https:\/\/agora.xtec.cat\/escolaelsquatrevents\/wp-content\/uploads\/usu584\/2024\/09\/6-scaled.jpg\" alt=\"\" width=\"366\" height=\"274\" srcset=\"https:\/\/agora.xtec.cat\/escolaelsquatrevents\/wp-content\/uploads\/usu584\/2024\/09\/6-scaled.jpg 2560w, https:\/\/agora.xtec.cat\/escolaelsquatrevents\/wp-content\/uploads\/usu584\/2024\/09\/6-300x225.jpg 300w, https:\/\/agora.xtec.cat\/escolaelsquatrevents\/wp-content\/uploads\/usu584\/2024\/09\/6-1024x768.jpg 1024w, https:\/\/agora.xtec.cat\/escolaelsquatrevents\/wp-content\/uploads\/usu584\/2024\/09\/6-768x576.jpg 768w, https:\/\/agora.xtec.cat\/escolaelsquatrevents\/wp-content\/uploads\/usu584\/2024\/09\/6-1536x1152.jpg 1536w, https:\/\/agora.xtec.cat\/escolaelsquatrevents\/wp-content\/uploads\/usu584\/2024\/09\/6-2048x1536.jpg 2048w, https:\/\/agora.xtec.cat\/escolaelsquatrevents\/wp-content\/uploads\/usu584\/2024\/09\/6-200x150.jpg 200w\" sizes=\"auto, (max-width: 366px) 100vw, 366px\" \/> <\/span><\/p>\n<p>&nbsp;<\/p>\n<p><span style=\"font-weight: 400;\">A la tarda v\u00e0rem anar a l\u2019escola Dorfhalde, que \u00e9s la que t\u00e9 l\u2019edifici escolar m\u00e9s antic de K\u00fcssnacht. All\u00e0 v\u00e0rem pogut veure diverses classes que, com nosaltres aquests primers dies, estaven preparant decoraci\u00f3 per les portes. Ens ha encantat veure com les nenes i nens de cinqu\u00e8 comen\u00e7aven el seu projecte de costura, que segurament s\u2019allargar\u00e0 durant tot el curs.<img loading=\"lazy\" decoding=\"async\" class=\"wp-image-9743 alignright\" src=\"https:\/\/agora.xtec.cat\/escolaelsquatrevents\/wp-content\/uploads\/usu584\/2024\/09\/7.1-scaled.jpg\" alt=\"\" width=\"196\" height=\"261\" srcset=\"https:\/\/agora.xtec.cat\/escolaelsquatrevents\/wp-content\/uploads\/usu584\/2024\/09\/7.1-scaled.jpg 1920w, https:\/\/agora.xtec.cat\/escolaelsquatrevents\/wp-content\/uploads\/usu584\/2024\/09\/7.1-225x300.jpg 225w, https:\/\/agora.xtec.cat\/escolaelsquatrevents\/wp-content\/uploads\/usu584\/2024\/09\/7.1-768x1024.jpg 768w, https:\/\/agora.xtec.cat\/escolaelsquatrevents\/wp-content\/uploads\/usu584\/2024\/09\/7.1-1152x1536.jpg 1152w, https:\/\/agora.xtec.cat\/escolaelsquatrevents\/wp-content\/uploads\/usu584\/2024\/09\/7.1-1536x2048.jpg 1536w\" sizes=\"auto, (max-width: 196px) 100vw, 196px\" \/> <\/span><\/p>\n<p>&nbsp;<\/p>\n<p>&nbsp;<\/p>\n<p><img loading=\"lazy\" decoding=\"async\" class=\" wp-image-9741 alignleft\" src=\"https:\/\/agora.xtec.cat\/escolaelsquatrevents\/wp-content\/uploads\/usu584\/2024\/09\/4-scaled.jpg\" alt=\"\" width=\"273\" height=\"205\" srcset=\"https:\/\/agora.xtec.cat\/escolaelsquatrevents\/wp-content\/uploads\/usu584\/2024\/09\/4-scaled.jpg 2560w, https:\/\/agora.xtec.cat\/escolaelsquatrevents\/wp-content\/uploads\/usu584\/2024\/09\/4-300x225.jpg 300w, https:\/\/agora.xtec.cat\/escolaelsquatrevents\/wp-content\/uploads\/usu584\/2024\/09\/4-1024x768.jpg 1024w, https:\/\/agora.xtec.cat\/escolaelsquatrevents\/wp-content\/uploads\/usu584\/2024\/09\/4-768x576.jpg 768w, https:\/\/agora.xtec.cat\/escolaelsquatrevents\/wp-content\/uploads\/usu584\/2024\/09\/4-1536x1152.jpg 1536w, https:\/\/agora.xtec.cat\/escolaelsquatrevents\/wp-content\/uploads\/usu584\/2024\/09\/4-2048x1536.jpg 2048w, https:\/\/agora.xtec.cat\/escolaelsquatrevents\/wp-content\/uploads\/usu584\/2024\/09\/4-200x150.jpg 200w\" sizes=\"auto, (max-width: 273px) 100vw, 273px\" \/><\/p>\n<p><span style=\"font-weight: 400;\">L\u2019\u00faltim dia de la mobilitat a Su\u00efssa hem visitat l\u2019escola m\u00e9s petita de la zona, que es diu Merlischachen. Es tracta d\u2019un centre que no t\u00e9 prou alumnat per tenir una aula de cada nivell, \u00e9s per aquest motiu que fan els grups internivells, tot barrejant els infants de 1r amb els de 2n, els de 3r amb els de 4rt i els de 5\u00e8 amb els de 6\u00e8 de prim\u00e0ria, potenciant d\u2019aquesta manera l\u2019aprenentatge entre iguals. Les r\u00e0tios reduides de les aules, uns 12 o 13 alumnes per classe, permeten una atenci\u00f3 molt individualitzada per part del professorat.<img loading=\"lazy\" decoding=\"async\" class=\" wp-image-9740 alignleft\" src=\"https:\/\/agora.xtec.cat\/escolaelsquatrevents\/wp-content\/uploads\/usu584\/2024\/09\/3-scaled.jpg\" alt=\"\" width=\"356\" height=\"267\" srcset=\"https:\/\/agora.xtec.cat\/escolaelsquatrevents\/wp-content\/uploads\/usu584\/2024\/09\/3-scaled.jpg 2560w, https:\/\/agora.xtec.cat\/escolaelsquatrevents\/wp-content\/uploads\/usu584\/2024\/09\/3-300x225.jpg 300w, https:\/\/agora.xtec.cat\/escolaelsquatrevents\/wp-content\/uploads\/usu584\/2024\/09\/3-1024x768.jpg 1024w, https:\/\/agora.xtec.cat\/escolaelsquatrevents\/wp-content\/uploads\/usu584\/2024\/09\/3-768x576.jpg 768w, https:\/\/agora.xtec.cat\/escolaelsquatrevents\/wp-content\/uploads\/usu584\/2024\/09\/3-1536x1152.jpg 1536w, https:\/\/agora.xtec.cat\/escolaelsquatrevents\/wp-content\/uploads\/usu584\/2024\/09\/3-2048x1536.jpg 2048w, https:\/\/agora.xtec.cat\/escolaelsquatrevents\/wp-content\/uploads\/usu584\/2024\/09\/3-200x150.jpg 200w\" sizes=\"auto, (max-width: 356px) 100vw, 356px\" \/><\/span><\/p>\n<p><span style=\"font-weight: 400;\">En tots els centres educatius es percep una gran tranquil.litat dins l\u2019escola, facilitat no nom\u00e9s per l\u2019actitud de l\u2019alumnat sin\u00f3 que es potencia amb les cadires que no fan soroll quan es mouen i amb infants que van amb sabatilles dins del centre.<\/span><\/p>\n<p><span style=\"font-weight: 400;\">Volem destacar la import\u00e0ncia que donen en tota l\u2019etapa educativa d\u2019infantil i prim\u00e0ria a la consci\u00e8ncia fonol\u00f2gica i a prim\u00e0ria, especialment, tot incorporant el tra\u00e7 de lletres i nombres.<\/span><\/p>\n<p><span style=\"font-weight: 400;\">Per continuar compartint experi\u00e8ncies entre les nostres escoles i les de K\u00fcssnacht, aviat tindrem la visita de dues mestres suisses.<\/span><\/p>\n<p><span style=\"font-weight: 400;\">Molt contentes d\u2019haver pogut viure aquesta experi\u00e8ncia i tenim ganes de compartir totes les idees que hem agafat!<\/span><\/p>\n","protected":false},"excerpt":{"rendered":"<p>El dimecres vam visitar l\u2019escola d\u2019Educaci\u00f3 Infantil i Prim\u00e0ria Immensee, que no es troba al centre de K\u00fcssnacht. En Samuelle, el seu director, ens va rebre i ens va donar la llibertat de moure\u2019ns per l\u2019escola al nostre aire. Vam poder observar l\u2019acollida i l\u2019inici de les sessions d\u2019un grup d\u2019Educaci\u00f3 Infantil, I4; una difer\u00e8ncia [&hellip;]<\/p>\n","protected":false},"author":3,"featured_media":9736,"comment_status":"closed","ping_status":"closed","sticky":false,"template":"","format":"standard","meta":{"_bbp_topic_count":0,"_bbp_reply_count":0,"_bbp_total_topic_count":0,"_bbp_total_reply_count":0,"_bbp_voice_count":0,"_bbp_anonymous_reply_count":0,"_bbp_topic_count_hidden":0,"_bbp_reply_count_hidden":0,"_bbp_forum_subforum_count":0,"site-sidebar-layout":"default","site-content-layout":"","ast-site-content-layout":"","site-content-style":"default","site-sidebar-style":"default","ast-global-header-display":"","ast-banner-title-visibility":"","ast-main-header-display":"","ast-hfb-above-header-display":"","ast-hfb-below-header-display":"","ast-hfb-mobile-header-display":"","site-post-title":"","ast-breadcrumbs-content":"","ast-featured-img":"","footer-sml-layout":"","theme-transparent-header-meta":"","adv-header-id-meta":"","stick-header-meta":"","header-above-stick-meta":"","header-main-stick-meta":"","header-below-stick-meta":"","astra-migrate-meta-layouts":"default","ast-page-background-enabled":"default","ast-page-background-meta":{"desktop":{"background-color":"var(--ast-global-color-4)","background-image":"","background-repeat":"repeat","background-position":"center center","background-size":"auto","background-attachment":"scroll","background-type":"","background-media":"","overlay-type":"","overlay-color":"","overlay-opacity":"","overlay-gradient":""},"tablet":{"background-color":"","background-image":"","background-repeat":"repeat","background-position":"center center","background-size":"auto","background-attachment":"scroll","background-type":"","background-media":"","overlay-type":"","overlay-color":"","overlay-opacity":"","overlay-gradient":""},"mobile":{"background-color":"","background-image":"","background-repeat":"repeat","background-position":"center center","background-size":"auto","background-attachment":"scroll","background-type":"","background-media":"","overlay-type":"","overlay-color":"","overlay-opacity":"","overlay-gradient":""}},"ast-content-background-meta":{"desktop":{"background-color":"var(--ast-global-color-5)","background-image":"","background-repeat":"repeat","background-position":"center center","background-size":"auto","background-attachment":"scroll","background-type":"","background-media":"","overlay-type":"","overlay-color":"","overlay-opacity":"","overlay-gradient":""},"tablet":{"background-color":"var(--ast-global-color-5)","background-image":"","background-repeat":"repeat","background-position":"center center","background-size":"auto","background-attachment":"scroll","background-type":"","background-media":"","overlay-type":"","overlay-color":"","overlay-opacity":"","overlay-gradient":""},"mobile":{"background-color":"var(--ast-global-color-5)","background-image":"","background-repeat":"repeat","background-position":"center center","background-size":"auto","background-attachment":"scroll","background-type":"","background-media":"","overlay-type":"","overlay-color":"","overlay-opacity":"","overlay-gradient":""}},"footnotes":""},"categories":[1,4],"tags":[],"class_list":["post-9735","post","type-post","status-publish","format-standard","has-post-thumbnail","hentry","category-general","category-portada"],"post_mailing_queue_ids":[],"_links":{"self":[{"href":"https:\/\/agora.xtec.cat\/escolaelsquatrevents\/wp-json\/wp\/v2\/posts\/9735","targetHints":{"allow":["GET"]}}],"collection":[{"href":"https:\/\/agora.xtec.cat\/escolaelsquatrevents\/wp-json\/wp\/v2\/posts"}],"about":[{"href":"https:\/\/agora.xtec.cat\/escolaelsquatrevents\/wp-json\/wp\/v2\/types\/post"}],"author":[{"embeddable":true,"href":"https:\/\/agora.xtec.cat\/escolaelsquatrevents\/wp-json\/wp\/v2\/users\/3"}],"replies":[{"embeddable":true,"href":"https:\/\/agora.xtec.cat\/escolaelsquatrevents\/wp-json\/wp\/v2\/comments?post=9735"}],"version-history":[{"count":3,"href":"https:\/\/agora.xtec.cat\/escolaelsquatrevents\/wp-json\/wp\/v2\/posts\/9735\/revisions"}],"predecessor-version":[{"id":9747,"href":"https:\/\/agora.xtec.cat\/escolaelsquatrevents\/wp-json\/wp\/v2\/posts\/9735\/revisions\/9747"}],"wp:featuredmedia":[{"embeddable":true,"href":"https:\/\/agora.xtec.cat\/escolaelsquatrevents\/wp-json\/wp\/v2\/media\/9736"}],"wp:attachment":[{"href":"https:\/\/agora.xtec.cat\/escolaelsquatrevents\/wp-json\/wp\/v2\/media?parent=9735"}],"wp:term":[{"taxonomy":"category","embeddable":true,"href":"https:\/\/agora.xtec.cat\/escolaelsquatrevents\/wp-json\/wp\/v2\/categories?post=9735"},{"taxonomy":"post_tag","embeddable":true,"href":"https:\/\/agora.xtec.cat\/escolaelsquatrevents\/wp-json\/wp\/v2\/tags?post=9735"}],"curies":[{"name":"wp","href":"https:\/\/api.w.org\/{rel}","templated":true}]}}