{"id":9728,"date":"2024-09-10T22:36:58","date_gmt":"2024-09-10T20:36:58","guid":{"rendered":"https:\/\/agora.xtec.cat\/escolaelsquatrevents\/?p=9728"},"modified":"2024-09-10T22:36:58","modified_gmt":"2024-09-10T20:36:58","slug":"mobilitat-a-kussnacht-suissa","status":"publish","type":"post","link":"https:\/\/agora.xtec.cat\/escolaelsquatrevents\/general\/mobilitat-a-kussnacht-suissa\/","title":{"rendered":"Mobilitat a K\u00fcssnacht, Su\u00efssa"},"content":{"rendered":"<p><span style=\"font-weight: 400;\">Ahir l&#8217;Eva Barnils, mestra de l\u2019escola, juntament amb <\/span><span style=\"font-weight: 400;\">la Miriam, de l\u2019escola Salvador Llobet, la Montse, de l\u2019escola Mogent i l\u2019Anna de l\u2019escola La Torreta<\/span><span style=\"font-weight: 400;\">, vam iniciar el job shadowing a K\u00fcssnacht (Su\u00efssa) dins del projecte Movetia. Per comen\u00e7ar, els directors i directores del conjunt d\u2019escoles ens van venir a trobar a primer\u00edssima hora del mat\u00ed i ens van portar a les diferents escoles. La primera difer\u00e8ncia que vam trobar va estar l\u2019horari que, de forma general, \u00e9s de 8 h a 11.30 h i d\u20191.30 h a 4 h i no disposen de servei de menjador.<\/span><\/p>\n<p><img loading=\"lazy\" decoding=\"async\" class=\"aligncenter  wp-image-9729\" src=\"https:\/\/agora.xtec.cat\/escolaelsquatrevents\/wp-content\/uploads\/usu584\/2024\/09\/IMG-20240910-WA0041.jpg\" alt=\"\" width=\"368\" height=\"276\" srcset=\"https:\/\/agora.xtec.cat\/escolaelsquatrevents\/wp-content\/uploads\/usu584\/2024\/09\/IMG-20240910-WA0041.jpg 2048w, https:\/\/agora.xtec.cat\/escolaelsquatrevents\/wp-content\/uploads\/usu584\/2024\/09\/IMG-20240910-WA0041-300x225.jpg 300w, https:\/\/agora.xtec.cat\/escolaelsquatrevents\/wp-content\/uploads\/usu584\/2024\/09\/IMG-20240910-WA0041-1024x768.jpg 1024w, https:\/\/agora.xtec.cat\/escolaelsquatrevents\/wp-content\/uploads\/usu584\/2024\/09\/IMG-20240910-WA0041-768x576.jpg 768w, https:\/\/agora.xtec.cat\/escolaelsquatrevents\/wp-content\/uploads\/usu584\/2024\/09\/IMG-20240910-WA0041-1536x1152.jpg 1536w, https:\/\/agora.xtec.cat\/escolaelsquatrevents\/wp-content\/uploads\/usu584\/2024\/09\/IMG-20240910-WA0041-200x150.jpg 200w\" sizes=\"auto, (max-width: 368px) 100vw, 368px\" \/><\/p>\n<p><span style=\"font-weight: 400;\">Despr\u00e9s, ens van fer una petita explicaci\u00f3 inicial i ens van portar a fer un petit passeig, durant el qual vam aprofitar per visitar un centre de ter\u00e0pia amb diverses especialitats i una escola bressol.<\/span><\/p>\n<p><span style=\"font-weight: 400;\">A la tarda vam visitar les escoles Seematt 1 i 2 i vam veure la part de l\u2019etapa d\u2019infantil i els amplis i lluminosos espais que tenen a les aules. Vam poder veure, tamb\u00e9, els patis oberts i nens i nenes que es desplacen de forma aut\u00f2noma pel poble per anar a l\u2019escola.<\/span><\/p>\n<p><span style=\"font-weight: 400;\">Al vespre ens van convidar, juntament amb les mestres de Finl\u00e0ndia que tamb\u00e9 han vingut de visita, a un aperitiu i a un sopar t\u00edpic su\u00eds amb diverses mestres i la regidora d\u2019educaci\u00f3 de la zona.<\/span><\/p>\n<p><img loading=\"lazy\" decoding=\"async\" class=\"wp-image-9730 alignright\" src=\"https:\/\/agora.xtec.cat\/escolaelsquatrevents\/wp-content\/uploads\/usu584\/2024\/09\/CDIAP-scaled.jpg\" alt=\"\" width=\"230\" height=\"307\" srcset=\"https:\/\/agora.xtec.cat\/escolaelsquatrevents\/wp-content\/uploads\/usu584\/2024\/09\/CDIAP-scaled.jpg 1920w, https:\/\/agora.xtec.cat\/escolaelsquatrevents\/wp-content\/uploads\/usu584\/2024\/09\/CDIAP-225x300.jpg 225w, https:\/\/agora.xtec.cat\/escolaelsquatrevents\/wp-content\/uploads\/usu584\/2024\/09\/CDIAP-768x1024.jpg 768w, https:\/\/agora.xtec.cat\/escolaelsquatrevents\/wp-content\/uploads\/usu584\/2024\/09\/CDIAP-1152x1536.jpg 1152w, https:\/\/agora.xtec.cat\/escolaelsquatrevents\/wp-content\/uploads\/usu584\/2024\/09\/CDIAP-1536x2048.jpg 1536w\" sizes=\"auto, (max-width: 230px) 100vw, 230px\" \/>\u00a0 \u00a0<span style=\"font-weight: 400;\">El dimarts hem tornat a les escoles Seematt 1 i 2 on hem pogut entrar lliurement a totes les aules. Hem pogut veure com els alumnes m\u00e9s grans escullen les tasques a f<\/span><span style=\"font-family: inherit; font-size: 1em;\">er durant la setmana, partint d\u2019una programaci\u00f3 per part dels mestres, de manera aut\u00f2noma i seguint el seu propi itinerari; la qual cosa els ajuda a autoregular-se i a autoavaluar-se.<\/span><\/p>\n<p><img loading=\"lazy\" decoding=\"async\" class=\"wp-image-9733 alignleft\" src=\"https:\/\/agora.xtec.cat\/escolaelsquatrevents\/wp-content\/uploads\/usu584\/2024\/09\/Forja-scaled.jpg\" alt=\"\" width=\"202\" height=\"270\" srcset=\"https:\/\/agora.xtec.cat\/escolaelsquatrevents\/wp-content\/uploads\/usu584\/2024\/09\/Forja-scaled.jpg 1920w, https:\/\/agora.xtec.cat\/escolaelsquatrevents\/wp-content\/uploads\/usu584\/2024\/09\/Forja-225x300.jpg 225w, https:\/\/agora.xtec.cat\/escolaelsquatrevents\/wp-content\/uploads\/usu584\/2024\/09\/Forja-768x1024.jpg 768w, https:\/\/agora.xtec.cat\/escolaelsquatrevents\/wp-content\/uploads\/usu584\/2024\/09\/Forja-1152x1536.jpg 1152w, https:\/\/agora.xtec.cat\/escolaelsquatrevents\/wp-content\/uploads\/usu584\/2024\/09\/Forja-1536x2048.jpg 1536w\" sizes=\"auto, (max-width: 202px) 100vw, 202px\" \/><\/p>\n<p><span style=\"font-weight: 400;\">A la tarda hem estat a l\u2019escola de secund\u00e0ria Ebnet, de la qual volem destacar les \u00e0rees de caire pr\u00e0ctic, alguna d\u2019elles obligat\u00f2ries com costura i cuina; i d\u2019altres optatives com fusteria, enginyeria i de metall. Aquestes \u00e0rees tenen el seu inici en l\u2019educaci\u00f3 prim\u00e0ria.<\/span><\/p>\n","protected":false},"excerpt":{"rendered":"<p>Ahir l&#8217;Eva Barnils, mestra de l\u2019escola, juntament amb la Miriam, de l\u2019escola Salvador Llobet, la Montse, de l\u2019escola Mogent i l\u2019Anna de l\u2019escola La Torreta, vam iniciar el job shadowing a K\u00fcssnacht (Su\u00efssa) dins del projecte Movetia. Per comen\u00e7ar, els directors i directores del conjunt d\u2019escoles ens van venir a trobar a primer\u00edssima hora del [&hellip;]<\/p>\n","protected":false},"author":3,"featured_media":9731,"comment_status":"closed","ping_status":"closed","sticky":false,"template":"","format":"standard","meta":{"_bbp_topic_count":0,"_bbp_reply_count":0,"_bbp_total_topic_count":0,"_bbp_total_reply_count":0,"_bbp_voice_count":0,"_bbp_anonymous_reply_count":0,"_bbp_topic_count_hidden":0,"_bbp_reply_count_hidden":0,"_bbp_forum_subforum_count":0,"site-sidebar-layout":"default","site-content-layout":"","ast-site-content-layout":"","site-content-style":"default","site-sidebar-style":"default","ast-global-header-display":"","ast-banner-title-visibility":"","ast-main-header-display":"","ast-hfb-above-header-display":"","ast-hfb-below-header-display":"","ast-hfb-mobile-header-display":"","site-post-title":"","ast-breadcrumbs-content":"","ast-featured-img":"","footer-sml-layout":"","theme-transparent-header-meta":"","adv-header-id-meta":"","stick-header-meta":"","header-above-stick-meta":"","header-main-stick-meta":"","header-below-stick-meta":"","astra-migrate-meta-layouts":"default","ast-page-background-enabled":"default","ast-page-background-meta":{"desktop":{"background-color":"var(--ast-global-color-4)","background-image":"","background-repeat":"repeat","background-position":"center center","background-size":"auto","background-attachment":"scroll","background-type":"","background-media":"","overlay-type":"","overlay-color":"","overlay-opacity":"","overlay-gradient":""},"tablet":{"background-color":"","background-image":"","background-repeat":"repeat","background-position":"center center","background-size":"auto","background-attachment":"scroll","background-type":"","background-media":"","overlay-type":"","overlay-color":"","overlay-opacity":"","overlay-gradient":""},"mobile":{"background-color":"","background-image":"","background-repeat":"repeat","background-position":"center center","background-size":"auto","background-attachment":"scroll","background-type":"","background-media":"","overlay-type":"","overlay-color":"","overlay-opacity":"","overlay-gradient":""}},"ast-content-background-meta":{"desktop":{"background-color":"var(--ast-global-color-5)","background-image":"","background-repeat":"repeat","background-position":"center center","background-size":"auto","background-attachment":"scroll","background-type":"","background-media":"","overlay-type":"","overlay-color":"","overlay-opacity":"","overlay-gradient":""},"tablet":{"background-color":"var(--ast-global-color-5)","background-image":"","background-repeat":"repeat","background-position":"center center","background-size":"auto","background-attachment":"scroll","background-type":"","background-media":"","overlay-type":"","overlay-color":"","overlay-opacity":"","overlay-gradient":""},"mobile":{"background-color":"var(--ast-global-color-5)","background-image":"","background-repeat":"repeat","background-position":"center center","background-size":"auto","background-attachment":"scroll","background-type":"","background-media":"","overlay-type":"","overlay-color":"","overlay-opacity":"","overlay-gradient":""}},"footnotes":""},"categories":[1,4],"tags":[],"class_list":["post-9728","post","type-post","status-publish","format-standard","has-post-thumbnail","hentry","category-general","category-portada"],"post_mailing_queue_ids":[],"_links":{"self":[{"href":"https:\/\/agora.xtec.cat\/escolaelsquatrevents\/wp-json\/wp\/v2\/posts\/9728","targetHints":{"allow":["GET"]}}],"collection":[{"href":"https:\/\/agora.xtec.cat\/escolaelsquatrevents\/wp-json\/wp\/v2\/posts"}],"about":[{"href":"https:\/\/agora.xtec.cat\/escolaelsquatrevents\/wp-json\/wp\/v2\/types\/post"}],"author":[{"embeddable":true,"href":"https:\/\/agora.xtec.cat\/escolaelsquatrevents\/wp-json\/wp\/v2\/users\/3"}],"replies":[{"embeddable":true,"href":"https:\/\/agora.xtec.cat\/escolaelsquatrevents\/wp-json\/wp\/v2\/comments?post=9728"}],"version-history":[{"count":1,"href":"https:\/\/agora.xtec.cat\/escolaelsquatrevents\/wp-json\/wp\/v2\/posts\/9728\/revisions"}],"predecessor-version":[{"id":9734,"href":"https:\/\/agora.xtec.cat\/escolaelsquatrevents\/wp-json\/wp\/v2\/posts\/9728\/revisions\/9734"}],"wp:featuredmedia":[{"embeddable":true,"href":"https:\/\/agora.xtec.cat\/escolaelsquatrevents\/wp-json\/wp\/v2\/media\/9731"}],"wp:attachment":[{"href":"https:\/\/agora.xtec.cat\/escolaelsquatrevents\/wp-json\/wp\/v2\/media?parent=9728"}],"wp:term":[{"taxonomy":"category","embeddable":true,"href":"https:\/\/agora.xtec.cat\/escolaelsquatrevents\/wp-json\/wp\/v2\/categories?post=9728"},{"taxonomy":"post_tag","embeddable":true,"href":"https:\/\/agora.xtec.cat\/escolaelsquatrevents\/wp-json\/wp\/v2\/tags?post=9728"}],"curies":[{"name":"wp","href":"https:\/\/api.w.org\/{rel}","templated":true}]}}