{"id":9562,"date":"2024-05-27T11:09:48","date_gmt":"2024-05-27T09:09:48","guid":{"rendered":"https:\/\/agora.xtec.cat\/escolaelsquatrevents\/?p=9562"},"modified":"2024-05-27T11:09:48","modified_gmt":"2024-05-27T09:09:48","slug":"trimestre-matematic","status":"publish","type":"post","link":"https:\/\/agora.xtec.cat\/escolaelsquatrevents\/mitjans\/trimestre-matematic\/","title":{"rendered":"Trimestre matem\u00e0tic!"},"content":{"rendered":"<p>Aquest \u00e9s l&#8217;\u00faltim trimestre del curs i aix\u00f2 comporta molta feina i molts aprenentatges!<\/p>\n<p>Com sempre us volem seguir mostrant la tasca que des de l&#8217;\u00e0rea de matem\u00e0tiques fem amb l&#8217;alumnat del nostre centre, des dels m\u00e9s petits fins a la comunitat de grans.<\/p>\n<p>Ja estem consolidant els aprenentatges fets al llarg del curs i a trav\u00e9s de racons i propostes matem\u00e0tiques on seguim introduint nous continguts. Les figures geom\u00e8triques i el volum ens encanten a la comunitat de petits i juguem a fer formes per tal de representar els cossos geom\u00e8trics de diferents maneres. Tot s&#8217;hi val quan utilitzem la nostra imaginaci\u00f3!!<\/p>\n<p>La consolidaci\u00f3 de les operacions matem\u00e0tiques es treballen de valent des de la comunitat de mitjans i, a banda, hem fet molta feina treballant les diferents mesures com el temps, euros i les capacitats en diferents recipients. Ens estem convertint en uns experts alhora de veure les dimensions del nostre entorn.<\/p>\n<p style=\"text-align: left;\">La comunitat de grans va molt atrafegada i els de 6\u00e8 estan dels nervis amb la fi del curs, tot i aix\u00ed, estan aprenent moltes coses sobre els percentatges, les fraccions i els decimals, una feinada!!!!<\/p>\n<p style=\"text-align: center;\">Si voleu veure&#8217;n les fotografies cliqueu <a href=\"https:\/\/drive.google.com\/drive\/folders\/1JDyMOzlHPCssk2JNnsdBZ_Dwj2OzqmLi?usp=drive_link\">AQU\u00cd!<\/a><\/p>\n<p style=\"text-align: center;\"><img loading=\"lazy\" decoding=\"async\" class=\"aligncenter size-full wp-image-9563\" src=\"https:\/\/agora.xtec.cat\/escolaelsquatrevents\/wp-content\/uploads\/usu584\/2024\/05\/images-1.jpg\" alt=\"\" width=\"247\" height=\"204\" \/><\/p>\n","protected":false},"excerpt":{"rendered":"<p>Aquest \u00e9s l&#8217;\u00faltim trimestre del curs i aix\u00f2 comporta molta feina i molts aprenentatges! Com sempre us volem seguir mostrant la tasca que des de l&#8217;\u00e0rea de matem\u00e0tiques fem amb l&#8217;alumnat del nostre centre, des dels m\u00e9s petits fins a la comunitat de grans. Ja estem consolidant els aprenentatges fets al llarg del curs i [&hellip;]<\/p>\n","protected":false},"author":3,"featured_media":9563,"comment_status":"closed","ping_status":"closed","sticky":false,"template":"","format":"standard","meta":{"_bbp_topic_count":0,"_bbp_reply_count":0,"_bbp_total_topic_count":0,"_bbp_total_reply_count":0,"_bbp_voice_count":0,"_bbp_anonymous_reply_count":0,"_bbp_topic_count_hidden":0,"_bbp_reply_count_hidden":0,"_bbp_forum_subforum_count":0,"site-sidebar-layout":"default","site-content-layout":"","ast-site-content-layout":"","site-content-style":"default","site-sidebar-style":"default","ast-global-header-display":"","ast-banner-title-visibility":"","ast-main-header-display":"","ast-hfb-above-header-display":"","ast-hfb-below-header-display":"","ast-hfb-mobile-header-display":"","site-post-title":"","ast-breadcrumbs-content":"","ast-featured-img":"","footer-sml-layout":"","theme-transparent-header-meta":"","adv-header-id-meta":"","stick-header-meta":"","header-above-stick-meta":"","header-main-stick-meta":"","header-below-stick-meta":"","astra-migrate-meta-layouts":"default","ast-page-background-enabled":"default","ast-page-background-meta":{"desktop":{"background-color":"var(--ast-global-color-4)","background-image":"","background-repeat":"repeat","background-position":"center center","background-size":"auto","background-attachment":"scroll","background-type":"","background-media":"","overlay-type":"","overlay-color":"","overlay-opacity":"","overlay-gradient":""},"tablet":{"background-color":"","background-image":"","background-repeat":"repeat","background-position":"center center","background-size":"auto","background-attachment":"scroll","background-type":"","background-media":"","overlay-type":"","overlay-color":"","overlay-opacity":"","overlay-gradient":""},"mobile":{"background-color":"","background-image":"","background-repeat":"repeat","background-position":"center center","background-size":"auto","background-attachment":"scroll","background-type":"","background-media":"","overlay-type":"","overlay-color":"","overlay-opacity":"","overlay-gradient":""}},"ast-content-background-meta":{"desktop":{"background-color":"var(--ast-global-color-5)","background-image":"","background-repeat":"repeat","background-position":"center center","background-size":"auto","background-attachment":"scroll","background-type":"","background-media":"","overlay-type":"","overlay-color":"","overlay-opacity":"","overlay-gradient":""},"tablet":{"background-color":"var(--ast-global-color-5)","background-image":"","background-repeat":"repeat","background-position":"center center","background-size":"auto","background-attachment":"scroll","background-type":"","background-media":"","overlay-type":"","overlay-color":"","overlay-opacity":"","overlay-gradient":""},"mobile":{"background-color":"var(--ast-global-color-5)","background-image":"","background-repeat":"repeat","background-position":"center center","background-size":"auto","background-attachment":"scroll","background-type":"","background-media":"","overlay-type":"","overlay-color":"","overlay-opacity":"","overlay-gradient":""}},"footnotes":""},"categories":[8,3,22,69,4],"tags":[115,133,131,112,70],"class_list":["post-9562","post","type-post","status-publish","format-standard","has-post-thumbnail","hentry","category-grans","category-mitjans","category-petits","category-mates-oaoa","category-portada","tag-comunitat-de-grans","tag-comunitat-de-mitjans","tag-comunitat-de-petits","tag-matematiques","tag-mates-oaoa"],"post_mailing_queue_ids":[],"_links":{"self":[{"href":"https:\/\/agora.xtec.cat\/escolaelsquatrevents\/wp-json\/wp\/v2\/posts\/9562","targetHints":{"allow":["GET"]}}],"collection":[{"href":"https:\/\/agora.xtec.cat\/escolaelsquatrevents\/wp-json\/wp\/v2\/posts"}],"about":[{"href":"https:\/\/agora.xtec.cat\/escolaelsquatrevents\/wp-json\/wp\/v2\/types\/post"}],"author":[{"embeddable":true,"href":"https:\/\/agora.xtec.cat\/escolaelsquatrevents\/wp-json\/wp\/v2\/users\/3"}],"replies":[{"embeddable":true,"href":"https:\/\/agora.xtec.cat\/escolaelsquatrevents\/wp-json\/wp\/v2\/comments?post=9562"}],"version-history":[{"count":4,"href":"https:\/\/agora.xtec.cat\/escolaelsquatrevents\/wp-json\/wp\/v2\/posts\/9562\/revisions"}],"predecessor-version":[{"id":9592,"href":"https:\/\/agora.xtec.cat\/escolaelsquatrevents\/wp-json\/wp\/v2\/posts\/9562\/revisions\/9592"}],"wp:featuredmedia":[{"embeddable":true,"href":"https:\/\/agora.xtec.cat\/escolaelsquatrevents\/wp-json\/wp\/v2\/media\/9563"}],"wp:attachment":[{"href":"https:\/\/agora.xtec.cat\/escolaelsquatrevents\/wp-json\/wp\/v2\/media?parent=9562"}],"wp:term":[{"taxonomy":"category","embeddable":true,"href":"https:\/\/agora.xtec.cat\/escolaelsquatrevents\/wp-json\/wp\/v2\/categories?post=9562"},{"taxonomy":"post_tag","embeddable":true,"href":"https:\/\/agora.xtec.cat\/escolaelsquatrevents\/wp-json\/wp\/v2\/tags?post=9562"}],"curies":[{"name":"wp","href":"https:\/\/api.w.org\/{rel}","templated":true}]}}