{"id":942,"date":"2016-08-05T18:13:58","date_gmt":"2016-08-05T17:13:58","guid":{"rendered":"http:\/\/agora.xtec.cat\/escolaelsquatrevents\/?p=942"},"modified":"2016-09-13T14:08:54","modified_gmt":"2016-09-13T13:08:54","slug":"inici-curs-16-17","status":"publish","type":"post","link":"https:\/\/agora.xtec.cat\/escolaelsquatrevents\/portada\/inici-curs-16-17\/","title":{"rendered":"Inici del curs 2016-17"},"content":{"rendered":"<p style=\"text-align: left;\">Aviat comen\u00e7arem el curs 2016-17 amb moltes ganes i il\u00b7lusi\u00f3!<\/p>\n<p style=\"text-align: left;\">Us recordem les <strong>dates<\/strong><strong> de les reunions d&#8217;inici de curs<\/strong> publicades a la revista de l&#8217;escola del passat juny:<\/p>\n<ul>\n<li style=\"text-align: left;\">Reuni\u00f3 d&#8217;inici de P3: Dilluns 5 de setembre a les 17h<\/li>\n<li style=\"text-align: left;\">Reuni\u00f3 de comunitats de grans: Dilluns 19 de setembre a les 17h<\/li>\n<li style=\"text-align: left;\">Reuni\u00f3 de P4 i P5: Dimarts 20 de setembre a les 17h<\/li>\n<li style=\"text-align: left;\">Reuni\u00f3 de comunitat de mitjans: Dimecres 21 de setembre a les 17h<\/li>\n<\/ul>\n<p style=\"text-align: left;\">Tindreu disponibles a l&#8217;escola els <strong>llistats dels nous grups de 1r i 4t<\/strong>, generats de la barreja d&#8217;alumnes de P5 i 3r al canviar de comunitat, \u00a0a partir del dilluns 5 de setembre de 9 a 15h, presencialment o telef\u00f2nicament. El dia 12 de setembre s&#8217;acollir\u00e0 a aquests alumnes davant de cada m\u00f2dul pels mestres corresponents per una bona rebuda.<\/p>\n<p style=\"text-align: left;\">Recordem la <strong>import\u00e0ncia d&#8217;ingressar el material<\/strong> del curs abans d&#8217;iniciar les classes per poder iniciar l&#8217;entrega de material els primers dies.<\/p>\n<p style=\"text-align: left;\">Ens veiem <strong>el primer dia de curs, el dilluns 12 de setembre en l&#8217;horari habitual<\/strong> del centre (de 8.30 a 13.00h i de 15.00 a 16.30h). Pensa que cal una autoritzaci\u00f3 expressa perqu\u00e8 els alumnes de 4t, 5\u00e8 o 6\u00e8 marxin sols i\/o perqu\u00e8 els mateixos alumnes passin a recollir germans\/es de 1r, 2n o 3r. Les teniu a la vostra disposici\u00f3 al centre i podeu trucar per qualsevol dia puntual.<\/p>\n<p style=\"text-align: left;\">Comen\u00e7arem els Grups Interactius i les tert\u00falies la primera setmana d&#8217;octubre (del 3 al 7 d&#8217;octubre).<\/p>\n<p style=\"text-align: left;\">Bon curs 2016-17<\/p>\n<p style=\"text-align: left;\"><em>A per l&#8217;11\u00e8 aniversari i molts m\u00e9s!<\/em><\/p>\n<p style=\"text-align: left;\">Equip Directiu<\/p>\n<p><img loading=\"lazy\" decoding=\"async\" class=\"aligncenter size-medium wp-image-870\" src=\"http:\/\/agora.xtec.cat\/escolaelsquatrevents\/wp-content\/uploads\/usu584\/2016\/05\/image1-300x166.png\" alt=\"image\" width=\"300\" height=\"166\" srcset=\"https:\/\/agora.xtec.cat\/escolaelsquatrevents\/wp-content\/uploads\/usu584\/2016\/05\/image1-300x166.png 300w, https:\/\/agora.xtec.cat\/escolaelsquatrevents\/wp-content\/uploads\/usu584\/2016\/05\/image1.png 449w\" sizes=\"auto, (max-width: 300px) 100vw, 300px\" \/><\/p>\n<p><img loading=\"lazy\" decoding=\"async\" class=\"aligncenter wp-image-962 size-large\" src=\"http:\/\/agora.xtec.cat\/escolaelsquatrevents\/wp-content\/uploads\/usu584\/2016\/08\/CALENDARI-Fam\u00edlies-16-17-4V-724x1024.jpg\" width=\"724\" height=\"1024\" srcset=\"https:\/\/agora.xtec.cat\/escolaelsquatrevents\/wp-content\/uploads\/usu584\/2016\/08\/CALENDARI-Fam\u00edlies-16-17-4V-724x1024.jpg 724w, https:\/\/agora.xtec.cat\/escolaelsquatrevents\/wp-content\/uploads\/usu584\/2016\/08\/CALENDARI-Fam\u00edlies-16-17-4V-212x300.jpg 212w, https:\/\/agora.xtec.cat\/escolaelsquatrevents\/wp-content\/uploads\/usu584\/2016\/08\/CALENDARI-Fam\u00edlies-16-17-4V-768x1086.jpg 768w\" sizes=\"auto, (max-width: 724px) 100vw, 724px\" \/><\/p>\n","protected":false},"excerpt":{"rendered":"<p>Aviat comen\u00e7arem el curs 2016-17 amb moltes ganes i il\u00b7lusi\u00f3! Us recordem les dates de les reunions d&#8217;inici de curs publicades a la revista de l&#8217;escola del passat juny: Reuni\u00f3 d&#8217;inici de P3: Dilluns 5 de setembre a les 17h Reuni\u00f3 de comunitats de grans: Dilluns 19 de setembre a les 17h Reuni\u00f3 de P4 [&hellip;]<\/p>\n","protected":false},"author":1,"featured_media":0,"comment_status":"open","ping_status":"open","sticky":false,"template":"","format":"standard","meta":{"_bbp_topic_count":0,"_bbp_reply_count":0,"_bbp_total_topic_count":0,"_bbp_total_reply_count":0,"_bbp_voice_count":0,"_bbp_anonymous_reply_count":0,"_bbp_topic_count_hidden":0,"_bbp_reply_count_hidden":0,"_bbp_forum_subforum_count":0,"site-sidebar-layout":"default","site-content-layout":"","ast-site-content-layout":"","site-content-style":"default","site-sidebar-style":"default","ast-global-header-display":"","ast-banner-title-visibility":"","ast-main-header-display":"","ast-hfb-above-header-display":"","ast-hfb-below-header-display":"","ast-hfb-mobile-header-display":"","site-post-title":"","ast-breadcrumbs-content":"","ast-featured-img":"","footer-sml-layout":"","theme-transparent-header-meta":"","adv-header-id-meta":"","stick-header-meta":"","header-above-stick-meta":"","header-main-stick-meta":"","header-below-stick-meta":"","astra-migrate-meta-layouts":"default","ast-page-background-enabled":"default","ast-page-background-meta":{"desktop":{"background-color":"var(--ast-global-color-4)","background-image":"","background-repeat":"repeat","background-position":"center center","background-size":"auto","background-attachment":"scroll","background-type":"","background-media":"","overlay-type":"","overlay-color":"","overlay-opacity":"","overlay-gradient":""},"tablet":{"background-color":"","background-image":"","background-repeat":"repeat","background-position":"center center","background-size":"auto","background-attachment":"scroll","background-type":"","background-media":"","overlay-type":"","overlay-color":"","overlay-opacity":"","overlay-gradient":""},"mobile":{"background-color":"","background-image":"","background-repeat":"repeat","background-position":"center center","background-size":"auto","background-attachment":"scroll","background-type":"","background-media":"","overlay-type":"","overlay-color":"","overlay-opacity":"","overlay-gradient":""}},"ast-content-background-meta":{"desktop":{"background-color":"var(--ast-global-color-5)","background-image":"","background-repeat":"repeat","background-position":"center center","background-size":"auto","background-attachment":"scroll","background-type":"","background-media":"","overlay-type":"","overlay-color":"","overlay-opacity":"","overlay-gradient":""},"tablet":{"background-color":"var(--ast-global-color-5)","background-image":"","background-repeat":"repeat","background-position":"center center","background-size":"auto","background-attachment":"scroll","background-type":"","background-media":"","overlay-type":"","overlay-color":"","overlay-opacity":"","overlay-gradient":""},"mobile":{"background-color":"var(--ast-global-color-5)","background-image":"","background-repeat":"repeat","background-position":"center center","background-size":"auto","background-attachment":"scroll","background-type":"","background-media":"","overlay-type":"","overlay-color":"","overlay-opacity":"","overlay-gradient":""}},"footnotes":""},"categories":[4],"tags":[27],"class_list":["post-942","post","type-post","status-publish","format-standard","hentry","category-portada","tag-informacio"],"post_mailing_queue_ids":[],"_links":{"self":[{"href":"https:\/\/agora.xtec.cat\/escolaelsquatrevents\/wp-json\/wp\/v2\/posts\/942","targetHints":{"allow":["GET"]}}],"collection":[{"href":"https:\/\/agora.xtec.cat\/escolaelsquatrevents\/wp-json\/wp\/v2\/posts"}],"about":[{"href":"https:\/\/agora.xtec.cat\/escolaelsquatrevents\/wp-json\/wp\/v2\/types\/post"}],"author":[{"embeddable":true,"href":"https:\/\/agora.xtec.cat\/escolaelsquatrevents\/wp-json\/wp\/v2\/users\/1"}],"replies":[{"embeddable":true,"href":"https:\/\/agora.xtec.cat\/escolaelsquatrevents\/wp-json\/wp\/v2\/comments?post=942"}],"version-history":[{"count":4,"href":"https:\/\/agora.xtec.cat\/escolaelsquatrevents\/wp-json\/wp\/v2\/posts\/942\/revisions"}],"predecessor-version":[{"id":978,"href":"https:\/\/agora.xtec.cat\/escolaelsquatrevents\/wp-json\/wp\/v2\/posts\/942\/revisions\/978"}],"wp:attachment":[{"href":"https:\/\/agora.xtec.cat\/escolaelsquatrevents\/wp-json\/wp\/v2\/media?parent=942"}],"wp:term":[{"taxonomy":"category","embeddable":true,"href":"https:\/\/agora.xtec.cat\/escolaelsquatrevents\/wp-json\/wp\/v2\/categories?post=942"},{"taxonomy":"post_tag","embeddable":true,"href":"https:\/\/agora.xtec.cat\/escolaelsquatrevents\/wp-json\/wp\/v2\/tags?post=942"}],"curies":[{"name":"wp","href":"https:\/\/api.w.org\/{rel}","templated":true}]}}