{"id":9419,"date":"2024-03-22T11:40:25","date_gmt":"2024-03-22T10:40:25","guid":{"rendered":"https:\/\/agora.xtec.cat\/escolaelsquatrevents\/?p=9419"},"modified":"2024-03-22T11:40:25","modified_gmt":"2024-03-22T10:40:25","slug":"parc-de-les-olors","status":"publish","type":"post","link":"https:\/\/agora.xtec.cat\/escolaelsquatrevents\/general\/parc-de-les-olors\/","title":{"rendered":"PARC DE LES OLORS"},"content":{"rendered":"<p style=\"font-weight: 400;\"><strong>Explorant la Naturalesa<\/strong><\/p>\n<p style=\"font-weight: 400;\">El passat dijous 20 de mar\u00e7, els i les alumnes de 2n van tenir l\u2019oportunitat de connectar amb la natura de manera \u00fanica i enriquidora amb la visita al Parc de les Olors de Santa Eul\u00e0lia de Ron\u00e7ana.<\/p>\n<p style=\"font-weight: 400;\">Aquesta experi\u00e8ncia va ser molt m\u00e9s que una simple sortida al camp; va ser una jornada plena d&#8217;aprenentatge pr\u00e0ctic i interacci\u00f3 amb el medi ambient.<\/p>\n<p style=\"font-weight: 400;\">Durant l\u2019excursi\u00f3 van dur a terme 4 tallers:<\/p>\n<p style=\"font-weight: 400;\">El primer va ser la creaci\u00f3 de bossetes d\u2019olor amb esp\u00edgol. El delicat aroma d\u2019aquesta planta no nom\u00e9s va estimular el sentit de l\u2019olfacte, sin\u00f3 que tamb\u00e9 va proporcionar una experi\u00e8ncia relaxant i tranquil\u00b7la.<\/p>\n<p>Seguint amb l&#8217;esperit de la interacci\u00f3 amb les plantes, els alumnes van tenir l&#8217;oportunitat d&#8217;aprendre sobre la collita de flors de cal\u00e8ndula. Durant aquest taller, van descobrir els diversos usos d&#8217;aquesta planta medicinal i van participar en la tasca de recollir les flors per assecar-les.<\/p>\n<p>El tercer taller va portar els alumnes a experimentar el meravell\u00f3s proc\u00e9s de plantar una planta amb un esqueix. A trav\u00e9s d&#8217;aquesta activitat pr\u00e0ctica, van aprendre sobre els mecanismes de reproducci\u00f3 de les plantes i van participar en la creaci\u00f3 de vida nova.<\/p>\n<p>Finalment, la jornada va culminar amb una interacci\u00f3 enriquidora amb els habitants del parc: les ovelles i les cabres. Donant de menjar a aquests animals, els alumnes van comprendre la import\u00e0ncia de respectar i cuidar els \u00e9ssers vius que comparteixen el nostre entorn.<\/p>\n<p>En resum, la sortida al Parc de les Olores de Santa Eul\u00e0lia va ser una experi\u00e8ncia inoblidable que va enriquir el coneixement dels nostres alumnes sobre la naturalesa i la seva relaci\u00f3 amb ella. Va inspirar un sentiment de cura pel medi ambient i va oferir una oportunitat \u00fanica d&#8217;aprendre a trav\u00e9s de l&#8217;experi\u00e8ncia directa. Esperem que aquesta experi\u00e8ncia es mantingui viva en els records dels nostres alumnes, motivant-los a seguir explorant i connectant amb el m\u00f3n natural que ens envolta.<\/p>\n<p>A continuaci\u00f3 podeu veure les fotos tan xules que vam fer:<\/p>\n<p><a href=\"https:\/\/drive.google.com\/drive\/u\/1\/folders\/1zrqxi8-A5OqvTta8Rv6vek7kWLsgBO3Y\"><img loading=\"lazy\" decoding=\"async\" class=\" wp-image-9425 aligncenter\" src=\"https:\/\/agora.xtec.cat\/escolaelsquatrevents\/wp-content\/uploads\/usu584\/2024\/03\/Foto-parc-de-les-olors-300x225.jpeg\" alt=\"\" width=\"440\" height=\"330\" srcset=\"https:\/\/agora.xtec.cat\/escolaelsquatrevents\/wp-content\/uploads\/usu584\/2024\/03\/Foto-parc-de-les-olors-300x225.jpeg 300w, https:\/\/agora.xtec.cat\/escolaelsquatrevents\/wp-content\/uploads\/usu584\/2024\/03\/Foto-parc-de-les-olors-1024x768.jpeg 1024w, https:\/\/agora.xtec.cat\/escolaelsquatrevents\/wp-content\/uploads\/usu584\/2024\/03\/Foto-parc-de-les-olors-768x576.jpeg 768w, https:\/\/agora.xtec.cat\/escolaelsquatrevents\/wp-content\/uploads\/usu584\/2024\/03\/Foto-parc-de-les-olors-1536x1152.jpeg 1536w, https:\/\/agora.xtec.cat\/escolaelsquatrevents\/wp-content\/uploads\/usu584\/2024\/03\/Foto-parc-de-les-olors-200x150.jpeg 200w, https:\/\/agora.xtec.cat\/escolaelsquatrevents\/wp-content\/uploads\/usu584\/2024\/03\/Foto-parc-de-les-olors.jpeg 1600w\" sizes=\"auto, (max-width: 440px) 100vw, 440px\" \/><\/a><\/p>\n<p>&nbsp;<\/p>\n<p>&nbsp;<\/p>\n","protected":false},"excerpt":{"rendered":"<p>Explorant la Naturalesa El passat dijous 20 de mar\u00e7, els i les alumnes de 2n van tenir l\u2019oportunitat de connectar amb la natura de manera \u00fanica i enriquidora amb la visita al Parc de les Olors de Santa Eul\u00e0lia de Ron\u00e7ana. Aquesta experi\u00e8ncia va ser molt m\u00e9s que una simple sortida al camp; va ser [&hellip;]<\/p>\n","protected":false},"author":3,"featured_media":9425,"comment_status":"closed","ping_status":"closed","sticky":false,"template":"","format":"standard","meta":{"_bbp_topic_count":0,"_bbp_reply_count":0,"_bbp_total_topic_count":0,"_bbp_total_reply_count":0,"_bbp_voice_count":0,"_bbp_anonymous_reply_count":0,"_bbp_topic_count_hidden":0,"_bbp_reply_count_hidden":0,"_bbp_forum_subforum_count":0,"site-sidebar-layout":"default","site-content-layout":"","ast-site-content-layout":"","site-content-style":"default","site-sidebar-style":"default","ast-global-header-display":"","ast-banner-title-visibility":"","ast-main-header-display":"","ast-hfb-above-header-display":"","ast-hfb-below-header-display":"","ast-hfb-mobile-header-display":"","site-post-title":"","ast-breadcrumbs-content":"","ast-featured-img":"","footer-sml-layout":"","theme-transparent-header-meta":"","adv-header-id-meta":"","stick-header-meta":"","header-above-stick-meta":"","header-main-stick-meta":"","header-below-stick-meta":"","astra-migrate-meta-layouts":"default","ast-page-background-enabled":"default","ast-page-background-meta":{"desktop":{"background-color":"var(--ast-global-color-4)","background-image":"","background-repeat":"repeat","background-position":"center center","background-size":"auto","background-attachment":"scroll","background-type":"","background-media":"","overlay-type":"","overlay-color":"","overlay-opacity":"","overlay-gradient":""},"tablet":{"background-color":"","background-image":"","background-repeat":"repeat","background-position":"center center","background-size":"auto","background-attachment":"scroll","background-type":"","background-media":"","overlay-type":"","overlay-color":"","overlay-opacity":"","overlay-gradient":""},"mobile":{"background-color":"","background-image":"","background-repeat":"repeat","background-position":"center center","background-size":"auto","background-attachment":"scroll","background-type":"","background-media":"","overlay-type":"","overlay-color":"","overlay-opacity":"","overlay-gradient":""}},"ast-content-background-meta":{"desktop":{"background-color":"var(--ast-global-color-5)","background-image":"","background-repeat":"repeat","background-position":"center center","background-size":"auto","background-attachment":"scroll","background-type":"","background-media":"","overlay-type":"","overlay-color":"","overlay-opacity":"","overlay-gradient":""},"tablet":{"background-color":"var(--ast-global-color-5)","background-image":"","background-repeat":"repeat","background-position":"center center","background-size":"auto","background-attachment":"scroll","background-type":"","background-media":"","overlay-type":"","overlay-color":"","overlay-opacity":"","overlay-gradient":""},"mobile":{"background-color":"var(--ast-global-color-5)","background-image":"","background-repeat":"repeat","background-position":"center center","background-size":"auto","background-attachment":"scroll","background-type":"","background-media":"","overlay-type":"","overlay-color":"","overlay-opacity":"","overlay-gradient":""}},"footnotes":""},"categories":[3,1,4],"tags":[],"class_list":["post-9419","post","type-post","status-publish","format-standard","has-post-thumbnail","hentry","category-mitjans","category-general","category-portada"],"post_mailing_queue_ids":[],"_links":{"self":[{"href":"https:\/\/agora.xtec.cat\/escolaelsquatrevents\/wp-json\/wp\/v2\/posts\/9419","targetHints":{"allow":["GET"]}}],"collection":[{"href":"https:\/\/agora.xtec.cat\/escolaelsquatrevents\/wp-json\/wp\/v2\/posts"}],"about":[{"href":"https:\/\/agora.xtec.cat\/escolaelsquatrevents\/wp-json\/wp\/v2\/types\/post"}],"author":[{"embeddable":true,"href":"https:\/\/agora.xtec.cat\/escolaelsquatrevents\/wp-json\/wp\/v2\/users\/3"}],"replies":[{"embeddable":true,"href":"https:\/\/agora.xtec.cat\/escolaelsquatrevents\/wp-json\/wp\/v2\/comments?post=9419"}],"version-history":[{"count":4,"href":"https:\/\/agora.xtec.cat\/escolaelsquatrevents\/wp-json\/wp\/v2\/posts\/9419\/revisions"}],"predecessor-version":[{"id":9427,"href":"https:\/\/agora.xtec.cat\/escolaelsquatrevents\/wp-json\/wp\/v2\/posts\/9419\/revisions\/9427"}],"wp:featuredmedia":[{"embeddable":true,"href":"https:\/\/agora.xtec.cat\/escolaelsquatrevents\/wp-json\/wp\/v2\/media\/9425"}],"wp:attachment":[{"href":"https:\/\/agora.xtec.cat\/escolaelsquatrevents\/wp-json\/wp\/v2\/media?parent=9419"}],"wp:term":[{"taxonomy":"category","embeddable":true,"href":"https:\/\/agora.xtec.cat\/escolaelsquatrevents\/wp-json\/wp\/v2\/categories?post=9419"},{"taxonomy":"post_tag","embeddable":true,"href":"https:\/\/agora.xtec.cat\/escolaelsquatrevents\/wp-json\/wp\/v2\/tags?post=9419"}],"curies":[{"name":"wp","href":"https:\/\/api.w.org\/{rel}","templated":true}]}}