{"id":9331,"date":"2024-03-06T17:33:20","date_gmt":"2024-03-06T16:33:20","guid":{"rendered":"https:\/\/agora.xtec.cat\/escolaelsquatrevents\/?p=9331"},"modified":"2024-03-06T17:37:46","modified_gmt":"2024-03-06T16:37:46","slug":"jobshadowing-a-solymar","status":"publish","type":"post","link":"https:\/\/agora.xtec.cat\/escolaelsquatrevents\/general\/jobshadowing-a-solymar\/","title":{"rendered":"Jobshadowing a Solym\u00e1r"},"content":{"rendered":"<p><span style=\"font-family: inherit; font-size: 1em;\">Ja fa tres dies que estem a l&#8217;escola de Solym\u00e1r. Hem format part d&#8217;un intercanvi musical amb una escola de M\u00e0laga de forma virtual. A m\u00e9s, a la classe d&#8217;alemany ens han ensenyat la preparaci\u00f3 de la pr\u00f2xima mobilitat a Alemanya amb el programa Erasmus que duran a terme els alumnes.<\/span><\/p>\n<p><span style=\"font-family: inherit; font-size: 1em;\"><img loading=\"lazy\" decoding=\"async\" class=\"alignleft wp-image-9332 \" src=\"https:\/\/agora.xtec.cat\/escolaelsquatrevents\/wp-content\/uploads\/usu584\/2024\/03\/B091347F-D601-4682-8E16-7441712ADAF1-225x300.jpeg\" alt=\"\" width=\"261\" height=\"348\" srcset=\"https:\/\/agora.xtec.cat\/escolaelsquatrevents\/wp-content\/uploads\/usu584\/2024\/03\/B091347F-D601-4682-8E16-7441712ADAF1-225x300.jpeg 225w, https:\/\/agora.xtec.cat\/escolaelsquatrevents\/wp-content\/uploads\/usu584\/2024\/03\/B091347F-D601-4682-8E16-7441712ADAF1.jpeg 743w\" sizes=\"auto, (max-width: 261px) 100vw, 261px\" \/><\/span><\/p>\n<p><img loading=\"lazy\" decoding=\"async\" class=\"wp-image-9333 alignleft\" src=\"https:\/\/agora.xtec.cat\/escolaelsquatrevents\/wp-content\/uploads\/usu584\/2024\/03\/54BD0E3F-135E-43D3-941B-92EB4DA15CE5-224x300.jpeg\" alt=\"\" width=\"262\" height=\"351\" srcset=\"https:\/\/agora.xtec.cat\/escolaelsquatrevents\/wp-content\/uploads\/usu584\/2024\/03\/54BD0E3F-135E-43D3-941B-92EB4DA15CE5-224x300.jpeg 224w, https:\/\/agora.xtec.cat\/escolaelsquatrevents\/wp-content\/uploads\/usu584\/2024\/03\/54BD0E3F-135E-43D3-941B-92EB4DA15CE5.jpeg 717w\" sizes=\"auto, (max-width: 262px) 100vw, 262px\" \/><\/p>\n<p><img loading=\"lazy\" decoding=\"async\" class=\"wp-image-9334 alignleft\" src=\"https:\/\/agora.xtec.cat\/escolaelsquatrevents\/wp-content\/uploads\/usu584\/2024\/03\/1818512B-2975-4111-801B-87A85662CD21-223x300.jpeg\" alt=\"\" width=\"262\" height=\"352\" srcset=\"https:\/\/agora.xtec.cat\/escolaelsquatrevents\/wp-content\/uploads\/usu584\/2024\/03\/1818512B-2975-4111-801B-87A85662CD21-223x300.jpeg 223w, https:\/\/agora.xtec.cat\/escolaelsquatrevents\/wp-content\/uploads\/usu584\/2024\/03\/1818512B-2975-4111-801B-87A85662CD21.jpeg 713w\" sizes=\"auto, (max-width: 262px) 100vw, 262px\" \/><\/p>\n<p>&nbsp;<\/p>\n<p>&nbsp;<\/p>\n<p>&nbsp;<\/p>\n<p>&nbsp;<\/p>\n<p>&nbsp;<\/p>\n<p>&nbsp;<\/p>\n<p>&nbsp;<\/p>\n<p>&nbsp;<\/p>\n<p>&nbsp;<\/p>\n<p style=\"font-weight: 400;\"><span style=\"font-weight: 400;\">D&#8217;altra banda, ens han fet una mostra de les danses tradicionals, ensenyant-nos la seva import\u00e0ncia cultural. Tamb\u00e9 hem pogut gaudir de diverses classes d&#8217;angl\u00e8s en els diferents cursos.<\/span><\/p>\n<p><img loading=\"lazy\" decoding=\"async\" class=\"alignleft wp-image-9335 \" src=\"https:\/\/agora.xtec.cat\/escolaelsquatrevents\/wp-content\/uploads\/usu584\/2024\/03\/5905EED8-D62D-4CAF-9AA8-DBAE2357CD96-228x300.jpeg\" alt=\"\" width=\"264\" height=\"347\" srcset=\"https:\/\/agora.xtec.cat\/escolaelsquatrevents\/wp-content\/uploads\/usu584\/2024\/03\/5905EED8-D62D-4CAF-9AA8-DBAE2357CD96-228x300.jpeg 228w, https:\/\/agora.xtec.cat\/escolaelsquatrevents\/wp-content\/uploads\/usu584\/2024\/03\/5905EED8-D62D-4CAF-9AA8-DBAE2357CD96.jpeg 685w\" sizes=\"auto, (max-width: 264px) 100vw, 264px\" \/><\/p>\n<p><img loading=\"lazy\" decoding=\"async\" class=\"wp-image-9336 alignleft\" src=\"https:\/\/agora.xtec.cat\/escolaelsquatrevents\/wp-content\/uploads\/usu584\/2024\/03\/C424C4FF-24F6-4078-A9A4-40F15BE52CF8-220x300.jpeg\" alt=\"\" width=\"254\" height=\"347\" srcset=\"https:\/\/agora.xtec.cat\/escolaelsquatrevents\/wp-content\/uploads\/usu584\/2024\/03\/C424C4FF-24F6-4078-A9A4-40F15BE52CF8-220x300.jpeg 220w, https:\/\/agora.xtec.cat\/escolaelsquatrevents\/wp-content\/uploads\/usu584\/2024\/03\/C424C4FF-24F6-4078-A9A4-40F15BE52CF8.jpeg 672w\" sizes=\"auto, (max-width: 254px) 100vw, 254px\" \/><\/p>\n<p><img loading=\"lazy\" decoding=\"async\" class=\"wp-image-9337 alignleft\" src=\"https:\/\/agora.xtec.cat\/escolaelsquatrevents\/wp-content\/uploads\/usu584\/2024\/03\/2C793D01-9C3F-4D1F-8911-C1AB7B3C9951-223x300.jpeg\" alt=\"\" width=\"265\" height=\"357\" srcset=\"https:\/\/agora.xtec.cat\/escolaelsquatrevents\/wp-content\/uploads\/usu584\/2024\/03\/2C793D01-9C3F-4D1F-8911-C1AB7B3C9951-223x300.jpeg 223w, https:\/\/agora.xtec.cat\/escolaelsquatrevents\/wp-content\/uploads\/usu584\/2024\/03\/2C793D01-9C3F-4D1F-8911-C1AB7B3C9951.jpeg 643w\" sizes=\"auto, (max-width: 265px) 100vw, 265px\" \/><\/p>\n<p>&nbsp;<\/p>\n<p>&nbsp;<\/p>\n<p>&nbsp;<\/p>\n<p>&nbsp;<\/p>\n<p>&nbsp;<\/p>\n<p>&nbsp;<\/p>\n<p>&nbsp;<\/p>\n<p>&nbsp;<\/p>\n<p>&nbsp;<\/p>\n<p><span style=\"font-family: inherit; font-size: 1em;\">Finalment, a l&#8217;hora de pl\u00e0stica els alumnes treballen diferents habilitats relacionades amb la vida quotidiana i en altres ocasions creen produccions pl\u00e0stiques lligades amb altres mat\u00e8ries.\u00a0<\/span><\/p>\n<p><img loading=\"lazy\" decoding=\"async\" class=\"alignleft wp-image-9338 \" src=\"https:\/\/agora.xtec.cat\/escolaelsquatrevents\/wp-content\/uploads\/usu584\/2024\/03\/124633C3-4CF6-4AA5-AFF0-E9752E333407-224x300.jpeg\" alt=\"\" width=\"242\" height=\"324\" srcset=\"https:\/\/agora.xtec.cat\/escolaelsquatrevents\/wp-content\/uploads\/usu584\/2024\/03\/124633C3-4CF6-4AA5-AFF0-E9752E333407-224x300.jpeg 224w, https:\/\/agora.xtec.cat\/escolaelsquatrevents\/wp-content\/uploads\/usu584\/2024\/03\/124633C3-4CF6-4AA5-AFF0-E9752E333407.jpeg 535w\" sizes=\"auto, (max-width: 242px) 100vw, 242px\" \/><br style=\"font-weight: 400;\" \/><img loading=\"lazy\" decoding=\"async\" class=\" wp-image-9339 alignleft\" src=\"https:\/\/agora.xtec.cat\/escolaelsquatrevents\/wp-content\/uploads\/usu584\/2024\/03\/633CB19C-0A34-4F13-B69C-E0D935FB0696-215x300.jpeg\" alt=\"\" width=\"232\" height=\"324\" srcset=\"https:\/\/agora.xtec.cat\/escolaelsquatrevents\/wp-content\/uploads\/usu584\/2024\/03\/633CB19C-0A34-4F13-B69C-E0D935FB0696-215x300.jpeg 215w, https:\/\/agora.xtec.cat\/escolaelsquatrevents\/wp-content\/uploads\/usu584\/2024\/03\/633CB19C-0A34-4F13-B69C-E0D935FB0696.jpeg 522w\" sizes=\"auto, (max-width: 232px) 100vw, 232px\" \/><\/p>\n","protected":false},"excerpt":{"rendered":"<p>Ja fa tres dies que estem a l&#8217;escola de Solym\u00e1r. Hem format part d&#8217;un intercanvi musical amb una escola de M\u00e0laga de forma virtual. A m\u00e9s, a la classe d&#8217;alemany ens han ensenyat la preparaci\u00f3 de la pr\u00f2xima mobilitat a Alemanya amb el programa Erasmus que duran a terme els alumnes. &nbsp; &nbsp; &nbsp; &nbsp; [&hellip;]<\/p>\n","protected":false},"author":3,"featured_media":0,"comment_status":"closed","ping_status":"closed","sticky":false,"template":"","format":"standard","meta":{"_bbp_topic_count":0,"_bbp_reply_count":0,"_bbp_total_topic_count":0,"_bbp_total_reply_count":0,"_bbp_voice_count":0,"_bbp_anonymous_reply_count":0,"_bbp_topic_count_hidden":0,"_bbp_reply_count_hidden":0,"_bbp_forum_subforum_count":0,"site-sidebar-layout":"default","site-content-layout":"","ast-site-content-layout":"","site-content-style":"default","site-sidebar-style":"default","ast-global-header-display":"","ast-banner-title-visibility":"","ast-main-header-display":"","ast-hfb-above-header-display":"","ast-hfb-below-header-display":"","ast-hfb-mobile-header-display":"","site-post-title":"","ast-breadcrumbs-content":"","ast-featured-img":"","footer-sml-layout":"","theme-transparent-header-meta":"","adv-header-id-meta":"","stick-header-meta":"","header-above-stick-meta":"","header-main-stick-meta":"","header-below-stick-meta":"","astra-migrate-meta-layouts":"default","ast-page-background-enabled":"default","ast-page-background-meta":{"desktop":{"background-color":"var(--ast-global-color-4)","background-image":"","background-repeat":"repeat","background-position":"center center","background-size":"auto","background-attachment":"scroll","background-type":"","background-media":"","overlay-type":"","overlay-color":"","overlay-opacity":"","overlay-gradient":""},"tablet":{"background-color":"","background-image":"","background-repeat":"repeat","background-position":"center center","background-size":"auto","background-attachment":"scroll","background-type":"","background-media":"","overlay-type":"","overlay-color":"","overlay-opacity":"","overlay-gradient":""},"mobile":{"background-color":"","background-image":"","background-repeat":"repeat","background-position":"center center","background-size":"auto","background-attachment":"scroll","background-type":"","background-media":"","overlay-type":"","overlay-color":"","overlay-opacity":"","overlay-gradient":""}},"ast-content-background-meta":{"desktop":{"background-color":"var(--ast-global-color-5)","background-image":"","background-repeat":"repeat","background-position":"center center","background-size":"auto","background-attachment":"scroll","background-type":"","background-media":"","overlay-type":"","overlay-color":"","overlay-opacity":"","overlay-gradient":""},"tablet":{"background-color":"var(--ast-global-color-5)","background-image":"","background-repeat":"repeat","background-position":"center center","background-size":"auto","background-attachment":"scroll","background-type":"","background-media":"","overlay-type":"","overlay-color":"","overlay-opacity":"","overlay-gradient":""},"mobile":{"background-color":"var(--ast-global-color-5)","background-image":"","background-repeat":"repeat","background-position":"center center","background-size":"auto","background-attachment":"scroll","background-type":"","background-media":"","overlay-type":"","overlay-color":"","overlay-opacity":"","overlay-gradient":""}},"footnotes":""},"categories":[377,1,4],"tags":[],"class_list":["post-9331","post","type-post","status-publish","format-standard","hentry","category-erasmus","category-general","category-portada"],"post_mailing_queue_ids":[],"_links":{"self":[{"href":"https:\/\/agora.xtec.cat\/escolaelsquatrevents\/wp-json\/wp\/v2\/posts\/9331","targetHints":{"allow":["GET"]}}],"collection":[{"href":"https:\/\/agora.xtec.cat\/escolaelsquatrevents\/wp-json\/wp\/v2\/posts"}],"about":[{"href":"https:\/\/agora.xtec.cat\/escolaelsquatrevents\/wp-json\/wp\/v2\/types\/post"}],"author":[{"embeddable":true,"href":"https:\/\/agora.xtec.cat\/escolaelsquatrevents\/wp-json\/wp\/v2\/users\/3"}],"replies":[{"embeddable":true,"href":"https:\/\/agora.xtec.cat\/escolaelsquatrevents\/wp-json\/wp\/v2\/comments?post=9331"}],"version-history":[{"count":5,"href":"https:\/\/agora.xtec.cat\/escolaelsquatrevents\/wp-json\/wp\/v2\/posts\/9331\/revisions"}],"predecessor-version":[{"id":9345,"href":"https:\/\/agora.xtec.cat\/escolaelsquatrevents\/wp-json\/wp\/v2\/posts\/9331\/revisions\/9345"}],"wp:attachment":[{"href":"https:\/\/agora.xtec.cat\/escolaelsquatrevents\/wp-json\/wp\/v2\/media?parent=9331"}],"wp:term":[{"taxonomy":"category","embeddable":true,"href":"https:\/\/agora.xtec.cat\/escolaelsquatrevents\/wp-json\/wp\/v2\/categories?post=9331"},{"taxonomy":"post_tag","embeddable":true,"href":"https:\/\/agora.xtec.cat\/escolaelsquatrevents\/wp-json\/wp\/v2\/tags?post=9331"}],"curies":[{"name":"wp","href":"https:\/\/api.w.org\/{rel}","templated":true}]}}