{"id":9250,"date":"2024-02-20T12:27:59","date_gmt":"2024-02-20T11:27:59","guid":{"rendered":"https:\/\/agora.xtec.cat\/escolaelsquatrevents\/?p=9250"},"modified":"2024-02-21T11:24:18","modified_gmt":"2024-02-21T10:24:18","slug":"antoni-tapies-a-i4","status":"publish","type":"post","link":"https:\/\/agora.xtec.cat\/escolaelsquatrevents\/general\/antoni-tapies-a-i4\/","title":{"rendered":"ANTONI T\u00c0PIES A I4!"},"content":{"rendered":"<p>Molt bon dia i visca l&#8217;art! Al llarg d&#8217;aquest segon trimestre els nens i nenes de la classe de les granotes i policies estem aprenent moltes coses d&#8217;un gran artista: Antoni T\u00e0pies. Un dels quadres que m\u00e9s ens ha agradat \u00e9s &#8220;La Sardana&#8221;. L&#8217;hem volgut fer igual i per aix\u00f2 ens hem pintat els peus i els hem estampat en un paper groc gran. Tamb\u00e9 hem apr\u00e8s que a aquest artista li agradava fer creus negres als seus quadres i embrutar-se les mans. Aqu\u00ed teniu una mostra de com hem fet de T\u00e0pies!<\/p>\n<p><a href=\"https:\/\/drive.google.com\/drive\/folders\/1Wpph8oYH8O8aXDGnsA6a3zQZAG2hhEVi?usp=sharing\">FOTOS I4 GROC<\/a><\/p>\n<p><a href=\"https:\/\/drive.google.com\/drive\/folders\/1wd0YZEEZyofYoomDcA6Ej_qeS4EFhkV_?usp=sharing\">FOTOS I4 BLAU<\/a><\/p>\n<p><img loading=\"lazy\" decoding=\"async\" class=\" wp-image-9255 aligncenter\" src=\"https:\/\/agora.xtec.cat\/escolaelsquatrevents\/wp-content\/uploads\/usu584\/2024\/02\/sardana.jpg\" alt=\"\" width=\"300\" height=\"225\" srcset=\"https:\/\/agora.xtec.cat\/escolaelsquatrevents\/wp-content\/uploads\/usu584\/2024\/02\/sardana.jpg 259w, https:\/\/agora.xtec.cat\/escolaelsquatrevents\/wp-content\/uploads\/usu584\/2024\/02\/sardana-200x150.jpg 200w\" sizes=\"auto, (max-width: 300px) 100vw, 300px\" \/><\/p>\n","protected":false},"excerpt":{"rendered":"<p>Molt bon dia i visca l&#8217;art! Al llarg d&#8217;aquest segon trimestre els nens i nenes de la classe de les granotes i policies estem aprenent moltes coses d&#8217;un gran artista: Antoni T\u00e0pies. Un dels quadres que m\u00e9s ens ha agradat \u00e9s &#8220;La Sardana&#8221;. L&#8217;hem volgut fer igual i per aix\u00f2 ens hem pintat els peus [&hellip;]<\/p>\n","protected":false},"author":3,"featured_media":0,"comment_status":"closed","ping_status":"closed","sticky":false,"template":"","format":"standard","meta":{"_bbp_topic_count":0,"_bbp_reply_count":0,"_bbp_total_topic_count":0,"_bbp_total_reply_count":0,"_bbp_voice_count":0,"_bbp_anonymous_reply_count":0,"_bbp_topic_count_hidden":0,"_bbp_reply_count_hidden":0,"_bbp_forum_subforum_count":0,"site-sidebar-layout":"default","site-content-layout":"","ast-site-content-layout":"","site-content-style":"default","site-sidebar-style":"default","ast-global-header-display":"","ast-banner-title-visibility":"","ast-main-header-display":"","ast-hfb-above-header-display":"","ast-hfb-below-header-display":"","ast-hfb-mobile-header-display":"","site-post-title":"","ast-breadcrumbs-content":"","ast-featured-img":"","footer-sml-layout":"","theme-transparent-header-meta":"","adv-header-id-meta":"","stick-header-meta":"","header-above-stick-meta":"","header-main-stick-meta":"","header-below-stick-meta":"","astra-migrate-meta-layouts":"default","ast-page-background-enabled":"default","ast-page-background-meta":{"desktop":{"background-color":"var(--ast-global-color-4)","background-image":"","background-repeat":"repeat","background-position":"center center","background-size":"auto","background-attachment":"scroll","background-type":"","background-media":"","overlay-type":"","overlay-color":"","overlay-opacity":"","overlay-gradient":""},"tablet":{"background-color":"","background-image":"","background-repeat":"repeat","background-position":"center center","background-size":"auto","background-attachment":"scroll","background-type":"","background-media":"","overlay-type":"","overlay-color":"","overlay-opacity":"","overlay-gradient":""},"mobile":{"background-color":"","background-image":"","background-repeat":"repeat","background-position":"center center","background-size":"auto","background-attachment":"scroll","background-type":"","background-media":"","overlay-type":"","overlay-color":"","overlay-opacity":"","overlay-gradient":""}},"ast-content-background-meta":{"desktop":{"background-color":"var(--ast-global-color-5)","background-image":"","background-repeat":"repeat","background-position":"center center","background-size":"auto","background-attachment":"scroll","background-type":"","background-media":"","overlay-type":"","overlay-color":"","overlay-opacity":"","overlay-gradient":""},"tablet":{"background-color":"var(--ast-global-color-5)","background-image":"","background-repeat":"repeat","background-position":"center center","background-size":"auto","background-attachment":"scroll","background-type":"","background-media":"","overlay-type":"","overlay-color":"","overlay-opacity":"","overlay-gradient":""},"mobile":{"background-color":"var(--ast-global-color-5)","background-image":"","background-repeat":"repeat","background-position":"center center","background-size":"auto","background-attachment":"scroll","background-type":"","background-media":"","overlay-type":"","overlay-color":"","overlay-opacity":"","overlay-gradient":""}},"footnotes":""},"categories":[22,1,4],"tags":[446,428,445],"class_list":["post-9250","post","type-post","status-publish","format-standard","hentry","category-petits","category-general","category-portada","tag-artista","tag-i4","tag-tapies"],"post_mailing_queue_ids":[],"_links":{"self":[{"href":"https:\/\/agora.xtec.cat\/escolaelsquatrevents\/wp-json\/wp\/v2\/posts\/9250","targetHints":{"allow":["GET"]}}],"collection":[{"href":"https:\/\/agora.xtec.cat\/escolaelsquatrevents\/wp-json\/wp\/v2\/posts"}],"about":[{"href":"https:\/\/agora.xtec.cat\/escolaelsquatrevents\/wp-json\/wp\/v2\/types\/post"}],"author":[{"embeddable":true,"href":"https:\/\/agora.xtec.cat\/escolaelsquatrevents\/wp-json\/wp\/v2\/users\/3"}],"replies":[{"embeddable":true,"href":"https:\/\/agora.xtec.cat\/escolaelsquatrevents\/wp-json\/wp\/v2\/comments?post=9250"}],"version-history":[{"count":3,"href":"https:\/\/agora.xtec.cat\/escolaelsquatrevents\/wp-json\/wp\/v2\/posts\/9250\/revisions"}],"predecessor-version":[{"id":9269,"href":"https:\/\/agora.xtec.cat\/escolaelsquatrevents\/wp-json\/wp\/v2\/posts\/9250\/revisions\/9269"}],"wp:attachment":[{"href":"https:\/\/agora.xtec.cat\/escolaelsquatrevents\/wp-json\/wp\/v2\/media?parent=9250"}],"wp:term":[{"taxonomy":"category","embeddable":true,"href":"https:\/\/agora.xtec.cat\/escolaelsquatrevents\/wp-json\/wp\/v2\/categories?post=9250"},{"taxonomy":"post_tag","embeddable":true,"href":"https:\/\/agora.xtec.cat\/escolaelsquatrevents\/wp-json\/wp\/v2\/tags?post=9250"}],"curies":[{"name":"wp","href":"https:\/\/api.w.org\/{rel}","templated":true}]}}