{"id":9171,"date":"2023-12-15T15:27:46","date_gmt":"2023-12-15T14:27:46","guid":{"rendered":"https:\/\/agora.xtec.cat\/escolaelsquatrevents\/?p=9171"},"modified":"2023-12-15T15:27:46","modified_gmt":"2023-12-15T14:27:46","slug":"fort-i-fluix-a-i5","status":"publish","type":"post","link":"https:\/\/agora.xtec.cat\/escolaelsquatrevents\/general\/fort-i-fluix-a-i5\/","title":{"rendered":"Fort i fluix a I5"},"content":{"rendered":"<p><span class=\"hiddenGrammarError\" style=\"padding-bottom: 2px; background-image: url('..\/..\/..\/..\/..\/images\/squiggle.png'); background-repeat: repeat-x; background-position: left bottom; cursor: default; color: #000000; font-family: 'Open Sans', Helvetica, Arial, sans-serif; font-size: 16px; font-style: normal; font-variant-ligatures: normal; font-variant-caps: normal; font-weight: 300; letter-spacing: normal; orphans: 2; text-align: start; text-indent: 0px; text-transform: none; widows: 2; word-spacing: 0px; -webkit-text-stroke-width: 0px; white-space: normal; text-decoration-thickness: initial; text-decoration-style: initial; text-decoration-color: initial;\">Bona tarda<\/span>\u00a0fam\u00edlies,<\/p>\n<p>Aquest primer trimestre els nens i nenes de les classes dels elefants i\u00a0els ping\u00fcins\u00a0hem estat molt ocupats treballant les qualitats del\u00a0so\u00a0com \u00e9s la intensitat.\u00a0Hem provat\u00a0a\u00a0reproduir\u00a0el Forte i el Piano a diferents instruments i tamb\u00e9 escoltar-lo i\u00a0identificar-lo\u00a0a partir d&#8217;alguna pe\u00e7a musical.<\/p>\n<p>Hem gaudit molt\u00edssim i incl\u00fas hem fet alguns dictats de forte i fluix amb musicogrames!<\/p>\n<p>Tot seguit podeu fer clic als enlla\u00e7os per poder veure algunes de les fotografies que hem fet mentre treball\u00e0vem.<\/p>\n<p><a href=\"https:\/\/drive.google.com\/drive\/folders\/1mi0Zlua0h76eXwK0m3q6AcgNiLwreBAc?usp=sharing\" target=\"_blank\" rel=\"noopener\">Fotos I5B<\/a><\/p>\n<p><a href=\"https:\/\/drive.google.com\/drive\/folders\/1B2db-nszWymeQTjK6UFHut4iTil_8tLz?usp=sharing\" target=\"_blank\" rel=\"noopener\">Fotos I5G<\/a><\/p>\n<p>&nbsp;<\/p>\n","protected":false},"excerpt":{"rendered":"<p>Bona tarda\u00a0fam\u00edlies, Aquest primer trimestre els nens i nenes de les classes dels elefants i\u00a0els ping\u00fcins\u00a0hem estat molt ocupats treballant les qualitats del\u00a0so\u00a0com \u00e9s la intensitat.\u00a0Hem provat\u00a0a\u00a0reproduir\u00a0el Forte i el Piano a diferents instruments i tamb\u00e9 escoltar-lo i\u00a0identificar-lo\u00a0a partir d&#8217;alguna pe\u00e7a musical. Hem gaudit molt\u00edssim i incl\u00fas hem fet alguns dictats de forte i fluix [&hellip;]<\/p>\n","protected":false},"author":3,"featured_media":9173,"comment_status":"closed","ping_status":"closed","sticky":false,"template":"","format":"standard","meta":{"_bbp_topic_count":0,"_bbp_reply_count":0,"_bbp_total_topic_count":0,"_bbp_total_reply_count":0,"_bbp_voice_count":0,"_bbp_anonymous_reply_count":0,"_bbp_topic_count_hidden":0,"_bbp_reply_count_hidden":0,"_bbp_forum_subforum_count":0,"site-sidebar-layout":"default","site-content-layout":"","ast-site-content-layout":"","site-content-style":"default","site-sidebar-style":"default","ast-global-header-display":"","ast-banner-title-visibility":"","ast-main-header-display":"","ast-hfb-above-header-display":"","ast-hfb-below-header-display":"","ast-hfb-mobile-header-display":"","site-post-title":"","ast-breadcrumbs-content":"","ast-featured-img":"","footer-sml-layout":"","theme-transparent-header-meta":"","adv-header-id-meta":"","stick-header-meta":"","header-above-stick-meta":"","header-main-stick-meta":"","header-below-stick-meta":"","astra-migrate-meta-layouts":"default","ast-page-background-enabled":"default","ast-page-background-meta":{"desktop":{"background-color":"var(--ast-global-color-4)","background-image":"","background-repeat":"repeat","background-position":"center center","background-size":"auto","background-attachment":"scroll","background-type":"","background-media":"","overlay-type":"","overlay-color":"","overlay-opacity":"","overlay-gradient":""},"tablet":{"background-color":"","background-image":"","background-repeat":"repeat","background-position":"center center","background-size":"auto","background-attachment":"scroll","background-type":"","background-media":"","overlay-type":"","overlay-color":"","overlay-opacity":"","overlay-gradient":""},"mobile":{"background-color":"","background-image":"","background-repeat":"repeat","background-position":"center center","background-size":"auto","background-attachment":"scroll","background-type":"","background-media":"","overlay-type":"","overlay-color":"","overlay-opacity":"","overlay-gradient":""}},"ast-content-background-meta":{"desktop":{"background-color":"var(--ast-global-color-5)","background-image":"","background-repeat":"repeat","background-position":"center center","background-size":"auto","background-attachment":"scroll","background-type":"","background-media":"","overlay-type":"","overlay-color":"","overlay-opacity":"","overlay-gradient":""},"tablet":{"background-color":"var(--ast-global-color-5)","background-image":"","background-repeat":"repeat","background-position":"center center","background-size":"auto","background-attachment":"scroll","background-type":"","background-media":"","overlay-type":"","overlay-color":"","overlay-opacity":"","overlay-gradient":""},"mobile":{"background-color":"var(--ast-global-color-5)","background-image":"","background-repeat":"repeat","background-position":"center center","background-size":"auto","background-attachment":"scroll","background-type":"","background-media":"","overlay-type":"","overlay-color":"","overlay-opacity":"","overlay-gradient":""}},"footnotes":""},"categories":[22,1,435,4],"tags":[348,55,25,350,441],"class_list":["post-9171","post","type-post","status-publish","format-standard","has-post-thumbnail","hentry","category-petits","category-general","category-i5-petits","category-portada","tag-fort","tag-musica","tag-petits","tag-piano","tag-so"],"post_mailing_queue_ids":[],"_links":{"self":[{"href":"https:\/\/agora.xtec.cat\/escolaelsquatrevents\/wp-json\/wp\/v2\/posts\/9171","targetHints":{"allow":["GET"]}}],"collection":[{"href":"https:\/\/agora.xtec.cat\/escolaelsquatrevents\/wp-json\/wp\/v2\/posts"}],"about":[{"href":"https:\/\/agora.xtec.cat\/escolaelsquatrevents\/wp-json\/wp\/v2\/types\/post"}],"author":[{"embeddable":true,"href":"https:\/\/agora.xtec.cat\/escolaelsquatrevents\/wp-json\/wp\/v2\/users\/3"}],"replies":[{"embeddable":true,"href":"https:\/\/agora.xtec.cat\/escolaelsquatrevents\/wp-json\/wp\/v2\/comments?post=9171"}],"version-history":[{"count":4,"href":"https:\/\/agora.xtec.cat\/escolaelsquatrevents\/wp-json\/wp\/v2\/posts\/9171\/revisions"}],"predecessor-version":[{"id":9191,"href":"https:\/\/agora.xtec.cat\/escolaelsquatrevents\/wp-json\/wp\/v2\/posts\/9171\/revisions\/9191"}],"wp:featuredmedia":[{"embeddable":true,"href":"https:\/\/agora.xtec.cat\/escolaelsquatrevents\/wp-json\/wp\/v2\/media\/9173"}],"wp:attachment":[{"href":"https:\/\/agora.xtec.cat\/escolaelsquatrevents\/wp-json\/wp\/v2\/media?parent=9171"}],"wp:term":[{"taxonomy":"category","embeddable":true,"href":"https:\/\/agora.xtec.cat\/escolaelsquatrevents\/wp-json\/wp\/v2\/categories?post=9171"},{"taxonomy":"post_tag","embeddable":true,"href":"https:\/\/agora.xtec.cat\/escolaelsquatrevents\/wp-json\/wp\/v2\/tags?post=9171"}],"curies":[{"name":"wp","href":"https:\/\/api.w.org\/{rel}","templated":true}]}}