{"id":9131,"date":"2023-11-21T10:27:18","date_gmt":"2023-11-21T09:27:18","guid":{"rendered":"https:\/\/agora.xtec.cat\/escolaelsquatrevents\/?p=9131"},"modified":"2024-02-21T11:38:09","modified_gmt":"2024-02-21T10:38:09","slug":"consciencia-fonologica-a-i4","status":"publish","type":"post","link":"https:\/\/agora.xtec.cat\/escolaelsquatrevents\/general\/consciencia-fonologica-a-i4\/","title":{"rendered":"Consci\u00e8ncia fonol\u00f2gica a I4"},"content":{"rendered":"<p>Bon dia fam\u00edlies!<\/p>\n<p>Els nens i nenes d&#8217;I4 estem treballant de valent la consci\u00e8ncia fonol\u00f2gica (CF). La CF ens ajuda molt com a pas previ a la lectoescriptura i \u00e9s l&#8217;habilitat de recon\u00e8ixer i utilitzar els sons en el llenguatge parlat.<\/p>\n<p>Els nens i nenes d&#8217;I4 Blau i I4 Groc ens barregem i fem tres grups: les boques, els nassos i les orelles. Cada grup se&#8217;n va amb una mestra (la Laia, l&#8217;Eva o l&#8217;Anna) i treballa de manera l\u00fadica. Aquestes setmanes hem estat fent jocs per aprendre la difer\u00e8ncia entre paraula i frase.<\/p>\n<p>A continuaci\u00f3 teniu un recull de les fotografies de les sessions realitzades.<\/p>\n<p><a href=\"https:\/\/drive.google.com\/drive\/folders\/1ts-xnd0r73Swj4qtSwbshchvzTyGpPxK?usp=sharing\">FOTOS CF I4<\/a><\/p>\n<p>Esperem que us agradin! I no dubteu en continuar treballant des de casa! \ud83d\ude42<\/p>\n<p><img loading=\"lazy\" decoding=\"async\" class=\"aligncenter size-medium wp-image-9132\" src=\"https:\/\/agora.xtec.cat\/escolaelsquatrevents\/wp-content\/uploads\/usu584\/2023\/11\/WhatsApp-Image-2023-10-25-at-10.18.52-1-225x300.jpeg\" alt=\"\" width=\"225\" height=\"300\" srcset=\"https:\/\/agora.xtec.cat\/escolaelsquatrevents\/wp-content\/uploads\/usu584\/2023\/11\/WhatsApp-Image-2023-10-25-at-10.18.52-1-225x300.jpeg 225w, https:\/\/agora.xtec.cat\/escolaelsquatrevents\/wp-content\/uploads\/usu584\/2023\/11\/WhatsApp-Image-2023-10-25-at-10.18.52-1.jpeg 768w\" sizes=\"auto, (max-width: 225px) 100vw, 225px\" \/><\/p>\n","protected":false},"excerpt":{"rendered":"<p>Bon dia fam\u00edlies! Els nens i nenes d&#8217;I4 estem treballant de valent la consci\u00e8ncia fonol\u00f2gica (CF). La CF ens ajuda molt com a pas previ a la lectoescriptura i \u00e9s l&#8217;habilitat de recon\u00e8ixer i utilitzar els sons en el llenguatge parlat. Els nens i nenes d&#8217;I4 Blau i I4 Groc ens barregem i fem tres [&hellip;]<\/p>\n","protected":false},"author":3,"featured_media":9132,"comment_status":"closed","ping_status":"closed","sticky":false,"template":"","format":"standard","meta":{"_bbp_topic_count":0,"_bbp_reply_count":0,"_bbp_total_topic_count":0,"_bbp_total_reply_count":0,"_bbp_voice_count":0,"_bbp_anonymous_reply_count":0,"_bbp_topic_count_hidden":0,"_bbp_reply_count_hidden":0,"_bbp_forum_subforum_count":0,"site-sidebar-layout":"default","site-content-layout":"","ast-site-content-layout":"","site-content-style":"default","site-sidebar-style":"default","ast-global-header-display":"","ast-banner-title-visibility":"","ast-main-header-display":"","ast-hfb-above-header-display":"","ast-hfb-below-header-display":"","ast-hfb-mobile-header-display":"","site-post-title":"","ast-breadcrumbs-content":"","ast-featured-img":"","footer-sml-layout":"","theme-transparent-header-meta":"","adv-header-id-meta":"","stick-header-meta":"","header-above-stick-meta":"","header-main-stick-meta":"","header-below-stick-meta":"","astra-migrate-meta-layouts":"default","ast-page-background-enabled":"default","ast-page-background-meta":{"desktop":{"background-color":"var(--ast-global-color-4)","background-image":"","background-repeat":"repeat","background-position":"center center","background-size":"auto","background-attachment":"scroll","background-type":"","background-media":"","overlay-type":"","overlay-color":"","overlay-opacity":"","overlay-gradient":""},"tablet":{"background-color":"","background-image":"","background-repeat":"repeat","background-position":"center center","background-size":"auto","background-attachment":"scroll","background-type":"","background-media":"","overlay-type":"","overlay-color":"","overlay-opacity":"","overlay-gradient":""},"mobile":{"background-color":"","background-image":"","background-repeat":"repeat","background-position":"center center","background-size":"auto","background-attachment":"scroll","background-type":"","background-media":"","overlay-type":"","overlay-color":"","overlay-opacity":"","overlay-gradient":""}},"ast-content-background-meta":{"desktop":{"background-color":"var(--ast-global-color-5)","background-image":"","background-repeat":"repeat","background-position":"center center","background-size":"auto","background-attachment":"scroll","background-type":"","background-media":"","overlay-type":"","overlay-color":"","overlay-opacity":"","overlay-gradient":""},"tablet":{"background-color":"var(--ast-global-color-5)","background-image":"","background-repeat":"repeat","background-position":"center center","background-size":"auto","background-attachment":"scroll","background-type":"","background-media":"","overlay-type":"","overlay-color":"","overlay-opacity":"","overlay-gradient":""},"mobile":{"background-color":"var(--ast-global-color-5)","background-image":"","background-repeat":"repeat","background-position":"center center","background-size":"auto","background-attachment":"scroll","background-type":"","background-media":"","overlay-type":"","overlay-color":"","overlay-opacity":"","overlay-gradient":""}},"footnotes":""},"categories":[22,1,4],"tags":[438,131,158,428,440,148],"class_list":["post-9131","post","type-post","status-publish","format-standard","has-post-thumbnail","hentry","category-petits","category-general","category-portada","tag-cf","tag-comunitat-de-petits","tag-consciencia-fonologica","tag-i4","tag-lectoescriptura","tag-llengua"],"post_mailing_queue_ids":[],"_links":{"self":[{"href":"https:\/\/agora.xtec.cat\/escolaelsquatrevents\/wp-json\/wp\/v2\/posts\/9131","targetHints":{"allow":["GET"]}}],"collection":[{"href":"https:\/\/agora.xtec.cat\/escolaelsquatrevents\/wp-json\/wp\/v2\/posts"}],"about":[{"href":"https:\/\/agora.xtec.cat\/escolaelsquatrevents\/wp-json\/wp\/v2\/types\/post"}],"author":[{"embeddable":true,"href":"https:\/\/agora.xtec.cat\/escolaelsquatrevents\/wp-json\/wp\/v2\/users\/3"}],"replies":[{"embeddable":true,"href":"https:\/\/agora.xtec.cat\/escolaelsquatrevents\/wp-json\/wp\/v2\/comments?post=9131"}],"version-history":[{"count":3,"href":"https:\/\/agora.xtec.cat\/escolaelsquatrevents\/wp-json\/wp\/v2\/posts\/9131\/revisions"}],"predecessor-version":[{"id":9271,"href":"https:\/\/agora.xtec.cat\/escolaelsquatrevents\/wp-json\/wp\/v2\/posts\/9131\/revisions\/9271"}],"wp:featuredmedia":[{"embeddable":true,"href":"https:\/\/agora.xtec.cat\/escolaelsquatrevents\/wp-json\/wp\/v2\/media\/9132"}],"wp:attachment":[{"href":"https:\/\/agora.xtec.cat\/escolaelsquatrevents\/wp-json\/wp\/v2\/media?parent=9131"}],"wp:term":[{"taxonomy":"category","embeddable":true,"href":"https:\/\/agora.xtec.cat\/escolaelsquatrevents\/wp-json\/wp\/v2\/categories?post=9131"},{"taxonomy":"post_tag","embeddable":true,"href":"https:\/\/agora.xtec.cat\/escolaelsquatrevents\/wp-json\/wp\/v2\/tags?post=9131"}],"curies":[{"name":"wp","href":"https:\/\/api.w.org\/{rel}","templated":true}]}}