{"id":8960,"date":"2023-06-02T14:42:24","date_gmt":"2023-06-02T12:42:24","guid":{"rendered":"https:\/\/agora.xtec.cat\/escolaelsquatrevents\/?p=8960"},"modified":"2023-06-26T12:04:06","modified_gmt":"2023-06-26T10:04:06","slug":"la-rebel%c2%b7lio-al-mon-dels-contes","status":"publish","type":"post","link":"https:\/\/agora.xtec.cat\/escolaelsquatrevents\/general\/la-rebel%c2%b7lio-al-mon-dels-contes\/","title":{"rendered":"LA REBEL\u00b7LI\u00d3 AL M\u00d3N DELS CONTES"},"content":{"rendered":"<p>Els nens i les nenes de 3r van representar dues vegades l&#8217;obra: La rebel\u00b7li\u00f3 al m\u00f3n dels contes! Hi hagut molts nervis per\u00f2 se n&#8217;han sortit com a veritables actrius i actors!<\/p>\n<p>Orgull del nostre alumnat per tot el que s&#8217;hi han esfor\u00e7at.<\/p>\n<p>Podeu veure la gravaci\u00f3 de l&#8217;obra fent clic a la seg\u00fcent imatge:<\/p>\n<p><a href=\"https:\/\/drive.google.com\/drive\/u\/2\/folders\/1GntuORWHwgzyW4WYmbIA1x362r52qIZ5\"><img loading=\"lazy\" decoding=\"async\" class=\"aligncenter size-medium wp-image-8961\" src=\"https:\/\/agora.xtec.cat\/escolaelsquatrevents\/wp-content\/uploads\/usu584\/2023\/06\/cartell-215x300.jpeg\" alt=\"\" width=\"215\" height=\"300\" srcset=\"https:\/\/agora.xtec.cat\/escolaelsquatrevents\/wp-content\/uploads\/usu584\/2023\/06\/cartell-215x300.jpeg 215w, https:\/\/agora.xtec.cat\/escolaelsquatrevents\/wp-content\/uploads\/usu584\/2023\/06\/cartell-732x1024.jpeg 732w, https:\/\/agora.xtec.cat\/escolaelsquatrevents\/wp-content\/uploads\/usu584\/2023\/06\/cartell-768x1074.jpeg 768w, https:\/\/agora.xtec.cat\/escolaelsquatrevents\/wp-content\/uploads\/usu584\/2023\/06\/cartell.jpeg 1067w\" sizes=\"auto, (max-width: 215px) 100vw, 215px\" \/><\/a><\/p>\n<p>Esperem que us agradi tant com a nosaltres representar-la!<\/p>\n","protected":false},"excerpt":{"rendered":"<p>Els nens i les nenes de 3r van representar dues vegades l&#8217;obra: La rebel\u00b7li\u00f3 al m\u00f3n dels contes! Hi hagut molts nervis per\u00f2 se n&#8217;han sortit com a veritables actrius i actors! Orgull del nostre alumnat per tot el que s&#8217;hi han esfor\u00e7at. Podeu veure la gravaci\u00f3 de l&#8217;obra fent clic a la seg\u00fcent imatge: [&hellip;]<\/p>\n","protected":false},"author":3,"featured_media":0,"comment_status":"closed","ping_status":"closed","sticky":false,"template":"","format":"standard","meta":{"_bbp_topic_count":0,"_bbp_reply_count":0,"_bbp_total_topic_count":0,"_bbp_total_reply_count":0,"_bbp_voice_count":0,"_bbp_anonymous_reply_count":0,"_bbp_topic_count_hidden":0,"_bbp_reply_count_hidden":0,"_bbp_forum_subforum_count":0,"site-sidebar-layout":"default","site-content-layout":"","ast-site-content-layout":"","site-content-style":"default","site-sidebar-style":"default","ast-global-header-display":"","ast-banner-title-visibility":"","ast-main-header-display":"","ast-hfb-above-header-display":"","ast-hfb-below-header-display":"","ast-hfb-mobile-header-display":"","site-post-title":"","ast-breadcrumbs-content":"","ast-featured-img":"","footer-sml-layout":"","theme-transparent-header-meta":"","adv-header-id-meta":"","stick-header-meta":"","header-above-stick-meta":"","header-main-stick-meta":"","header-below-stick-meta":"","astra-migrate-meta-layouts":"default","ast-page-background-enabled":"default","ast-page-background-meta":{"desktop":{"background-color":"var(--ast-global-color-4)","background-image":"","background-repeat":"repeat","background-position":"center center","background-size":"auto","background-attachment":"scroll","background-type":"","background-media":"","overlay-type":"","overlay-color":"","overlay-opacity":"","overlay-gradient":""},"tablet":{"background-color":"","background-image":"","background-repeat":"repeat","background-position":"center center","background-size":"auto","background-attachment":"scroll","background-type":"","background-media":"","overlay-type":"","overlay-color":"","overlay-opacity":"","overlay-gradient":""},"mobile":{"background-color":"","background-image":"","background-repeat":"repeat","background-position":"center center","background-size":"auto","background-attachment":"scroll","background-type":"","background-media":"","overlay-type":"","overlay-color":"","overlay-opacity":"","overlay-gradient":""}},"ast-content-background-meta":{"desktop":{"background-color":"var(--ast-global-color-5)","background-image":"","background-repeat":"repeat","background-position":"center center","background-size":"auto","background-attachment":"scroll","background-type":"","background-media":"","overlay-type":"","overlay-color":"","overlay-opacity":"","overlay-gradient":""},"tablet":{"background-color":"var(--ast-global-color-5)","background-image":"","background-repeat":"repeat","background-position":"center center","background-size":"auto","background-attachment":"scroll","background-type":"","background-media":"","overlay-type":"","overlay-color":"","overlay-opacity":"","overlay-gradient":""},"mobile":{"background-color":"var(--ast-global-color-5)","background-image":"","background-repeat":"repeat","background-position":"center center","background-size":"auto","background-attachment":"scroll","background-type":"","background-media":"","overlay-type":"","overlay-color":"","overlay-opacity":"","overlay-gradient":""}},"footnotes":""},"categories":[3,1,4],"tags":[97,33,133,98],"class_list":["post-8960","post","type-post","status-publish","format-standard","hentry","category-mitjans","category-general","category-portada","tag-3r","tag-activitats-generals","tag-comunitat-de-mitjans","tag-teatre"],"post_mailing_queue_ids":[],"_links":{"self":[{"href":"https:\/\/agora.xtec.cat\/escolaelsquatrevents\/wp-json\/wp\/v2\/posts\/8960","targetHints":{"allow":["GET"]}}],"collection":[{"href":"https:\/\/agora.xtec.cat\/escolaelsquatrevents\/wp-json\/wp\/v2\/posts"}],"about":[{"href":"https:\/\/agora.xtec.cat\/escolaelsquatrevents\/wp-json\/wp\/v2\/types\/post"}],"author":[{"embeddable":true,"href":"https:\/\/agora.xtec.cat\/escolaelsquatrevents\/wp-json\/wp\/v2\/users\/3"}],"replies":[{"embeddable":true,"href":"https:\/\/agora.xtec.cat\/escolaelsquatrevents\/wp-json\/wp\/v2\/comments?post=8960"}],"version-history":[{"count":1,"href":"https:\/\/agora.xtec.cat\/escolaelsquatrevents\/wp-json\/wp\/v2\/posts\/8960\/revisions"}],"predecessor-version":[{"id":8962,"href":"https:\/\/agora.xtec.cat\/escolaelsquatrevents\/wp-json\/wp\/v2\/posts\/8960\/revisions\/8962"}],"wp:attachment":[{"href":"https:\/\/agora.xtec.cat\/escolaelsquatrevents\/wp-json\/wp\/v2\/media?parent=8960"}],"wp:term":[{"taxonomy":"category","embeddable":true,"href":"https:\/\/agora.xtec.cat\/escolaelsquatrevents\/wp-json\/wp\/v2\/categories?post=8960"},{"taxonomy":"post_tag","embeddable":true,"href":"https:\/\/agora.xtec.cat\/escolaelsquatrevents\/wp-json\/wp\/v2\/tags?post=8960"}],"curies":[{"name":"wp","href":"https:\/\/api.w.org\/{rel}","templated":true}]}}