{"id":8951,"date":"2023-06-23T09:58:45","date_gmt":"2023-06-23T07:58:45","guid":{"rendered":"https:\/\/agora.xtec.cat\/escolaelsquatrevents\/?p=8951"},"modified":"2023-06-23T09:58:45","modified_gmt":"2023-06-23T07:58:45","slug":"families-dinstruments-a-i4","status":"publish","type":"post","link":"https:\/\/agora.xtec.cat\/escolaelsquatrevents\/general\/families-dinstruments-a-i4\/","title":{"rendered":"Fam\u00edlies d&#8217;instruments a I4"},"content":{"rendered":"<p>Bon d\u00eda fam\u00edlies!<\/p>\n<p>&nbsp;<\/p>\n<p>Aquest tercer trimestre hem treballat les fam\u00edlies d&#8217;instruments i hem treballat molt\u00edssim quines estrat\u00e8gies fer servir per poder recon\u00e8ixer les fam\u00edlies de Vent, Percussi\u00f3 i Corda. Hem pogut experimentar i observar amb els instruments que tenim a la nostra aula de m\u00fasica i, finalment hem jugat amb sons d&#8217;instruments per recon\u00e8ixer la fam\u00edlia i intentar endevinar l&#8217;instrument que sonava.<\/p>\n<p>Finalment, vam fer un Kahoot com si fos un programa de televisi\u00f3 on ens vam divertir molt\u00edssim. Tot seguit podreu veure un tastet de com va ser.<\/p>\n<p>Feu clic a l&#8217;enlla\u00e7 per poder veure el v\u00eddeo.<\/p>\n<p><a href=\"https:\/\/drive.google.com\/file\/d\/1E-A2o6vpsrNnROJGIJ0gKaNhVifxK213\/view?usp=sharing\" target=\"_blank\" rel=\"noopener\"><img loading=\"lazy\" decoding=\"async\" class=\"aligncenter wp-image-8953 size-medium\" src=\"https:\/\/agora.xtec.cat\/escolaelsquatrevents\/wp-content\/uploads\/usu584\/2023\/06\/IMG20230605113439-1-300x135.jpg\" alt=\"\" width=\"300\" height=\"135\" srcset=\"https:\/\/agora.xtec.cat\/escolaelsquatrevents\/wp-content\/uploads\/usu584\/2023\/06\/IMG20230605113439-1-300x135.jpg 300w, https:\/\/agora.xtec.cat\/escolaelsquatrevents\/wp-content\/uploads\/usu584\/2023\/06\/IMG20230605113439-1-1024x462.jpg 1024w, https:\/\/agora.xtec.cat\/escolaelsquatrevents\/wp-content\/uploads\/usu584\/2023\/06\/IMG20230605113439-1-768x347.jpg 768w, https:\/\/agora.xtec.cat\/escolaelsquatrevents\/wp-content\/uploads\/usu584\/2023\/06\/IMG20230605113439-1-1536x693.jpg 1536w, https:\/\/agora.xtec.cat\/escolaelsquatrevents\/wp-content\/uploads\/usu584\/2023\/06\/IMG20230605113439-1-2048x924.jpg 2048w\" sizes=\"auto, (max-width: 300px) 100vw, 300px\" \/><\/a><\/p>\n","protected":false},"excerpt":{"rendered":"<p>Bon d\u00eda fam\u00edlies! &nbsp; Aquest tercer trimestre hem treballat les fam\u00edlies d&#8217;instruments i hem treballat molt\u00edssim quines estrat\u00e8gies fer servir per poder recon\u00e8ixer les fam\u00edlies de Vent, Percussi\u00f3 i Corda. Hem pogut experimentar i observar amb els instruments que tenim a la nostra aula de m\u00fasica i, finalment hem jugat amb sons d&#8217;instruments per recon\u00e8ixer [&hellip;]<\/p>\n","protected":false},"author":3,"featured_media":8953,"comment_status":"closed","ping_status":"closed","sticky":false,"template":"","format":"standard","meta":{"_bbp_topic_count":0,"_bbp_reply_count":0,"_bbp_total_topic_count":0,"_bbp_total_reply_count":0,"_bbp_voice_count":0,"_bbp_anonymous_reply_count":0,"_bbp_topic_count_hidden":0,"_bbp_reply_count_hidden":0,"_bbp_forum_subforum_count":0,"site-sidebar-layout":"default","site-content-layout":"","ast-site-content-layout":"","site-content-style":"default","site-sidebar-style":"default","ast-global-header-display":"","ast-banner-title-visibility":"","ast-main-header-display":"","ast-hfb-above-header-display":"","ast-hfb-below-header-display":"","ast-hfb-mobile-header-display":"","site-post-title":"","ast-breadcrumbs-content":"","ast-featured-img":"","footer-sml-layout":"","theme-transparent-header-meta":"","adv-header-id-meta":"","stick-header-meta":"","header-above-stick-meta":"","header-main-stick-meta":"","header-below-stick-meta":"","astra-migrate-meta-layouts":"default","ast-page-background-enabled":"default","ast-page-background-meta":{"desktop":{"background-color":"var(--ast-global-color-4)","background-image":"","background-repeat":"repeat","background-position":"center center","background-size":"auto","background-attachment":"scroll","background-type":"","background-media":"","overlay-type":"","overlay-color":"","overlay-opacity":"","overlay-gradient":""},"tablet":{"background-color":"","background-image":"","background-repeat":"repeat","background-position":"center center","background-size":"auto","background-attachment":"scroll","background-type":"","background-media":"","overlay-type":"","overlay-color":"","overlay-opacity":"","overlay-gradient":""},"mobile":{"background-color":"","background-image":"","background-repeat":"repeat","background-position":"center center","background-size":"auto","background-attachment":"scroll","background-type":"","background-media":"","overlay-type":"","overlay-color":"","overlay-opacity":"","overlay-gradient":""}},"ast-content-background-meta":{"desktop":{"background-color":"var(--ast-global-color-5)","background-image":"","background-repeat":"repeat","background-position":"center center","background-size":"auto","background-attachment":"scroll","background-type":"","background-media":"","overlay-type":"","overlay-color":"","overlay-opacity":"","overlay-gradient":""},"tablet":{"background-color":"var(--ast-global-color-5)","background-image":"","background-repeat":"repeat","background-position":"center center","background-size":"auto","background-attachment":"scroll","background-type":"","background-media":"","overlay-type":"","overlay-color":"","overlay-opacity":"","overlay-gradient":""},"mobile":{"background-color":"var(--ast-global-color-5)","background-image":"","background-repeat":"repeat","background-position":"center center","background-size":"auto","background-attachment":"scroll","background-type":"","background-media":"","overlay-type":"","overlay-color":"","overlay-opacity":"","overlay-gradient":""}},"footnotes":""},"categories":[22,1,4],"tags":[131,428,55,25],"class_list":["post-8951","post","type-post","status-publish","format-standard","has-post-thumbnail","hentry","category-petits","category-general","category-portada","tag-comunitat-de-petits","tag-i4","tag-musica","tag-petits"],"post_mailing_queue_ids":[],"_links":{"self":[{"href":"https:\/\/agora.xtec.cat\/escolaelsquatrevents\/wp-json\/wp\/v2\/posts\/8951","targetHints":{"allow":["GET"]}}],"collection":[{"href":"https:\/\/agora.xtec.cat\/escolaelsquatrevents\/wp-json\/wp\/v2\/posts"}],"about":[{"href":"https:\/\/agora.xtec.cat\/escolaelsquatrevents\/wp-json\/wp\/v2\/types\/post"}],"author":[{"embeddable":true,"href":"https:\/\/agora.xtec.cat\/escolaelsquatrevents\/wp-json\/wp\/v2\/users\/3"}],"replies":[{"embeddable":true,"href":"https:\/\/agora.xtec.cat\/escolaelsquatrevents\/wp-json\/wp\/v2\/comments?post=8951"}],"version-history":[{"count":3,"href":"https:\/\/agora.xtec.cat\/escolaelsquatrevents\/wp-json\/wp\/v2\/posts\/8951\/revisions"}],"predecessor-version":[{"id":8959,"href":"https:\/\/agora.xtec.cat\/escolaelsquatrevents\/wp-json\/wp\/v2\/posts\/8951\/revisions\/8959"}],"wp:featuredmedia":[{"embeddable":true,"href":"https:\/\/agora.xtec.cat\/escolaelsquatrevents\/wp-json\/wp\/v2\/media\/8953"}],"wp:attachment":[{"href":"https:\/\/agora.xtec.cat\/escolaelsquatrevents\/wp-json\/wp\/v2\/media?parent=8951"}],"wp:term":[{"taxonomy":"category","embeddable":true,"href":"https:\/\/agora.xtec.cat\/escolaelsquatrevents\/wp-json\/wp\/v2\/categories?post=8951"},{"taxonomy":"post_tag","embeddable":true,"href":"https:\/\/agora.xtec.cat\/escolaelsquatrevents\/wp-json\/wp\/v2\/tags?post=8951"}],"curies":[{"name":"wp","href":"https:\/\/api.w.org\/{rel}","templated":true}]}}