{"id":8937,"date":"2023-06-21T09:19:33","date_gmt":"2023-06-21T07:19:33","guid":{"rendered":"https:\/\/agora.xtec.cat\/escolaelsquatrevents\/?p=8937"},"modified":"2023-06-21T09:19:41","modified_gmt":"2023-06-21T07:19:41","slug":"la-gavina-a-p5","status":"publish","type":"post","link":"https:\/\/agora.xtec.cat\/escolaelsquatrevents\/general\/la-gavina-a-p5\/","title":{"rendered":"La Gavina a P5"},"content":{"rendered":"<p>Bon dia fam\u00edlies,<\/p>\n<p>Avui us fem arribar un petit tastet de les sessions de m\u00fasica que hem treballat a I5, m\u00e9s concretament a la classe dels bombers i bomberes. Hem fet una audici\u00f3 d&#8217;una havanera titulada la gavina, hem parlat sobre si la m\u00fasica l&#8217;han fet fa poc o fa molts anys, quins instruments podem recon\u00e8ixer escoltant la can\u00e7\u00f3 i per \u00faltim, hem reprodu\u00eft onades de mar intentant anar al ritme de la m\u00fasica, ja que semblava que an\u00e9ssim en un veler de fa molts anys. Feu clic a la imatge per poder veure el v\u00eddeo.<\/p>\n<p>Esperem que gaudiu del v\u00eddeo i que hem preparat.<\/p>\n<p><a href=\"https:\/\/drive.google.com\/file\/d\/1WDzTIamYfv5ai9J2WBX5mMhEuE0LzFqB\/view?usp=sharing\"><img loading=\"lazy\" decoding=\"async\" class=\"aligncenter size-full wp-image-8938\" src=\"https:\/\/agora.xtec.cat\/escolaelsquatrevents\/wp-content\/uploads\/usu584\/2023\/06\/havanera-12.jpg\" alt=\"\" width=\"210\" height=\"210\" srcset=\"https:\/\/agora.xtec.cat\/escolaelsquatrevents\/wp-content\/uploads\/usu584\/2023\/06\/havanera-12.jpg 210w, https:\/\/agora.xtec.cat\/escolaelsquatrevents\/wp-content\/uploads\/usu584\/2023\/06\/havanera-12-150x150.jpg 150w\" sizes=\"auto, (max-width: 210px) 100vw, 210px\" \/><\/a><\/p>\n","protected":false},"excerpt":{"rendered":"<p>Bon dia fam\u00edlies, Avui us fem arribar un petit tastet de les sessions de m\u00fasica que hem treballat a I5, m\u00e9s concretament a la classe dels bombers i bomberes. Hem fet una audici\u00f3 d&#8217;una havanera titulada la gavina, hem parlat sobre si la m\u00fasica l&#8217;han fet fa poc o fa molts anys, quins instruments podem [&hellip;]<\/p>\n","protected":false},"author":3,"featured_media":8938,"comment_status":"closed","ping_status":"closed","sticky":false,"template":"","format":"standard","meta":{"_bbp_topic_count":0,"_bbp_reply_count":0,"_bbp_total_topic_count":0,"_bbp_total_reply_count":0,"_bbp_voice_count":0,"_bbp_anonymous_reply_count":0,"_bbp_topic_count_hidden":0,"_bbp_reply_count_hidden":0,"_bbp_forum_subforum_count":0,"site-sidebar-layout":"default","site-content-layout":"","ast-site-content-layout":"","site-content-style":"default","site-sidebar-style":"default","ast-global-header-display":"","ast-banner-title-visibility":"","ast-main-header-display":"","ast-hfb-above-header-display":"","ast-hfb-below-header-display":"","ast-hfb-mobile-header-display":"","site-post-title":"","ast-breadcrumbs-content":"","ast-featured-img":"","footer-sml-layout":"","theme-transparent-header-meta":"","adv-header-id-meta":"","stick-header-meta":"","header-above-stick-meta":"","header-main-stick-meta":"","header-below-stick-meta":"","astra-migrate-meta-layouts":"default","ast-page-background-enabled":"default","ast-page-background-meta":{"desktop":{"background-color":"var(--ast-global-color-4)","background-image":"","background-repeat":"repeat","background-position":"center center","background-size":"auto","background-attachment":"scroll","background-type":"","background-media":"","overlay-type":"","overlay-color":"","overlay-opacity":"","overlay-gradient":""},"tablet":{"background-color":"","background-image":"","background-repeat":"repeat","background-position":"center center","background-size":"auto","background-attachment":"scroll","background-type":"","background-media":"","overlay-type":"","overlay-color":"","overlay-opacity":"","overlay-gradient":""},"mobile":{"background-color":"","background-image":"","background-repeat":"repeat","background-position":"center center","background-size":"auto","background-attachment":"scroll","background-type":"","background-media":"","overlay-type":"","overlay-color":"","overlay-opacity":"","overlay-gradient":""}},"ast-content-background-meta":{"desktop":{"background-color":"var(--ast-global-color-5)","background-image":"","background-repeat":"repeat","background-position":"center center","background-size":"auto","background-attachment":"scroll","background-type":"","background-media":"","overlay-type":"","overlay-color":"","overlay-opacity":"","overlay-gradient":""},"tablet":{"background-color":"var(--ast-global-color-5)","background-image":"","background-repeat":"repeat","background-position":"center center","background-size":"auto","background-attachment":"scroll","background-type":"","background-media":"","overlay-type":"","overlay-color":"","overlay-opacity":"","overlay-gradient":""},"mobile":{"background-color":"var(--ast-global-color-5)","background-image":"","background-repeat":"repeat","background-position":"center center","background-size":"auto","background-attachment":"scroll","background-type":"","background-media":"","overlay-type":"","overlay-color":"","overlay-opacity":"","overlay-gradient":""}},"footnotes":""},"categories":[22,1,4],"tags":[425,131,420,55,25],"class_list":["post-8937","post","type-post","status-publish","format-standard","has-post-thumbnail","hentry","category-petits","category-general","category-portada","tag-audicio","tag-comunitat-de-petits","tag-i5","tag-musica","tag-petits"],"post_mailing_queue_ids":[],"_links":{"self":[{"href":"https:\/\/agora.xtec.cat\/escolaelsquatrevents\/wp-json\/wp\/v2\/posts\/8937","targetHints":{"allow":["GET"]}}],"collection":[{"href":"https:\/\/agora.xtec.cat\/escolaelsquatrevents\/wp-json\/wp\/v2\/posts"}],"about":[{"href":"https:\/\/agora.xtec.cat\/escolaelsquatrevents\/wp-json\/wp\/v2\/types\/post"}],"author":[{"embeddable":true,"href":"https:\/\/agora.xtec.cat\/escolaelsquatrevents\/wp-json\/wp\/v2\/users\/3"}],"replies":[{"embeddable":true,"href":"https:\/\/agora.xtec.cat\/escolaelsquatrevents\/wp-json\/wp\/v2\/comments?post=8937"}],"version-history":[{"count":3,"href":"https:\/\/agora.xtec.cat\/escolaelsquatrevents\/wp-json\/wp\/v2\/posts\/8937\/revisions"}],"predecessor-version":[{"id":8950,"href":"https:\/\/agora.xtec.cat\/escolaelsquatrevents\/wp-json\/wp\/v2\/posts\/8937\/revisions\/8950"}],"wp:featuredmedia":[{"embeddable":true,"href":"https:\/\/agora.xtec.cat\/escolaelsquatrevents\/wp-json\/wp\/v2\/media\/8938"}],"wp:attachment":[{"href":"https:\/\/agora.xtec.cat\/escolaelsquatrevents\/wp-json\/wp\/v2\/media?parent=8937"}],"wp:term":[{"taxonomy":"category","embeddable":true,"href":"https:\/\/agora.xtec.cat\/escolaelsquatrevents\/wp-json\/wp\/v2\/categories?post=8937"},{"taxonomy":"post_tag","embeddable":true,"href":"https:\/\/agora.xtec.cat\/escolaelsquatrevents\/wp-json\/wp\/v2\/tags?post=8937"}],"curies":[{"name":"wp","href":"https:\/\/api.w.org\/{rel}","templated":true}]}}