{"id":8876,"date":"2023-06-08T10:11:32","date_gmt":"2023-06-08T08:11:32","guid":{"rendered":"https:\/\/agora.xtec.cat\/escolaelsquatrevents\/?p=8876"},"modified":"2023-06-08T13:32:30","modified_gmt":"2023-06-08T11:32:30","slug":"racons-de-catala-a-1r-2","status":"publish","type":"post","link":"https:\/\/agora.xtec.cat\/escolaelsquatrevents\/general\/racons-de-catala-a-1r-2\/","title":{"rendered":"RACONS DE CATAL\u00c0 A 1r"},"content":{"rendered":"<p>Durant el tercer trimestre, els infants de 1r hem fet un munt de racons de Catal\u00e0 i hem apr\u00e8s molt\u00edssim. Ens hem centrat en la consci\u00e8ncia fonol\u00f2gica, la comprensi\u00f3 lectora de paraules i frases, l&#8217;escriptura de frases i el coneixement de la llengua en general. Ens ha agradat molt aprendre de manera manipulativa.<\/p>\n<p>Aqu\u00ed teniu algunes fotos, esperem que us agradin!<\/p>\n<p><a href=\"https:\/\/drive.google.com\/drive\/u\/1\/folders\/1oDWNn15vcMTgBwBYtmz4JQ8Phz43Cn5e\"><img loading=\"lazy\" decoding=\"async\" class=\"aligncenter size-medium wp-image-8877\" src=\"https:\/\/agora.xtec.cat\/escolaelsquatrevents\/wp-content\/uploads\/usu584\/2023\/06\/WhatsApp-Image-2023-06-08-at-09.45.38-300x165.jpeg\" alt=\"\" width=\"300\" height=\"165\" srcset=\"https:\/\/agora.xtec.cat\/escolaelsquatrevents\/wp-content\/uploads\/usu584\/2023\/06\/WhatsApp-Image-2023-06-08-at-09.45.38-300x165.jpeg 300w, https:\/\/agora.xtec.cat\/escolaelsquatrevents\/wp-content\/uploads\/usu584\/2023\/06\/WhatsApp-Image-2023-06-08-at-09.45.38-1024x564.jpeg 1024w, https:\/\/agora.xtec.cat\/escolaelsquatrevents\/wp-content\/uploads\/usu584\/2023\/06\/WhatsApp-Image-2023-06-08-at-09.45.38-768x423.jpeg 768w, https:\/\/agora.xtec.cat\/escolaelsquatrevents\/wp-content\/uploads\/usu584\/2023\/06\/WhatsApp-Image-2023-06-08-at-09.45.38.jpeg 1170w\" sizes=\"auto, (max-width: 300px) 100vw, 300px\" \/><\/a><\/p>\n","protected":false},"excerpt":{"rendered":"<p>Durant el tercer trimestre, els infants de 1r hem fet un munt de racons de Catal\u00e0 i hem apr\u00e8s molt\u00edssim. Ens hem centrat en la consci\u00e8ncia fonol\u00f2gica, la comprensi\u00f3 lectora de paraules i frases, l&#8217;escriptura de frases i el coneixement de la llengua en general. Ens ha agradat molt aprendre de manera manipulativa. Aqu\u00ed teniu [&hellip;]<\/p>\n","protected":false},"author":3,"featured_media":8877,"comment_status":"closed","ping_status":"closed","sticky":false,"template":"","format":"standard","meta":{"_bbp_topic_count":0,"_bbp_reply_count":0,"_bbp_total_topic_count":0,"_bbp_total_reply_count":0,"_bbp_voice_count":0,"_bbp_anonymous_reply_count":0,"_bbp_topic_count_hidden":0,"_bbp_reply_count_hidden":0,"_bbp_forum_subforum_count":0,"site-sidebar-layout":"default","site-content-layout":"","ast-site-content-layout":"","site-content-style":"default","site-sidebar-style":"default","ast-global-header-display":"","ast-banner-title-visibility":"","ast-main-header-display":"","ast-hfb-above-header-display":"","ast-hfb-below-header-display":"","ast-hfb-mobile-header-display":"","site-post-title":"","ast-breadcrumbs-content":"","ast-featured-img":"","footer-sml-layout":"","theme-transparent-header-meta":"","adv-header-id-meta":"","stick-header-meta":"","header-above-stick-meta":"","header-main-stick-meta":"","header-below-stick-meta":"","astra-migrate-meta-layouts":"default","ast-page-background-enabled":"default","ast-page-background-meta":{"desktop":{"background-color":"var(--ast-global-color-4)","background-image":"","background-repeat":"repeat","background-position":"center center","background-size":"auto","background-attachment":"scroll","background-type":"","background-media":"","overlay-type":"","overlay-color":"","overlay-opacity":"","overlay-gradient":""},"tablet":{"background-color":"","background-image":"","background-repeat":"repeat","background-position":"center center","background-size":"auto","background-attachment":"scroll","background-type":"","background-media":"","overlay-type":"","overlay-color":"","overlay-opacity":"","overlay-gradient":""},"mobile":{"background-color":"","background-image":"","background-repeat":"repeat","background-position":"center center","background-size":"auto","background-attachment":"scroll","background-type":"","background-media":"","overlay-type":"","overlay-color":"","overlay-opacity":"","overlay-gradient":""}},"ast-content-background-meta":{"desktop":{"background-color":"var(--ast-global-color-5)","background-image":"","background-repeat":"repeat","background-position":"center center","background-size":"auto","background-attachment":"scroll","background-type":"","background-media":"","overlay-type":"","overlay-color":"","overlay-opacity":"","overlay-gradient":""},"tablet":{"background-color":"var(--ast-global-color-5)","background-image":"","background-repeat":"repeat","background-position":"center center","background-size":"auto","background-attachment":"scroll","background-type":"","background-media":"","overlay-type":"","overlay-color":"","overlay-opacity":"","overlay-gradient":""},"mobile":{"background-color":"var(--ast-global-color-5)","background-image":"","background-repeat":"repeat","background-position":"center center","background-size":"auto","background-attachment":"scroll","background-type":"","background-media":"","overlay-type":"","overlay-color":"","overlay-opacity":"","overlay-gradient":""}},"footnotes":""},"categories":[3,1,4],"tags":[105,18,133],"class_list":["post-8876","post","type-post","status-publish","format-standard","has-post-thumbnail","hentry","category-mitjans","category-general","category-portada","tag-1r","tag-act-classe","tag-comunitat-de-mitjans"],"post_mailing_queue_ids":[],"_links":{"self":[{"href":"https:\/\/agora.xtec.cat\/escolaelsquatrevents\/wp-json\/wp\/v2\/posts\/8876","targetHints":{"allow":["GET"]}}],"collection":[{"href":"https:\/\/agora.xtec.cat\/escolaelsquatrevents\/wp-json\/wp\/v2\/posts"}],"about":[{"href":"https:\/\/agora.xtec.cat\/escolaelsquatrevents\/wp-json\/wp\/v2\/types\/post"}],"author":[{"embeddable":true,"href":"https:\/\/agora.xtec.cat\/escolaelsquatrevents\/wp-json\/wp\/v2\/users\/3"}],"replies":[{"embeddable":true,"href":"https:\/\/agora.xtec.cat\/escolaelsquatrevents\/wp-json\/wp\/v2\/comments?post=8876"}],"version-history":[{"count":2,"href":"https:\/\/agora.xtec.cat\/escolaelsquatrevents\/wp-json\/wp\/v2\/posts\/8876\/revisions"}],"predecessor-version":[{"id":8879,"href":"https:\/\/agora.xtec.cat\/escolaelsquatrevents\/wp-json\/wp\/v2\/posts\/8876\/revisions\/8879"}],"wp:featuredmedia":[{"embeddable":true,"href":"https:\/\/agora.xtec.cat\/escolaelsquatrevents\/wp-json\/wp\/v2\/media\/8877"}],"wp:attachment":[{"href":"https:\/\/agora.xtec.cat\/escolaelsquatrevents\/wp-json\/wp\/v2\/media?parent=8876"}],"wp:term":[{"taxonomy":"category","embeddable":true,"href":"https:\/\/agora.xtec.cat\/escolaelsquatrevents\/wp-json\/wp\/v2\/categories?post=8876"},{"taxonomy":"post_tag","embeddable":true,"href":"https:\/\/agora.xtec.cat\/escolaelsquatrevents\/wp-json\/wp\/v2\/tags?post=8876"}],"curies":[{"name":"wp","href":"https:\/\/api.w.org\/{rel}","templated":true}]}}