{"id":8721,"date":"2023-03-23T21:55:29","date_gmt":"2023-03-23T20:55:29","guid":{"rendered":"https:\/\/agora.xtec.cat\/escolaelsquatrevents\/?p=8721"},"modified":"2023-03-23T21:55:29","modified_gmt":"2023-03-23T20:55:29","slug":"jobshadowing-acores-2","status":"publish","type":"post","link":"https:\/\/agora.xtec.cat\/escolaelsquatrevents\/general\/jobshadowing-acores-2\/","title":{"rendered":"Jobshadowing A\u00e7ores 2"},"content":{"rendered":"<p><span style=\"font-weight: 400;\">Ja portem uns dies visitant l\u2019escola Francisco Ferreira Drummond i el seu alumnat. Dimecres al mat\u00ed vam anar a la classe de 6\u00e8 A per fer una trobada virtual amb els nostres alumnes de 6\u00e8 de La Torreta i de l\u2019escola Els Quatre Vents. Es van intercanviar preguntes sobre les tradicions del Nadal, menjar, de l\u2019escola\u2026 i estem segures que d\u2019aqu\u00ed sortir\u00e0 un projecte moooolt interessant! Vam poder veure que, malgrat la barrera de l\u2019idioma i la dist\u00e0ncia, la comunicaci\u00f3 va ser enriquidora.\u00a0<\/span><\/p>\n<p><img loading=\"lazy\" decoding=\"async\" class=\"alignnone size-full wp-image-8726\" src=\"https:\/\/agora.xtec.cat\/escolaelsquatrevents\/wp-content\/uploads\/usu584\/2023\/03\/07eb736f-f08e-42b5-8a5e-4088f0eb9ff3.jpg\" alt=\"\" width=\"1024\" height=\"768\" srcset=\"https:\/\/agora.xtec.cat\/escolaelsquatrevents\/wp-content\/uploads\/usu584\/2023\/03\/07eb736f-f08e-42b5-8a5e-4088f0eb9ff3.jpg 1024w, https:\/\/agora.xtec.cat\/escolaelsquatrevents\/wp-content\/uploads\/usu584\/2023\/03\/07eb736f-f08e-42b5-8a5e-4088f0eb9ff3-300x225.jpg 300w, https:\/\/agora.xtec.cat\/escolaelsquatrevents\/wp-content\/uploads\/usu584\/2023\/03\/07eb736f-f08e-42b5-8a5e-4088f0eb9ff3-768x576.jpg 768w, https:\/\/agora.xtec.cat\/escolaelsquatrevents\/wp-content\/uploads\/usu584\/2023\/03\/07eb736f-f08e-42b5-8a5e-4088f0eb9ff3-200x150.jpg 200w\" sizes=\"auto, (max-width: 1024px) 100vw, 1024px\" \/><\/p>\n<p><span style=\"font-weight: 400;\">Tamb\u00e9 amb 6\u00e8 vam assistir a una classe d\u2019angl\u00e8s dins del projecte pilot de \u201cmanuais digitais\u201d. Cadasc\u00fa disposava d\u2019una tauleta per fer els exercicis de llibre digital.\u00a0<\/span><\/p>\n<p><span style=\"font-weight: 400;\">A les aules d\u2019infantil (\u201csalas de pr\u00e9\u201d) vam poder veure la gradaci\u00f3 del mobiliari entre els tres nivells (3 anys, 4 anys i 5 anys) i algunes de les seves propostes.\u00a0<\/span><\/p>\n<p><img loading=\"lazy\" decoding=\"async\" class=\"alignnone size-full wp-image-8725\" src=\"https:\/\/agora.xtec.cat\/escolaelsquatrevents\/wp-content\/uploads\/usu584\/2023\/03\/e826601e-9135-4f9b-b0c2-f0f183be0392.jpg\" alt=\"\" width=\"1024\" height=\"768\" srcset=\"https:\/\/agora.xtec.cat\/escolaelsquatrevents\/wp-content\/uploads\/usu584\/2023\/03\/e826601e-9135-4f9b-b0c2-f0f183be0392.jpg 1024w, https:\/\/agora.xtec.cat\/escolaelsquatrevents\/wp-content\/uploads\/usu584\/2023\/03\/e826601e-9135-4f9b-b0c2-f0f183be0392-300x225.jpg 300w, https:\/\/agora.xtec.cat\/escolaelsquatrevents\/wp-content\/uploads\/usu584\/2023\/03\/e826601e-9135-4f9b-b0c2-f0f183be0392-768x576.jpg 768w, https:\/\/agora.xtec.cat\/escolaelsquatrevents\/wp-content\/uploads\/usu584\/2023\/03\/e826601e-9135-4f9b-b0c2-f0f183be0392-200x150.jpg 200w\" sizes=\"auto, (max-width: 1024px) 100vw, 1024px\" \/><\/p>\n<p><span style=\"font-weight: 400;\">Fin<\/span><span style=\"font-weight: 400;\">alment vam assistir a una sessi\u00f3 d\u2019<\/span><span style=\"font-weight: 400;\">UBBU: un programa pagat pel govern de les A\u00e7ores pel 1r i 2n cicle (de 1r a 6\u00e8) que ofereix una plataforma digital per mestres i alumnes, per tal de treballar tots els conceptes relacionats amb la computaci\u00f3, programaci\u00f3, projectes\u2026 tot relacionant tots aquests aspectes amb STEAM i ODS. (<\/span><a href=\"https:\/\/es.ubbu.io\/curriculum\"><span style=\"font-weight: 400;\">https:\/\/es.ubbu.io\/curriculum<\/span><\/a><span style=\"font-weight: 400;\">)\u00a0<\/span><\/p>\n<p><img loading=\"lazy\" decoding=\"async\" class=\"alignnone size-full wp-image-8723\" src=\"https:\/\/agora.xtec.cat\/escolaelsquatrevents\/wp-content\/uploads\/usu584\/2023\/03\/9a1c2688-0a0e-4194-9d4d-7255220eb4ca.jpg\" alt=\"\" width=\"1024\" height=\"433\" srcset=\"https:\/\/agora.xtec.cat\/escolaelsquatrevents\/wp-content\/uploads\/usu584\/2023\/03\/9a1c2688-0a0e-4194-9d4d-7255220eb4ca.jpg 1024w, https:\/\/agora.xtec.cat\/escolaelsquatrevents\/wp-content\/uploads\/usu584\/2023\/03\/9a1c2688-0a0e-4194-9d4d-7255220eb4ca-300x127.jpg 300w, https:\/\/agora.xtec.cat\/escolaelsquatrevents\/wp-content\/uploads\/usu584\/2023\/03\/9a1c2688-0a0e-4194-9d4d-7255220eb4ca-768x325.jpg 768w\" sizes=\"auto, (max-width: 1024px) 100vw, 1024px\" \/><\/p>\n<p><span style=\"font-weight: 400;\">Aquesta escola administra, tamb\u00e9, l\u2019escola EB1\/JI de Porto Judeu, que \u00e9s un centre m\u00e9s petit que es troba a pocs quil\u00f2metres i a la qual hi ha alumnat des dels 3 anys fins a 4t de prim\u00e0ria (pr\u00e9 i 1r cicle). \u00c9s una escola amb un claustre m\u00e9s redu\u00eft i un edifici m\u00e9s antic que li d\u00f3na un caire m\u00e9s familiar. Aqu\u00ed hem vist les rutines d\u2019infantil (que estan els tres nivells en una sola classe) i un experiment sobre el cicle de l\u2019aigua. Despr\u00e9s hem vist l\u2019educaci\u00f3 f\u00edsica i la m\u00fasica dels dos grups de 3r. Finalment hem vist una classe de matem\u00e0tiques de treball de patrons geom\u00e8trics a 4t. Precisament en aquest grup hi ha dues alumnes que marxaran en breu a Sevilla amb la seva tutora per fer una mobilitat dins d\u2019un dels projectes Erasmus que tenen.\u00a0\u00a0<\/span><\/p>\n<p><img loading=\"lazy\" decoding=\"async\" class=\"alignnone size-full wp-image-8724\" src=\"https:\/\/agora.xtec.cat\/escolaelsquatrevents\/wp-content\/uploads\/usu584\/2023\/03\/fc9dc910-8bd0-4f5a-8fd5-ec545541d3e2.jpg\" alt=\"\" width=\"1024\" height=\"768\" srcset=\"https:\/\/agora.xtec.cat\/escolaelsquatrevents\/wp-content\/uploads\/usu584\/2023\/03\/fc9dc910-8bd0-4f5a-8fd5-ec545541d3e2.jpg 1024w, https:\/\/agora.xtec.cat\/escolaelsquatrevents\/wp-content\/uploads\/usu584\/2023\/03\/fc9dc910-8bd0-4f5a-8fd5-ec545541d3e2-300x225.jpg 300w, https:\/\/agora.xtec.cat\/escolaelsquatrevents\/wp-content\/uploads\/usu584\/2023\/03\/fc9dc910-8bd0-4f5a-8fd5-ec545541d3e2-768x576.jpg 768w, https:\/\/agora.xtec.cat\/escolaelsquatrevents\/wp-content\/uploads\/usu584\/2023\/03\/fc9dc910-8bd0-4f5a-8fd5-ec545541d3e2-200x150.jpg 200w\" sizes=\"auto, (max-width: 1024px) 100vw, 1024px\" \/><\/p>\n<p><span style=\"font-weight: 400;\">Totes les classes que hem pogut veure es caracteritzaven per molt silenci, disciplina, atenci\u00f3 i respecte. Ens ha cridat l\u2019atenci\u00f3 les piles de llibres de sobre les taules i el fet que les entrades, patis i sortides no siguin a c\u00e0rrec de mestres sin\u00f3 de monitors (\u201cfuncionarios\u201d).<\/span><\/p>\n<p><span style=\"font-weight: 400;\">La nostra valoraci\u00f3 global \u00e9s molt positiva perqu\u00e8 veiem uns bons resultats educatius de l\u2019alumnat i una bona disposici\u00f3 vers les propostes educatives.\u00a0<\/span><\/p>\n","protected":false},"excerpt":{"rendered":"<p>Ja portem uns dies visitant l\u2019escola Francisco Ferreira Drummond i el seu alumnat. Dimecres al mat\u00ed vam anar a la classe de 6\u00e8 A per fer una trobada virtual amb els nostres alumnes de 6\u00e8 de La Torreta i de l\u2019escola Els Quatre Vents. Es van intercanviar preguntes sobre les tradicions del Nadal, menjar, de [&hellip;]<\/p>\n","protected":false},"author":1,"featured_media":8724,"comment_status":"closed","ping_status":"closed","sticky":false,"template":"","format":"standard","meta":{"_bbp_topic_count":0,"_bbp_reply_count":0,"_bbp_total_topic_count":0,"_bbp_total_reply_count":0,"_bbp_voice_count":0,"_bbp_anonymous_reply_count":0,"_bbp_topic_count_hidden":0,"_bbp_reply_count_hidden":0,"_bbp_forum_subforum_count":0,"site-sidebar-layout":"default","site-content-layout":"","ast-site-content-layout":"","site-content-style":"default","site-sidebar-style":"default","ast-global-header-display":"","ast-banner-title-visibility":"","ast-main-header-display":"","ast-hfb-above-header-display":"","ast-hfb-below-header-display":"","ast-hfb-mobile-header-display":"","site-post-title":"","ast-breadcrumbs-content":"","ast-featured-img":"","footer-sml-layout":"","theme-transparent-header-meta":"","adv-header-id-meta":"","stick-header-meta":"","header-above-stick-meta":"","header-main-stick-meta":"","header-below-stick-meta":"","astra-migrate-meta-layouts":"default","ast-page-background-enabled":"default","ast-page-background-meta":{"desktop":{"background-color":"var(--ast-global-color-4)","background-image":"","background-repeat":"repeat","background-position":"center center","background-size":"auto","background-attachment":"scroll","background-type":"","background-media":"","overlay-type":"","overlay-color":"","overlay-opacity":"","overlay-gradient":""},"tablet":{"background-color":"","background-image":"","background-repeat":"repeat","background-position":"center center","background-size":"auto","background-attachment":"scroll","background-type":"","background-media":"","overlay-type":"","overlay-color":"","overlay-opacity":"","overlay-gradient":""},"mobile":{"background-color":"","background-image":"","background-repeat":"repeat","background-position":"center center","background-size":"auto","background-attachment":"scroll","background-type":"","background-media":"","overlay-type":"","overlay-color":"","overlay-opacity":"","overlay-gradient":""}},"ast-content-background-meta":{"desktop":{"background-color":"var(--ast-global-color-5)","background-image":"","background-repeat":"repeat","background-position":"center center","background-size":"auto","background-attachment":"scroll","background-type":"","background-media":"","overlay-type":"","overlay-color":"","overlay-opacity":"","overlay-gradient":""},"tablet":{"background-color":"var(--ast-global-color-5)","background-image":"","background-repeat":"repeat","background-position":"center center","background-size":"auto","background-attachment":"scroll","background-type":"","background-media":"","overlay-type":"","overlay-color":"","overlay-opacity":"","overlay-gradient":""},"mobile":{"background-color":"var(--ast-global-color-5)","background-image":"","background-repeat":"repeat","background-position":"center center","background-size":"auto","background-attachment":"scroll","background-type":"","background-media":"","overlay-type":"","overlay-color":"","overlay-opacity":"","overlay-gradient":""}},"footnotes":""},"categories":[377,1,4],"tags":[331],"class_list":["post-8721","post","type-post","status-publish","format-standard","has-post-thumbnail","hentry","category-erasmus","category-general","category-portada","tag-erasmus"],"post_mailing_queue_ids":[],"_links":{"self":[{"href":"https:\/\/agora.xtec.cat\/escolaelsquatrevents\/wp-json\/wp\/v2\/posts\/8721","targetHints":{"allow":["GET"]}}],"collection":[{"href":"https:\/\/agora.xtec.cat\/escolaelsquatrevents\/wp-json\/wp\/v2\/posts"}],"about":[{"href":"https:\/\/agora.xtec.cat\/escolaelsquatrevents\/wp-json\/wp\/v2\/types\/post"}],"author":[{"embeddable":true,"href":"https:\/\/agora.xtec.cat\/escolaelsquatrevents\/wp-json\/wp\/v2\/users\/1"}],"replies":[{"embeddable":true,"href":"https:\/\/agora.xtec.cat\/escolaelsquatrevents\/wp-json\/wp\/v2\/comments?post=8721"}],"version-history":[{"count":1,"href":"https:\/\/agora.xtec.cat\/escolaelsquatrevents\/wp-json\/wp\/v2\/posts\/8721\/revisions"}],"predecessor-version":[{"id":8727,"href":"https:\/\/agora.xtec.cat\/escolaelsquatrevents\/wp-json\/wp\/v2\/posts\/8721\/revisions\/8727"}],"wp:featuredmedia":[{"embeddable":true,"href":"https:\/\/agora.xtec.cat\/escolaelsquatrevents\/wp-json\/wp\/v2\/media\/8724"}],"wp:attachment":[{"href":"https:\/\/agora.xtec.cat\/escolaelsquatrevents\/wp-json\/wp\/v2\/media?parent=8721"}],"wp:term":[{"taxonomy":"category","embeddable":true,"href":"https:\/\/agora.xtec.cat\/escolaelsquatrevents\/wp-json\/wp\/v2\/categories?post=8721"},{"taxonomy":"post_tag","embeddable":true,"href":"https:\/\/agora.xtec.cat\/escolaelsquatrevents\/wp-json\/wp\/v2\/tags?post=8721"}],"curies":[{"name":"wp","href":"https:\/\/api.w.org\/{rel}","templated":true}]}}