{"id":8584,"date":"2023-02-21T13:04:37","date_gmt":"2023-02-21T12:04:37","guid":{"rendered":"https:\/\/agora.xtec.cat\/escolaelsquatrevents\/?p=8584"},"modified":"2023-02-21T13:04:37","modified_gmt":"2023-02-21T12:04:37","slug":"la-mesura-a-mates","status":"publish","type":"post","link":"https:\/\/agora.xtec.cat\/escolaelsquatrevents\/petits\/la-mesura-a-mates\/","title":{"rendered":"La mesura a Mates"},"content":{"rendered":"<p>Benvolgudes fam\u00edlies,<\/p>\n<p>Ens hem adonat que mica en mica ens anem fent grans i cada vegada pesem m\u00e9s! Des de mates ens fascina comprovar com de gran soc jo i quan pesa l&#8217;altre! Per aix\u00f2, durant aquest trimestre hi ha ahgut racons dedicats a aquestes experi\u00e8ncies, aprenent a utilitzar les eines adequades per poder mesurar i pesar objectes grans i petits de la classe o a nosaltres mateixos.<\/p>\n<p>Tot seguit podeu veure un recull de fotografies dels racons de mesura i pes que portem a terme dins l&#8217;aula.<\/p>\n<p>Podeu clicar sobre la fotografia.<a href=\"https:\/\/drive.google.com\/drive\/folders\/1-6eQb7Hu0uX7Iy8I5LK3qXZaQ9GjbLnT?usp=share_link\"><img loading=\"lazy\" decoding=\"async\" class=\"aligncenter  wp-image-8585\" src=\"https:\/\/agora.xtec.cat\/escolaelsquatrevents\/wp-content\/uploads\/usu584\/2023\/02\/IMG_20221129_095350-300x225.jpg\" alt=\"\" width=\"186\" height=\"140\" srcset=\"https:\/\/agora.xtec.cat\/escolaelsquatrevents\/wp-content\/uploads\/usu584\/2023\/02\/IMG_20221129_095350-300x225.jpg 300w, https:\/\/agora.xtec.cat\/escolaelsquatrevents\/wp-content\/uploads\/usu584\/2023\/02\/IMG_20221129_095350-1024x768.jpg 1024w, https:\/\/agora.xtec.cat\/escolaelsquatrevents\/wp-content\/uploads\/usu584\/2023\/02\/IMG_20221129_095350-768x576.jpg 768w, https:\/\/agora.xtec.cat\/escolaelsquatrevents\/wp-content\/uploads\/usu584\/2023\/02\/IMG_20221129_095350-1536x1152.jpg 1536w, https:\/\/agora.xtec.cat\/escolaelsquatrevents\/wp-content\/uploads\/usu584\/2023\/02\/IMG_20221129_095350-2048x1536.jpg 2048w, https:\/\/agora.xtec.cat\/escolaelsquatrevents\/wp-content\/uploads\/usu584\/2023\/02\/IMG_20221129_095350-200x150.jpg 200w\" sizes=\"auto, (max-width: 186px) 100vw, 186px\" \/><\/a><\/p>\n","protected":false},"excerpt":{"rendered":"<p>Benvolgudes fam\u00edlies, Ens hem adonat que mica en mica ens anem fent grans i cada vegada pesem m\u00e9s! Des de mates ens fascina comprovar com de gran soc jo i quan pesa l&#8217;altre! Per aix\u00f2, durant aquest trimestre hi ha ahgut racons dedicats a aquestes experi\u00e8ncies, aprenent a utilitzar les eines adequades per poder mesurar [&hellip;]<\/p>\n","protected":false},"author":3,"featured_media":8585,"comment_status":"closed","ping_status":"closed","sticky":false,"template":"","format":"standard","meta":{"_bbp_topic_count":0,"_bbp_reply_count":0,"_bbp_total_topic_count":0,"_bbp_total_reply_count":0,"_bbp_voice_count":0,"_bbp_anonymous_reply_count":0,"_bbp_topic_count_hidden":0,"_bbp_reply_count_hidden":0,"_bbp_forum_subforum_count":0,"site-sidebar-layout":"default","site-content-layout":"","ast-site-content-layout":"","site-content-style":"default","site-sidebar-style":"default","ast-global-header-display":"","ast-banner-title-visibility":"","ast-main-header-display":"","ast-hfb-above-header-display":"","ast-hfb-below-header-display":"","ast-hfb-mobile-header-display":"","site-post-title":"","ast-breadcrumbs-content":"","ast-featured-img":"","footer-sml-layout":"","theme-transparent-header-meta":"","adv-header-id-meta":"","stick-header-meta":"","header-above-stick-meta":"","header-main-stick-meta":"","header-below-stick-meta":"","astra-migrate-meta-layouts":"default","ast-page-background-enabled":"default","ast-page-background-meta":{"desktop":{"background-color":"var(--ast-global-color-4)","background-image":"","background-repeat":"repeat","background-position":"center center","background-size":"auto","background-attachment":"scroll","background-type":"","background-media":"","overlay-type":"","overlay-color":"","overlay-opacity":"","overlay-gradient":""},"tablet":{"background-color":"","background-image":"","background-repeat":"repeat","background-position":"center center","background-size":"auto","background-attachment":"scroll","background-type":"","background-media":"","overlay-type":"","overlay-color":"","overlay-opacity":"","overlay-gradient":""},"mobile":{"background-color":"","background-image":"","background-repeat":"repeat","background-position":"center center","background-size":"auto","background-attachment":"scroll","background-type":"","background-media":"","overlay-type":"","overlay-color":"","overlay-opacity":"","overlay-gradient":""}},"ast-content-background-meta":{"desktop":{"background-color":"var(--ast-global-color-5)","background-image":"","background-repeat":"repeat","background-position":"center center","background-size":"auto","background-attachment":"scroll","background-type":"","background-media":"","overlay-type":"","overlay-color":"","overlay-opacity":"","overlay-gradient":""},"tablet":{"background-color":"var(--ast-global-color-5)","background-image":"","background-repeat":"repeat","background-position":"center center","background-size":"auto","background-attachment":"scroll","background-type":"","background-media":"","overlay-type":"","overlay-color":"","overlay-opacity":"","overlay-gradient":""},"mobile":{"background-color":"var(--ast-global-color-5)","background-image":"","background-repeat":"repeat","background-position":"center center","background-size":"auto","background-attachment":"scroll","background-type":"","background-media":"","overlay-type":"","overlay-color":"","overlay-opacity":"","overlay-gradient":""}},"footnotes":""},"categories":[22,69],"tags":[131,112],"class_list":["post-8584","post","type-post","status-publish","format-standard","has-post-thumbnail","hentry","category-petits","category-mates-oaoa","tag-comunitat-de-petits","tag-matematiques"],"post_mailing_queue_ids":[],"_links":{"self":[{"href":"https:\/\/agora.xtec.cat\/escolaelsquatrevents\/wp-json\/wp\/v2\/posts\/8584","targetHints":{"allow":["GET"]}}],"collection":[{"href":"https:\/\/agora.xtec.cat\/escolaelsquatrevents\/wp-json\/wp\/v2\/posts"}],"about":[{"href":"https:\/\/agora.xtec.cat\/escolaelsquatrevents\/wp-json\/wp\/v2\/types\/post"}],"author":[{"embeddable":true,"href":"https:\/\/agora.xtec.cat\/escolaelsquatrevents\/wp-json\/wp\/v2\/users\/3"}],"replies":[{"embeddable":true,"href":"https:\/\/agora.xtec.cat\/escolaelsquatrevents\/wp-json\/wp\/v2\/comments?post=8584"}],"version-history":[{"count":2,"href":"https:\/\/agora.xtec.cat\/escolaelsquatrevents\/wp-json\/wp\/v2\/posts\/8584\/revisions"}],"predecessor-version":[{"id":8587,"href":"https:\/\/agora.xtec.cat\/escolaelsquatrevents\/wp-json\/wp\/v2\/posts\/8584\/revisions\/8587"}],"wp:featuredmedia":[{"embeddable":true,"href":"https:\/\/agora.xtec.cat\/escolaelsquatrevents\/wp-json\/wp\/v2\/media\/8585"}],"wp:attachment":[{"href":"https:\/\/agora.xtec.cat\/escolaelsquatrevents\/wp-json\/wp\/v2\/media?parent=8584"}],"wp:term":[{"taxonomy":"category","embeddable":true,"href":"https:\/\/agora.xtec.cat\/escolaelsquatrevents\/wp-json\/wp\/v2\/categories?post=8584"},{"taxonomy":"post_tag","embeddable":true,"href":"https:\/\/agora.xtec.cat\/escolaelsquatrevents\/wp-json\/wp\/v2\/tags?post=8584"}],"curies":[{"name":"wp","href":"https:\/\/api.w.org\/{rel}","templated":true}]}}