{"id":8290,"date":"2022-11-03T19:19:21","date_gmt":"2022-11-03T18:19:21","guid":{"rendered":"https:\/\/agora.xtec.cat\/escolaelsquatrevents\/?p=8290"},"modified":"2022-11-03T19:19:21","modified_gmt":"2022-11-03T18:19:21","slug":"erasmus-a-suissa-part-2","status":"publish","type":"post","link":"https:\/\/agora.xtec.cat\/escolaelsquatrevents\/general\/erasmus-a-suissa-part-2\/","title":{"rendered":"Erasmus a Su\u00efssa part 2"},"content":{"rendered":"<p><span class=\"hiddenGrammarError\" style=\"padding-bottom: 2px; background-image: url('..\/..\/..\/..\/..\/images\/squiggle.png'); background-repeat: repeat-x; background-position: left bottom; cursor: default; color: #000000; font-family: 'Open Sans', Helvetica, Arial, sans-serif; font-size: 16px; font-style: normal; font-variant-ligatures: normal; font-variant-caps: normal; font-weight: 300; letter-spacing: normal; orphans: 2; text-align: start; text-indent: 0px; text-transform: none; white-space: normal; widows: 2; word-spacing: 0px; -webkit-text-stroke-width: 0px; text-decoration-thickness: initial; text-decoration-style: initial; text-decoration-color: initial;\">Bona tarda<\/span>\u00a0fam\u00edlies!<\/p>\n<p>Ja tenim en\u00a0<span class=\"hiddenSpellError\">Ra\u00fal<\/span>\u00a0de tornada per l&#8217;escola i ens ha portat un munt d&#8217;an\u00e8cdotes extraordin\u00e0ries del que ha viscut aquesta setmana\u00a0<span class=\"hiddenSpellError\">pasada<\/span>\u00a0a Su\u00efssa. Ha vingut molt content veient que\u00a0<span class=\"hiddenGrammarError\" style=\"padding-bottom: 2px; background-image: url('..\/..\/..\/..\/..\/images\/squiggle.png'); background-repeat: repeat-x; background-position: left bottom; cursor: default; color: #000000; font-family: 'Open Sans', Helvetica, Arial, sans-serif; font-size: 16px; font-style: normal; font-variant-ligatures: normal; font-variant-caps: normal; font-weight: 300; letter-spacing: normal; orphans: 2; text-align: start; text-indent: 0px; text-transform: none; white-space: normal; widows: 2; word-spacing: 0px; -webkit-text-stroke-width: 0px; text-decoration-thickness: initial; text-decoration-style: initial; text-decoration-color: initial;\">hi han<\/span>\u00a0coses que fem b\u00e9 i ha portat algunes idees que podr\u00edem portar a terme potser en un futur. Com a un petit tastet us deixarem amb algunes curiositats que ha observat durant aquesta setmana.<\/p>\n<ul>\n<li><span class=\"hiddenSpellError\">Dorhalde<\/span>: \u00c9s una escola la qual el seu edifici t\u00e9\u00a0<span class=\"hiddenGreenError\">100<\/span>\u00a0anys d&#8217;antiguitat. Tot i que tant per dins com per fora\u00a0<span class=\"hiddenSpellError\">podr\u00eda<\/span>\u00a0ser part d&#8217;un escenari de Harry Potter ja aprofitaven molt b\u00e9 els espa\u00efs i han anat modernitzant tot per tenir-ho el m\u00e9s modern possible. A m\u00e9s tenen unes\u00a0<span class=\"hiddenSpellError\">instal\u00b7laccions<\/span>\u00a0esportives\u00a0<span class=\"hiddenSpellError\">impresionants<\/span>!<\/li>\n<li><span class=\"hiddenSpellError\">Immensee<\/span>: En aquesta escola en\u00a0<span class=\"hiddenSpellError\">Ra\u00fal<\/span>\u00a0es va trobar que tamb\u00e9 treballaven els esports i es va quedar parat quan va veure que tenien un\u00a0<span class=\"hiddenSpellError\">pump<\/span>\u00a0<span class=\"hiddenGreenError\" style=\"padding-bottom: 2px; background-image: url('..\/..\/..\/..\/..\/images\/squiggle_green.png'); background-repeat: repeat-x; background-position: left bottom; cursor: default; color: #000000; font-family: 'Open Sans', Helvetica, Arial, sans-serif; font-size: 16px; font-style: normal; font-variant-ligatures: normal; font-variant-caps: normal; font-weight: 300; letter-spacing: normal; orphans: 2; text-align: start; text-indent: 0px; text-transform: none; white-space: normal; widows: 2; word-spacing: 0px; -webkit-text-stroke-width: 0px; text-decoration-thickness: initial; text-decoration-style: initial; text-decoration-color: initial;\">track<\/span>\u00a0al pati per practicar amb bicicletes, patinets, patins,\u00a0<span class=\"hiddenSpellError\">skates<\/span>\u00a0cedit per l&#8217;ajuntament. A dins vam veure com\u00a0<span class=\"hiddenSpellError\">ten\u00eden<\/span>\u00a0molt ben organitzada una biblioteca escolar, un\u00a0<span class=\"hiddenSpellError\">b\u00fanker<\/span>\u00a0per\u00a0<span class=\"hiddenGrammarError\">protegit<\/span>-se en cas de cat\u00e0strofes i com els nens i nenes feien un clauer a la classe\u00a0<span class=\"hiddenGrammarError\">de Arts<\/span>\u00a0&amp;\u00a0<span class=\"hiddenSpellError\">Crafts<\/span>\u00a0fet amb fusta, cordill i claus.<\/li>\n<li><span class=\"hiddenSpellError\">Merlischachen<\/span>: \u00c9s l&#8217;escola m\u00e9s petita de\u00a0<span class=\"hiddenSpellError\">K\u00fcssnach<\/span>\u00a0amb una l\u00ednia<span class=\"hiddenGrammarError\" style=\"padding-bottom: 2px; background-image: url('..\/..\/..\/..\/..\/images\/squiggle.png'); background-repeat: repeat-x; background-position: left bottom; cursor: default; color: #000000; font-family: 'Open Sans', Helvetica, Arial, sans-serif; font-size: 16px; font-style: normal; font-variant-ligatures: normal; font-variant-caps: normal; font-weight: 300; letter-spacing: normal; orphans: 2; text-align: start; text-indent: 0px; text-transform: none; white-space: normal; widows: 2; word-spacing: 0px; -webkit-text-stroke-width: 0px; text-decoration-thickness: initial; text-decoration-style: initial; text-decoration-color: initial;\">\u00a0per\u00f2<\/span>\u00a0que t\u00e9 uns espais per l&#8217;esbarjo\u00a0<span class=\"hiddenSpellError\">incre\u00edbles<\/span>. En aquesta escola \u00e9s on est\u00e0 la cuina que fa els men\u00fas per a totes les escoles dels voltants. Aqu\u00ed vam poder veure que els infants a prim\u00e0ria fan servir m\u00e0quines de cosir a l&#8217;hora de fer Arts &amp;\u00a0<span class=\"hiddenSpellError\">Crafts<\/span>\u00a0i confecciones coses genials!<\/li>\n<li><span class=\"hiddenSpellError\">Seematt<\/span>: \u00c9s una escola repartida en dos edificis amb molts espais esportius coberts. Aqu\u00ed en\u00a0<span class=\"hiddenSpellError\">Ra\u00fal<\/span>\u00a0es\u00a0va estar una estona observant les aules d&#8217;infantil, l&#8217;espai\u00a0del qual\u00a0<span class=\"hiddenSpellError\">disponien<\/span>\u00a0i tot el material que tenien els infants a la seva disposici\u00f3.<\/li>\n<li><span class=\"hiddenSpellError\">Nature<\/span>\u00a0<span class=\"hiddenSpellError\">Kindergartten<\/span>: \u00c9s un projecte que nom\u00e9s t\u00e9 un any d&#8217;antiguitat on alguns infants fan educaci\u00f3 infantil dins d&#8217;una\u00a0<span class=\"hiddenSpellError\">Yuta<\/span>\u00a0de\u00a0<span class=\"hiddenSpellError\">Mongolia<\/span> i experimentant al bosc que tenen al costat!<\/li>\n<\/ul>\n<p>A part d&#8217;aix\u00f2, el <span class=\"hiddenSpellError\">Ra\u00fal<\/span> i els altres mestres van estar a diferents reunions per tal de poder veure en profunditat el sistema educatiu Su\u00eds. Feu clic a la fotografia per poder veure algunes imatges.<\/p>\n<p><a href=\"https:\/\/drive.google.com\/drive\/folders\/1gLSqKEDCEu_9SUkMkQTw2Y-ED5jkEOGK?usp=share_link\" target=\"_blank\" rel=\"noopener\"><img loading=\"lazy\" decoding=\"async\" class=\"aligncenter wp-image-8291 size-medium\" src=\"https:\/\/agora.xtec.cat\/escolaelsquatrevents\/wp-content\/uploads\/usu584\/2022\/11\/rsz_naturekindergarten0-300x135.jpg\" alt=\"\" width=\"300\" height=\"135\" srcset=\"https:\/\/agora.xtec.cat\/escolaelsquatrevents\/wp-content\/uploads\/usu584\/2022\/11\/rsz_naturekindergarten0-300x135.jpg 300w, https:\/\/agora.xtec.cat\/escolaelsquatrevents\/wp-content\/uploads\/usu584\/2022\/11\/rsz_naturekindergarten0-1024x461.jpg 1024w, https:\/\/agora.xtec.cat\/escolaelsquatrevents\/wp-content\/uploads\/usu584\/2022\/11\/rsz_naturekindergarten0-768x346.jpg 768w, https:\/\/agora.xtec.cat\/escolaelsquatrevents\/wp-content\/uploads\/usu584\/2022\/11\/rsz_naturekindergarten0-1536x691.jpg 1536w, https:\/\/agora.xtec.cat\/escolaelsquatrevents\/wp-content\/uploads\/usu584\/2022\/11\/rsz_naturekindergarten0-2048x922.jpg 2048w\" sizes=\"auto, (max-width: 300px) 100vw, 300px\" \/><\/a><\/p>\n<p>&nbsp;<\/p>\n","protected":false},"excerpt":{"rendered":"<p>Bona tarda\u00a0fam\u00edlies! Ja tenim en\u00a0Ra\u00fal\u00a0de tornada per l&#8217;escola i ens ha portat un munt d&#8217;an\u00e8cdotes extraordin\u00e0ries del que ha viscut aquesta setmana\u00a0pasada\u00a0a Su\u00efssa. Ha vingut molt content veient que\u00a0hi han\u00a0coses que fem b\u00e9 i ha portat algunes idees que podr\u00edem portar a terme potser en un futur. Com a un petit tastet us deixarem amb [&hellip;]<\/p>\n","protected":false},"author":3,"featured_media":8291,"comment_status":"closed","ping_status":"closed","sticky":false,"template":"","format":"standard","meta":{"_bbp_topic_count":0,"_bbp_reply_count":0,"_bbp_total_topic_count":0,"_bbp_total_reply_count":0,"_bbp_voice_count":0,"_bbp_anonymous_reply_count":0,"_bbp_topic_count_hidden":0,"_bbp_reply_count_hidden":0,"_bbp_forum_subforum_count":0,"site-sidebar-layout":"default","site-content-layout":"","ast-site-content-layout":"","site-content-style":"default","site-sidebar-style":"default","ast-global-header-display":"","ast-banner-title-visibility":"","ast-main-header-display":"","ast-hfb-above-header-display":"","ast-hfb-below-header-display":"","ast-hfb-mobile-header-display":"","site-post-title":"","ast-breadcrumbs-content":"","ast-featured-img":"","footer-sml-layout":"","theme-transparent-header-meta":"","adv-header-id-meta":"","stick-header-meta":"","header-above-stick-meta":"","header-main-stick-meta":"","header-below-stick-meta":"","astra-migrate-meta-layouts":"default","ast-page-background-enabled":"default","ast-page-background-meta":{"desktop":{"background-color":"var(--ast-global-color-4)","background-image":"","background-repeat":"repeat","background-position":"center center","background-size":"auto","background-attachment":"scroll","background-type":"","background-media":"","overlay-type":"","overlay-color":"","overlay-opacity":"","overlay-gradient":""},"tablet":{"background-color":"","background-image":"","background-repeat":"repeat","background-position":"center center","background-size":"auto","background-attachment":"scroll","background-type":"","background-media":"","overlay-type":"","overlay-color":"","overlay-opacity":"","overlay-gradient":""},"mobile":{"background-color":"","background-image":"","background-repeat":"repeat","background-position":"center center","background-size":"auto","background-attachment":"scroll","background-type":"","background-media":"","overlay-type":"","overlay-color":"","overlay-opacity":"","overlay-gradient":""}},"ast-content-background-meta":{"desktop":{"background-color":"var(--ast-global-color-5)","background-image":"","background-repeat":"repeat","background-position":"center center","background-size":"auto","background-attachment":"scroll","background-type":"","background-media":"","overlay-type":"","overlay-color":"","overlay-opacity":"","overlay-gradient":""},"tablet":{"background-color":"var(--ast-global-color-5)","background-image":"","background-repeat":"repeat","background-position":"center center","background-size":"auto","background-attachment":"scroll","background-type":"","background-media":"","overlay-type":"","overlay-color":"","overlay-opacity":"","overlay-gradient":""},"mobile":{"background-color":"var(--ast-global-color-5)","background-image":"","background-repeat":"repeat","background-position":"center center","background-size":"auto","background-attachment":"scroll","background-type":"","background-media":"","overlay-type":"","overlay-color":"","overlay-opacity":"","overlay-gradient":""}},"footnotes":""},"categories":[377,1,4],"tags":[404,331],"class_list":["post-8290","post","type-post","status-publish","format-standard","has-post-thumbnail","hentry","category-erasmus","category-general","category-portada","tag-alas","tag-erasmus"],"post_mailing_queue_ids":[],"_links":{"self":[{"href":"https:\/\/agora.xtec.cat\/escolaelsquatrevents\/wp-json\/wp\/v2\/posts\/8290","targetHints":{"allow":["GET"]}}],"collection":[{"href":"https:\/\/agora.xtec.cat\/escolaelsquatrevents\/wp-json\/wp\/v2\/posts"}],"about":[{"href":"https:\/\/agora.xtec.cat\/escolaelsquatrevents\/wp-json\/wp\/v2\/types\/post"}],"author":[{"embeddable":true,"href":"https:\/\/agora.xtec.cat\/escolaelsquatrevents\/wp-json\/wp\/v2\/users\/3"}],"replies":[{"embeddable":true,"href":"https:\/\/agora.xtec.cat\/escolaelsquatrevents\/wp-json\/wp\/v2\/comments?post=8290"}],"version-history":[{"count":2,"href":"https:\/\/agora.xtec.cat\/escolaelsquatrevents\/wp-json\/wp\/v2\/posts\/8290\/revisions"}],"predecessor-version":[{"id":8293,"href":"https:\/\/agora.xtec.cat\/escolaelsquatrevents\/wp-json\/wp\/v2\/posts\/8290\/revisions\/8293"}],"wp:featuredmedia":[{"embeddable":true,"href":"https:\/\/agora.xtec.cat\/escolaelsquatrevents\/wp-json\/wp\/v2\/media\/8291"}],"wp:attachment":[{"href":"https:\/\/agora.xtec.cat\/escolaelsquatrevents\/wp-json\/wp\/v2\/media?parent=8290"}],"wp:term":[{"taxonomy":"category","embeddable":true,"href":"https:\/\/agora.xtec.cat\/escolaelsquatrevents\/wp-json\/wp\/v2\/categories?post=8290"},{"taxonomy":"post_tag","embeddable":true,"href":"https:\/\/agora.xtec.cat\/escolaelsquatrevents\/wp-json\/wp\/v2\/tags?post=8290"}],"curies":[{"name":"wp","href":"https:\/\/api.w.org\/{rel}","templated":true}]}}